{"id":205286,"date":"2018-02-20T10:00:23","date_gmt":"2018-02-20T09:00:23","guid":{"rendered":"https:\/\/www.elle.be\/fr\/?p=205286"},"modified":"2018-02-20T10:34:34","modified_gmt":"2018-02-20T09:34:34","slug":"minspire-nouveau-podcast-belge-girl-power","status":"publish","type":"post","link":"https:\/\/www.elle.be\/fr\/205286-minspire-nouveau-podcast-belge-girl-power.html","title":{"rendered":"&#8220;Elle m&#8217;inspire&#8221;: le nouveau podcast belge et girl power"},"content":{"rendered":"","protected":false},"excerpt":{"rendered":"Enfin! Un podcast belge qui part \u00e0 la rencontre de femmes inspirantes, \u00e7a manquait. manquait....","protected":false},"author":46,"featured_media":205289,"comment_status":"closed","ping_status":"closed","sticky":false,"template":"","format":"standard","meta":{"_acf_changed":false,"footnotes":""},"categories":[1186,2220],"tags":[],"class_list":["post-205286","post","type-post","status-publish","format-standard","has-post-thumbnail","hentry","category-actu","category-societe"],"acf":[],"image_verticale":"205288","_yoast_wpseo_title":null,"_yoast_wpseo_metadesc":null,"_yoast_wpseo_focuskw_text_input":"Elle m'inspire","_yoast_wpseo_opengraph-title":null,"yoast_head":"<!-- This site is optimized with the Yoast SEO plugin v27.4 - https:\/\/yoast.com\/product\/yoast-seo-wordpress\/ -->\n<title>&quot;Elle m&#039;inspire&quot;: le nouveau podcast belge et girl power - ELLE.be<\/title>\n<meta name=\"description\" content=\"Enfin! Un podcast belge qui part \u00e0 la rencontre de femmes inspirantes, \u00e7a manquait. Et voil\u00e0 qu&#039;on exauce nos souhaits... La vague des podcasts engag\u00e9s\" \/>\n<meta name=\"robots\" content=\"index, follow, max-snippet:-1, max-image-preview:large, max-video-preview:-1\" \/>\n<link rel=\"canonical\" href=\"https:\/\/www.elle.be\/fr\/205286-minspire-nouveau-podcast-belge-girl-power.html\" \/>\n<meta property=\"og:locale\" content=\"fr_FR\" \/>\n<meta property=\"og:type\" content=\"article\" \/>\n<meta property=\"og:title\" content=\"&quot;Elle m&#039;inspire&quot;: le nouveau podcast belge et girl power - ELLE.be\" \/>\n<meta property=\"og:description\" content=\"Enfin! Un podcast belge qui part \u00e0 la rencontre de femmes inspirantes, \u00e7a manquait. Et voil\u00e0 qu&#039;on exauce nos souhaits... La vague des podcasts engag\u00e9s\" \/>\n<meta property=\"og:url\" content=\"https:\/\/www.elle.be\/fr\/205286-minspire-nouveau-podcast-belge-girl-power.html\" \/>\n<meta property=\"og:site_name\" content=\"ELLE.be\" \/>\n<meta property=\"article:publisher\" content=\"https:\/\/www.facebook.com\/ELLEbelgium\/\" \/>\n<meta property=\"article:published_time\" content=\"2018-02-20T09:00:23+00:00\" \/>\n<meta property=\"article:modified_time\" content=\"2018-02-20T09:34:34+00:00\" \/>\n<meta property=\"og:image\" content=\"https:\/\/www.elle.be\/fr\/wp-content\/uploads\/2018\/02\/podcasteee.jpg\" \/>\n\t<meta property=\"og:image:width\" content=\"670\" \/>\n\t<meta property=\"og:image:height\" content=\"351\" \/>\n\t<meta property=\"og:image:type\" content=\"image\/jpeg\" \/>\n<meta name=\"author\" content=\"Laurence Donis\" \/>\n<meta name=\"twitter:card\" content=\"summary_large_image\" \/>\n<meta name=\"twitter:creator\" content=\"@DonisLaurence\" \/>\n<meta name=\"twitter:site\" content=\"@ELLEBelgique\" \/>\n<meta name=\"twitter:label1\" content=\"\u00c9crit par\" \/>\n\t<meta name=\"twitter:data1\" content=\"Laurence Donis\" \/>\n\t<meta name=\"twitter:label2\" content=\"Dur\u00e9e de lecture estim\u00e9e\" \/>\n\t<meta name=\"twitter:data2\" content=\"2 minutes\" \/>\n<script type=\"application\/ld+json\" class=\"yoast-schema-graph\">{\"@context\":\"https:\\\/\\\/schema.org\",\"@graph\":[{\"@type\":\"NewsArticle\",\"@id\":\"https:\\\/\\\/www.elle.be\\\/fr\\\/205286-minspire-nouveau-podcast-belge-girl-power.html#article\",\"isPartOf\":{\"@id\":\"https:\\\/\\\/www.elle.be\\\/fr\\\/205286-minspire-nouveau-podcast-belge-girl-power.html\"},\"author\":{\"name\":\"Laurence Donis\",\"@id\":\"https:\\\/\\\/www.elle.be\\\/fr\\\/#\\\/schema\\\/person\\\/517177ad0a70e8c475948fa3169deacd\"},\"headline\":\"&#8220;Elle m&#8217;inspire&#8221;: le nouveau podcast belge et girl power\",\"datePublished\":\"2018-02-20T09:00:23+00:00\",\"dateModified\":\"2018-02-20T09:34:34+00:00\",\"mainEntityOfPage\":{\"@id\":\"https:\\\/\\\/www.elle.be\\\/fr\\\/205286-minspire-nouveau-podcast-belge-girl-power.html\"},\"wordCount\":467,\"publisher\":{\"@id\":\"https:\\\/\\\/www.elle.be\\\/fr\\\/#organization\"},\"image\":{\"@id\":\"https:\\\/\\\/www.elle.be\\\/fr\\\/205286-minspire-nouveau-podcast-belge-girl-power.html#primaryimage\"},\"thumbnailUrl\":\"https:\\\/\\\/www.elle.be\\\/fr\\\/wp-content\\\/uploads\\\/2018\\\/02\\\/podcasteee.jpg\",\"articleSection\":[\"Actu\",\"Soci\u00e9t\u00e9\"],\"inLanguage\":\"fr-FR\"},{\"@type\":\"WebPage\",\"@id\":\"https:\\\/\\\/www.elle.be\\\/fr\\\/205286-minspire-nouveau-podcast-belge-girl-power.html\",\"url\":\"https:\\\/\\\/www.elle.be\\\/fr\\\/205286-minspire-nouveau-podcast-belge-girl-power.html\",\"name\":\"\\\"Elle m'inspire\\\": le nouveau podcast belge et girl power - ELLE.be\",\"isPartOf\":{\"@id\":\"https:\\\/\\\/www.elle.be\\\/fr\\\/#website\"},\"primaryImageOfPage\":{\"@id\":\"https:\\\/\\\/www.elle.be\\\/fr\\\/205286-minspire-nouveau-podcast-belge-girl-power.html#primaryimage\"},\"image\":{\"@id\":\"https:\\\/\\\/www.elle.be\\\/fr\\\/205286-minspire-nouveau-podcast-belge-girl-power.html#primaryimage\"},\"thumbnailUrl\":\"https:\\\/\\\/www.elle.be\\\/fr\\\/wp-content\\\/uploads\\\/2018\\\/02\\\/podcasteee.jpg\",\"datePublished\":\"2018-02-20T09:00:23+00:00\",\"dateModified\":\"2018-02-20T09:34:34+00:00\",\"description\":\"Enfin! Un podcast belge qui part \u00e0 la rencontre de femmes inspirantes, \u00e7a manquait. Et voil\u00e0 qu'on exauce nos souhaits... La vague des podcasts engag\u00e9s\",\"breadcrumb\":{\"@id\":\"https:\\\/\\\/www.elle.be\\\/fr\\\/205286-minspire-nouveau-podcast-belge-girl-power.html#breadcrumb\"},\"inLanguage\":\"fr-FR\",\"potentialAction\":[{\"@type\":\"ReadAction\",\"target\":[\"https:\\\/\\\/www.elle.be\\\/fr\\\/205286-minspire-nouveau-podcast-belge-girl-power.html\"]}]},{\"@type\":\"ImageObject\",\"inLanguage\":\"fr-FR\",\"@id\":\"https:\\\/\\\/www.elle.be\\\/fr\\\/205286-minspire-nouveau-podcast-belge-girl-power.html#primaryimage\",\"url\":\"https:\\\/\\\/www.elle.be\\\/fr\\\/wp-content\\\/uploads\\\/2018\\\/02\\\/podcasteee.jpg\",\"contentUrl\":\"https:\\\/\\\/www.elle.be\\\/fr\\\/wp-content\\\/uploads\\\/2018\\\/02\\\/podcasteee.jpg\",\"width\":670,\"height\":351,\"caption\":\"Elle m'inspire\"},{\"@type\":\"BreadcrumbList\",\"@id\":\"https:\\\/\\\/www.elle.be\\\/fr\\\/205286-minspire-nouveau-podcast-belge-girl-power.html#breadcrumb\",\"itemListElement\":[{\"@type\":\"ListItem\",\"position\":1,\"name\":\"FR\",\"item\":\"https:\\\/\\\/www.elle.be\\\/fr\"},{\"@type\":\"ListItem\",\"position\":2,\"name\":\"Actu\",\"item\":\"https:\\\/\\\/www.elle.be\\\/fr\\\/actu\"},{\"@type\":\"ListItem\",\"position\":3,\"name\":\"\u00ab\u00a0Elle m&rsquo;inspire\u00a0\u00bb: le nouveau podcast belge et girl power\"}]},{\"@type\":\"WebSite\",\"@id\":\"https:\\\/\\\/www.elle.be\\\/fr\\\/#website\",\"url\":\"https:\\\/\\\/www.elle.be\\\/fr\\\/\",\"name\":\"ELLE.be\",\"description\":\"Toutes les infos mode, beaut\u00e9 et lifestyle les plus pointues ainsi qu&#039;un contenu 100% belge d\u00e9clin\u00e9 \u00e0 360\u00b0sur le site ELLE.be, nos r\u00e9seaux sociaux et notre cha\u00eene Youtube.\",\"publisher\":{\"@id\":\"https:\\\/\\\/www.elle.be\\\/fr\\\/#organization\"},\"potentialAction\":[{\"@type\":\"SearchAction\",\"target\":{\"@type\":\"EntryPoint\",\"urlTemplate\":\"https:\\\/\\\/www.elle.be\\\/fr\\\/?s={search_term_string}\"},\"query-input\":{\"@type\":\"PropertyValueSpecification\",\"valueRequired\":true,\"valueName\":\"search_term_string\"}}],\"inLanguage\":\"fr-FR\"},{\"@type\":\"Organization\",\"@id\":\"https:\\\/\\\/www.elle.be\\\/fr\\\/#organization\",\"name\":\"ELLE Belgique\",\"url\":\"https:\\\/\\\/www.elle.be\\\/fr\\\/\",\"logo\":{\"@type\":\"ImageObject\",\"inLanguage\":\"fr-FR\",\"@id\":\"https:\\\/\\\/www.elle.be\\\/fr\\\/#\\\/schema\\\/logo\\\/image\\\/\",\"url\":\"https:\\\/\\\/www.elle.be\\\/fr\\\/wp-content\\\/uploads\\\/2017\\\/03\\\/elle-icon-200px.jpeg\",\"contentUrl\":\"https:\\\/\\\/www.elle.be\\\/fr\\\/wp-content\\\/uploads\\\/2017\\\/03\\\/elle-icon-200px.jpeg\",\"width\":200,\"height\":200,\"caption\":\"ELLE Belgique\"},\"image\":{\"@id\":\"https:\\\/\\\/www.elle.be\\\/fr\\\/#\\\/schema\\\/logo\\\/image\\\/\"},\"sameAs\":[\"https:\\\/\\\/www.facebook.com\\\/ELLEbelgium\\\/\",\"https:\\\/\\\/x.com\\\/ELLEBelgique\",\"http:\\\/\\\/instagram.com\\\/ellebelgique\\\/\",\"https:\\\/\\\/www.pinterest.com\\\/ellebelgique\\\/\",\"https:\\\/\\\/www.youtube.com\\\/user\\\/ELLEbelgique1\"]},{\"@type\":\"Person\",\"@id\":\"https:\\\/\\\/www.elle.be\\\/fr\\\/#\\\/schema\\\/person\\\/517177ad0a70e8c475948fa3169deacd\",\"name\":\"Laurence Donis\",\"image\":{\"@type\":\"ImageObject\",\"inLanguage\":\"fr-FR\",\"@id\":\"https:\\\/\\\/www.elle.be\\\/fr\\\/wp-content\\\/uploads\\\/2017\\\/03\\\/moii-96x96.jpg\",\"url\":\"https:\\\/\\\/www.elle.be\\\/fr\\\/wp-content\\\/uploads\\\/2017\\\/03\\\/moii-96x96.jpg\",\"contentUrl\":\"https:\\\/\\\/www.elle.be\\\/fr\\\/wp-content\\\/uploads\\\/2017\\\/03\\\/moii-96x96.jpg\",\"caption\":\"Laurence Donis\"},\"description\":\"Convaincue que le f\u00e9minisme n'est pas un gros mot (ou un combat d\u00e9pass\u00e9) mais que l'on peut aussi en parler d'une mani\u00e8re moderne, fun et d\u00e9cal\u00e9e. Gourmande inv\u00e9t\u00e9r\u00e9e, elle reste aussi \u00e0 l'aff\u00fbt des bons plans food toute l'ann\u00e9e.\",\"sameAs\":[\"https:\\\/\\\/www.instagram.com\\\/laurence.donis\\\/\",\"https:\\\/\\\/x.com\\\/DonisLaurence\"],\"url\":\"https:\\\/\\\/www.elle.be\\\/fr\\\/author\\\/laurenced\"}]}<\/script>\n<!-- \/ Yoast SEO plugin. -->","yoast_head_json":{"title":"\"Elle m'inspire\": le nouveau podcast belge et girl power - ELLE.be","description":"Enfin! Un podcast belge qui part \u00e0 la rencontre de femmes inspirantes, \u00e7a manquait. Et voil\u00e0 qu'on exauce nos souhaits... La vague des podcasts engag\u00e9s","robots":{"index":"index","follow":"follow","max-snippet":"max-snippet:-1","max-image-preview":"max-image-preview:large","max-video-preview":"max-video-preview:-1"},"canonical":"https:\/\/www.elle.be\/fr\/205286-minspire-nouveau-podcast-belge-girl-power.html","og_locale":"fr_FR","og_type":"article","og_title":"\"Elle m'inspire\": le nouveau podcast belge et girl power - ELLE.be","og_description":"Enfin! Un podcast belge qui part \u00e0 la rencontre de femmes inspirantes, \u00e7a manquait. Et voil\u00e0 qu'on exauce nos souhaits... La vague des podcasts engag\u00e9s","og_url":"https:\/\/www.elle.be\/fr\/205286-minspire-nouveau-podcast-belge-girl-power.html","og_site_name":"ELLE.be","article_publisher":"https:\/\/www.facebook.com\/ELLEbelgium\/","article_published_time":"2018-02-20T09:00:23+00:00","article_modified_time":"2018-02-20T09:34:34+00:00","og_image":[{"width":670,"height":351,"url":"https:\/\/www.elle.be\/fr\/wp-content\/uploads\/2018\/02\/podcasteee.jpg","type":"image\/jpeg"}],"author":"Laurence Donis","twitter_card":"summary_large_image","twitter_creator":"@DonisLaurence","twitter_site":"@ELLEBelgique","twitter_misc":{"\u00c9crit par":"Laurence Donis","Dur\u00e9e de lecture estim\u00e9e":"2 minutes"},"schema":{"@context":"https:\/\/schema.org","@graph":[{"@type":"NewsArticle","@id":"https:\/\/www.elle.be\/fr\/205286-minspire-nouveau-podcast-belge-girl-power.html#article","isPartOf":{"@id":"https:\/\/www.elle.be\/fr\/205286-minspire-nouveau-podcast-belge-girl-power.html"},"author":{"name":"Laurence Donis","@id":"https:\/\/www.elle.be\/fr\/#\/schema\/person\/517177ad0a70e8c475948fa3169deacd"},"headline":"&#8220;Elle m&#8217;inspire&#8221;: le nouveau podcast belge et girl power","datePublished":"2018-02-20T09:00:23+00:00","dateModified":"2018-02-20T09:34:34+00:00","mainEntityOfPage":{"@id":"https:\/\/www.elle.be\/fr\/205286-minspire-nouveau-podcast-belge-girl-power.html"},"wordCount":467,"publisher":{"@id":"https:\/\/www.elle.be\/fr\/#organization"},"image":{"@id":"https:\/\/www.elle.be\/fr\/205286-minspire-nouveau-podcast-belge-girl-power.html#primaryimage"},"thumbnailUrl":"https:\/\/www.elle.be\/fr\/wp-content\/uploads\/2018\/02\/podcasteee.jpg","articleSection":["Actu","Soci\u00e9t\u00e9"],"inLanguage":"fr-FR"},{"@type":"WebPage","@id":"https:\/\/www.elle.be\/fr\/205286-minspire-nouveau-podcast-belge-girl-power.html","url":"https:\/\/www.elle.be\/fr\/205286-minspire-nouveau-podcast-belge-girl-power.html","name":"\"Elle m'inspire\": le nouveau podcast belge et girl power - ELLE.be","isPartOf":{"@id":"https:\/\/www.elle.be\/fr\/#website"},"primaryImageOfPage":{"@id":"https:\/\/www.elle.be\/fr\/205286-minspire-nouveau-podcast-belge-girl-power.html#primaryimage"},"image":{"@id":"https:\/\/www.elle.be\/fr\/205286-minspire-nouveau-podcast-belge-girl-power.html#primaryimage"},"thumbnailUrl":"https:\/\/www.elle.be\/fr\/wp-content\/uploads\/2018\/02\/podcasteee.jpg","datePublished":"2018-02-20T09:00:23+00:00","dateModified":"2018-02-20T09:34:34+00:00","description":"Enfin! Un podcast belge qui part \u00e0 la rencontre de femmes inspirantes, \u00e7a manquait. Et voil\u00e0 qu'on exauce nos souhaits... La vague des podcasts engag\u00e9s","breadcrumb":{"@id":"https:\/\/www.elle.be\/fr\/205286-minspire-nouveau-podcast-belge-girl-power.html#breadcrumb"},"inLanguage":"fr-FR","potentialAction":[{"@type":"ReadAction","target":["https:\/\/www.elle.be\/fr\/205286-minspire-nouveau-podcast-belge-girl-power.html"]}]},{"@type":"ImageObject","inLanguage":"fr-FR","@id":"https:\/\/www.elle.be\/fr\/205286-minspire-nouveau-podcast-belge-girl-power.html#primaryimage","url":"https:\/\/www.elle.be\/fr\/wp-content\/uploads\/2018\/02\/podcasteee.jpg","contentUrl":"https:\/\/www.elle.be\/fr\/wp-content\/uploads\/2018\/02\/podcasteee.jpg","width":670,"height":351,"caption":"Elle m'inspire"},{"@type":"BreadcrumbList","@id":"https:\/\/www.elle.be\/fr\/205286-minspire-nouveau-podcast-belge-girl-power.html#breadcrumb","itemListElement":[{"@type":"ListItem","position":1,"name":"FR","item":"https:\/\/www.elle.be\/fr"},{"@type":"ListItem","position":2,"name":"Actu","item":"https:\/\/www.elle.be\/fr\/actu"},{"@type":"ListItem","position":3,"name":"\u00ab\u00a0Elle m&rsquo;inspire\u00a0\u00bb: le nouveau podcast belge et girl power"}]},{"@type":"WebSite","@id":"https:\/\/www.elle.be\/fr\/#website","url":"https:\/\/www.elle.be\/fr\/","name":"ELLE.be","description":"Toutes les infos mode, beaut\u00e9 et lifestyle les plus pointues ainsi qu&#039;un contenu 100% belge d\u00e9clin\u00e9 \u00e0 360\u00b0sur le site ELLE.be, nos r\u00e9seaux sociaux et notre cha\u00eene Youtube.","publisher":{"@id":"https:\/\/www.elle.be\/fr\/#organization"},"potentialAction":[{"@type":"SearchAction","target":{"@type":"EntryPoint","urlTemplate":"https:\/\/www.elle.be\/fr\/?s={search_term_string}"},"query-input":{"@type":"PropertyValueSpecification","valueRequired":true,"valueName":"search_term_string"}}],"inLanguage":"fr-FR"},{"@type":"Organization","@id":"https:\/\/www.elle.be\/fr\/#organization","name":"ELLE Belgique","url":"https:\/\/www.elle.be\/fr\/","logo":{"@type":"ImageObject","inLanguage":"fr-FR","@id":"https:\/\/www.elle.be\/fr\/#\/schema\/logo\/image\/","url":"https:\/\/www.elle.be\/fr\/wp-content\/uploads\/2017\/03\/elle-icon-200px.jpeg","contentUrl":"https:\/\/www.elle.be\/fr\/wp-content\/uploads\/2017\/03\/elle-icon-200px.jpeg","width":200,"height":200,"caption":"ELLE Belgique"},"image":{"@id":"https:\/\/www.elle.be\/fr\/#\/schema\/logo\/image\/"},"sameAs":["https:\/\/www.facebook.com\/ELLEbelgium\/","https:\/\/x.com\/ELLEBelgique","http:\/\/instagram.com\/ellebelgique\/","https:\/\/www.pinterest.com\/ellebelgique\/","https:\/\/www.youtube.com\/user\/ELLEbelgique1"]},{"@type":"Person","@id":"https:\/\/www.elle.be\/fr\/#\/schema\/person\/517177ad0a70e8c475948fa3169deacd","name":"Laurence Donis","image":{"@type":"ImageObject","inLanguage":"fr-FR","@id":"https:\/\/www.elle.be\/fr\/wp-content\/uploads\/2017\/03\/moii-96x96.jpg","url":"https:\/\/www.elle.be\/fr\/wp-content\/uploads\/2017\/03\/moii-96x96.jpg","contentUrl":"https:\/\/www.elle.be\/fr\/wp-content\/uploads\/2017\/03\/moii-96x96.jpg","caption":"Laurence Donis"},"description":"Convaincue que le f\u00e9minisme n'est pas un gros mot (ou un combat d\u00e9pass\u00e9) mais que l'on peut aussi en parler d'une mani\u00e8re moderne, fun et d\u00e9cal\u00e9e. Gourmande inv\u00e9t\u00e9r\u00e9e, elle reste aussi \u00e0 l'aff\u00fbt des bons plans food toute l'ann\u00e9e.","sameAs":["https:\/\/www.instagram.com\/laurence.donis\/","https:\/\/x.com\/DonisLaurence"],"url":"https:\/\/www.elle.be\/fr\/author\/laurenced"}]}},"_links":{"self":[{"href":"https:\/\/www.elle.be\/fr\/wp-json\/wp\/v2\/posts\/205286","targetHints":{"allow":["GET"]}}],"collection":[{"href":"https:\/\/www.elle.be\/fr\/wp-json\/wp\/v2\/posts"}],"about":[{"href":"https:\/\/www.elle.be\/fr\/wp-json\/wp\/v2\/types\/post"}],"author":[{"embeddable":true,"href":"https:\/\/www.elle.be\/fr\/wp-json\/wp\/v2\/users\/46"}],"replies":[{"embeddable":true,"href":"https:\/\/www.elle.be\/fr\/wp-json\/wp\/v2\/comments?post=205286"}],"version-history":[{"count":10,"href":"https:\/\/www.elle.be\/fr\/wp-json\/wp\/v2\/posts\/205286\/revisions"}],"predecessor-version":[{"id":205432,"href":"https:\/\/www.elle.be\/fr\/wp-json\/wp\/v2\/posts\/205286\/revisions\/205432"}],"wp:featuredmedia":[{"embeddable":true,"href":"https:\/\/www.elle.be\/fr\/wp-json\/wp\/v2\/media\/205289"}],"wp:attachment":[{"href":"https:\/\/www.elle.be\/fr\/wp-json\/wp\/v2\/media?parent=205286"}],"wp:term":[{"taxonomy":"category","embeddable":true,"href":"https:\/\/www.elle.be\/fr\/wp-json\/wp\/v2\/categories?post=205286"},{"taxonomy":"post_tag","embeddable":true,"href":"https:\/\/www.elle.be\/fr\/wp-json\/wp\/v2\/tags?post=205286"}],"curies":[{"name":"wp","href":"https:\/\/api.w.org\/{rel}","templated":true}]}}