{"id":191789,"date":"2017-12-19T11:00:39","date_gmt":"2017-12-19T10:00:39","guid":{"rendered":"http:\/\/www.elle.be\/fr\/?p=191789"},"modified":"2018-02-28T16:48:13","modified_gmt":"2018-02-28T15:48:13","slug":"revivez-golden-dinner-de-ferrero","status":"publish","type":"post","link":"https:\/\/www.elle.be\/fr\/191789-revivez-golden-dinner-de-ferrero.html","title":{"rendered":"Revivez le Golden Dinner de ELLE x Ferrero Rocher"},"content":{"rendered":"","protected":false},"excerpt":{"rendered":"Une soir\u00e9e d\u2019exception plac\u00e9e sous le signe de l\u2019\u00e9l\u00e9gance et de la gourmandise, c\u2019\u00e9tait la promesse de Ferrero Rocher et nous n\u2019avons pas \u00e9t\u00e9 d\u00e9\u00e7us\u00a0! Une dizaine d\u2019invit\u00e9s ont subtilement \u00e9t\u00e9 choisis pour vivre un voyage gustatif \u00e9tonnant.","protected":false},"author":47,"featured_media":191916,"comment_status":"closed","ping_status":"closed","sticky":false,"template":"","format":"standard","meta":{"_acf_changed":false,"footnotes":""},"categories":[2240,2202,1451,1186],"tags":[],"class_list":["post-191789","post","type-post","status-publish","format-standard","has-post-thumbnail","hentry","category-elle-tv","category-news-actu","category-elle-a-table","category-actu"],"acf":[],"image_verticale":"","_yoast_wpseo_title":null,"_yoast_wpseo_metadesc":null,"_yoast_wpseo_focuskw_text_input":"ferrero","_yoast_wpseo_opengraph-title":null,"yoast_head":"<!-- This site is optimized with the Yoast SEO plugin v27.4 - https:\/\/yoast.com\/product\/yoast-seo-wordpress\/ -->\n<title>Revivez le Golden Dinner de ELLE x Ferrero Rocher - ELLE.be<\/title>\n<meta name=\"description\" content=\"Une soir\u00e9e d\u2019exception plac\u00e9e sous le signe de l\u2019\u00e9l\u00e9gance et de la gourmandise, c\u2019\u00e9tait la promesse de Ferrero Rocher et nous n\u2019avons pas \u00e9t\u00e9 d\u00e9\u00e7us\u00a0! Une\" \/>\n<meta name=\"robots\" content=\"index, follow, max-snippet:-1, max-image-preview:large, max-video-preview:-1\" \/>\n<link rel=\"canonical\" href=\"https:\/\/www.elle.be\/fr\/191789-revivez-golden-dinner-de-ferrero.html\" \/>\n<meta property=\"og:locale\" content=\"fr_FR\" \/>\n<meta property=\"og:type\" content=\"article\" \/>\n<meta property=\"og:title\" content=\"Revivez le Golden Dinner de ELLE x Ferrero Rocher - ELLE.be\" \/>\n<meta property=\"og:description\" content=\"Une soir\u00e9e d\u2019exception plac\u00e9e sous le signe de l\u2019\u00e9l\u00e9gance et de la gourmandise, c\u2019\u00e9tait la promesse de Ferrero Rocher et nous n\u2019avons pas \u00e9t\u00e9 d\u00e9\u00e7us\u00a0! Une\" \/>\n<meta property=\"og:url\" content=\"https:\/\/www.elle.be\/fr\/191789-revivez-golden-dinner-de-ferrero.html\" \/>\n<meta property=\"og:site_name\" content=\"ELLE.be\" \/>\n<meta property=\"article:publisher\" content=\"https:\/\/www.facebook.com\/ELLEbelgium\/\" \/>\n<meta property=\"article:published_time\" content=\"2017-12-19T10:00:39+00:00\" \/>\n<meta property=\"article:modified_time\" content=\"2018-02-28T15:48:13+00:00\" \/>\n<meta property=\"og:image\" content=\"https:\/\/www.elle.be\/fr\/wp-content\/uploads\/2015\/03\/img_ferrero.jpg\" \/>\n\t<meta property=\"og:image:width\" content=\"670\" \/>\n\t<meta property=\"og:image:height\" content=\"351\" \/>\n\t<meta property=\"og:image:type\" content=\"image\/jpeg\" \/>\n<meta name=\"author\" content=\"ELLE Partenaire\" \/>\n<meta name=\"twitter:card\" content=\"summary_large_image\" \/>\n<meta name=\"twitter:creator\" content=\"@ELLEBelgique\" \/>\n<meta name=\"twitter:site\" content=\"@ELLEBelgique\" \/>\n<meta name=\"twitter:label1\" content=\"\u00c9crit par\" \/>\n\t<meta name=\"twitter:data1\" content=\"ELLE Partenaire\" \/>\n\t<meta name=\"twitter:label2\" content=\"Dur\u00e9e de lecture estim\u00e9e\" \/>\n\t<meta name=\"twitter:data2\" content=\"1 minute\" \/>\n<script type=\"application\/ld+json\" class=\"yoast-schema-graph\">{\"@context\":\"https:\\\/\\\/schema.org\",\"@graph\":[{\"@type\":\"NewsArticle\",\"@id\":\"https:\\\/\\\/www.elle.be\\\/fr\\\/191789-revivez-golden-dinner-de-ferrero.html#article\",\"isPartOf\":{\"@id\":\"https:\\\/\\\/www.elle.be\\\/fr\\\/191789-revivez-golden-dinner-de-ferrero.html\"},\"author\":{\"name\":\"ELLE Partenaire\",\"@id\":\"https:\\\/\\\/www.elle.be\\\/fr\\\/#\\\/schema\\\/person\\\/2c7693f13ee3d4992850ec2ff033c586\"},\"headline\":\"Revivez le Golden Dinner de ELLE x Ferrero Rocher\",\"datePublished\":\"2017-12-19T10:00:39+00:00\",\"dateModified\":\"2018-02-28T15:48:13+00:00\",\"mainEntityOfPage\":{\"@id\":\"https:\\\/\\\/www.elle.be\\\/fr\\\/191789-revivez-golden-dinner-de-ferrero.html\"},\"wordCount\":229,\"publisher\":{\"@id\":\"https:\\\/\\\/www.elle.be\\\/fr\\\/#organization\"},\"image\":{\"@id\":\"https:\\\/\\\/www.elle.be\\\/fr\\\/191789-revivez-golden-dinner-de-ferrero.html#primaryimage\"},\"thumbnailUrl\":\"https:\\\/\\\/www.elle.be\\\/fr\\\/wp-content\\\/uploads\\\/2015\\\/03\\\/img_ferrero.jpg\",\"articleSection\":[\"ELLE TV\",\"News Actu\",\"ELLE \u00e0 Table\",\"Actu\"],\"inLanguage\":\"fr-FR\"},{\"@type\":\"WebPage\",\"@id\":\"https:\\\/\\\/www.elle.be\\\/fr\\\/191789-revivez-golden-dinner-de-ferrero.html\",\"url\":\"https:\\\/\\\/www.elle.be\\\/fr\\\/191789-revivez-golden-dinner-de-ferrero.html\",\"name\":\"Revivez le Golden Dinner de ELLE x Ferrero Rocher - ELLE.be\",\"isPartOf\":{\"@id\":\"https:\\\/\\\/www.elle.be\\\/fr\\\/#website\"},\"primaryImageOfPage\":{\"@id\":\"https:\\\/\\\/www.elle.be\\\/fr\\\/191789-revivez-golden-dinner-de-ferrero.html#primaryimage\"},\"image\":{\"@id\":\"https:\\\/\\\/www.elle.be\\\/fr\\\/191789-revivez-golden-dinner-de-ferrero.html#primaryimage\"},\"thumbnailUrl\":\"https:\\\/\\\/www.elle.be\\\/fr\\\/wp-content\\\/uploads\\\/2015\\\/03\\\/img_ferrero.jpg\",\"datePublished\":\"2017-12-19T10:00:39+00:00\",\"dateModified\":\"2018-02-28T15:48:13+00:00\",\"description\":\"Une soir\u00e9e d\u2019exception plac\u00e9e sous le signe de l\u2019\u00e9l\u00e9gance et de la gourmandise, c\u2019\u00e9tait la promesse de Ferrero Rocher et nous n\u2019avons pas \u00e9t\u00e9 d\u00e9\u00e7us\u00a0! Une\",\"breadcrumb\":{\"@id\":\"https:\\\/\\\/www.elle.be\\\/fr\\\/191789-revivez-golden-dinner-de-ferrero.html#breadcrumb\"},\"inLanguage\":\"fr-FR\",\"potentialAction\":[{\"@type\":\"ReadAction\",\"target\":[\"https:\\\/\\\/www.elle.be\\\/fr\\\/191789-revivez-golden-dinner-de-ferrero.html\"]}]},{\"@type\":\"ImageObject\",\"inLanguage\":\"fr-FR\",\"@id\":\"https:\\\/\\\/www.elle.be\\\/fr\\\/191789-revivez-golden-dinner-de-ferrero.html#primaryimage\",\"url\":\"https:\\\/\\\/www.elle.be\\\/fr\\\/wp-content\\\/uploads\\\/2015\\\/03\\\/img_ferrero.jpg\",\"contentUrl\":\"https:\\\/\\\/www.elle.be\\\/fr\\\/wp-content\\\/uploads\\\/2015\\\/03\\\/img_ferrero.jpg\",\"width\":670,\"height\":351,\"caption\":\"Ferrero\"},{\"@type\":\"BreadcrumbList\",\"@id\":\"https:\\\/\\\/www.elle.be\\\/fr\\\/191789-revivez-golden-dinner-de-ferrero.html#breadcrumb\",\"itemListElement\":[{\"@type\":\"ListItem\",\"position\":1,\"name\":\"FR\",\"item\":\"https:\\\/\\\/www.elle.be\\\/fr\"},{\"@type\":\"ListItem\",\"position\":2,\"name\":\"ELLE \u00e0 Table\",\"item\":\"https:\\\/\\\/www.elle.be\\\/fr\\\/elle-a-table\"},{\"@type\":\"ListItem\",\"position\":3,\"name\":\"Revivez le Golden Dinner de ELLE x Ferrero Rocher\"}]},{\"@type\":\"WebSite\",\"@id\":\"https:\\\/\\\/www.elle.be\\\/fr\\\/#website\",\"url\":\"https:\\\/\\\/www.elle.be\\\/fr\\\/\",\"name\":\"ELLE.be\",\"description\":\"Toutes les infos mode, beaut\u00e9 et lifestyle les plus pointues ainsi qu&#039;un contenu 100% belge d\u00e9clin\u00e9 \u00e0 360\u00b0sur le site ELLE.be, nos r\u00e9seaux sociaux et notre cha\u00eene Youtube.\",\"publisher\":{\"@id\":\"https:\\\/\\\/www.elle.be\\\/fr\\\/#organization\"},\"potentialAction\":[{\"@type\":\"SearchAction\",\"target\":{\"@type\":\"EntryPoint\",\"urlTemplate\":\"https:\\\/\\\/www.elle.be\\\/fr\\\/?s={search_term_string}\"},\"query-input\":{\"@type\":\"PropertyValueSpecification\",\"valueRequired\":true,\"valueName\":\"search_term_string\"}}],\"inLanguage\":\"fr-FR\"},{\"@type\":\"Organization\",\"@id\":\"https:\\\/\\\/www.elle.be\\\/fr\\\/#organization\",\"name\":\"ELLE Belgique\",\"url\":\"https:\\\/\\\/www.elle.be\\\/fr\\\/\",\"logo\":{\"@type\":\"ImageObject\",\"inLanguage\":\"fr-FR\",\"@id\":\"https:\\\/\\\/www.elle.be\\\/fr\\\/#\\\/schema\\\/logo\\\/image\\\/\",\"url\":\"https:\\\/\\\/www.elle.be\\\/fr\\\/wp-content\\\/uploads\\\/2017\\\/03\\\/elle-icon-200px.jpeg\",\"contentUrl\":\"https:\\\/\\\/www.elle.be\\\/fr\\\/wp-content\\\/uploads\\\/2017\\\/03\\\/elle-icon-200px.jpeg\",\"width\":200,\"height\":200,\"caption\":\"ELLE Belgique\"},\"image\":{\"@id\":\"https:\\\/\\\/www.elle.be\\\/fr\\\/#\\\/schema\\\/logo\\\/image\\\/\"},\"sameAs\":[\"https:\\\/\\\/www.facebook.com\\\/ELLEbelgium\\\/\",\"https:\\\/\\\/x.com\\\/ELLEBelgique\",\"http:\\\/\\\/instagram.com\\\/ellebelgique\\\/\",\"https:\\\/\\\/www.pinterest.com\\\/ellebelgique\\\/\",\"https:\\\/\\\/www.youtube.com\\\/user\\\/ELLEbelgique1\"]},{\"@type\":\"Person\",\"@id\":\"https:\\\/\\\/www.elle.be\\\/fr\\\/#\\\/schema\\\/person\\\/2c7693f13ee3d4992850ec2ff033c586\",\"name\":\"ELLE Partenaire\",\"image\":{\"@type\":\"ImageObject\",\"inLanguage\":\"fr-FR\",\"@id\":\"https:\\\/\\\/secure.gravatar.com\\\/avatar\\\/dddcf2d7bb88803a2e434d2b1c6a7b997b2de2334d047a137cc5e9dc165ca7e2?s=96&r=g\",\"url\":\"https:\\\/\\\/secure.gravatar.com\\\/avatar\\\/dddcf2d7bb88803a2e434d2b1c6a7b997b2de2334d047a137cc5e9dc165ca7e2?s=96&r=g\",\"contentUrl\":\"https:\\\/\\\/secure.gravatar.com\\\/avatar\\\/dddcf2d7bb88803a2e434d2b1c6a7b997b2de2334d047a137cc5e9dc165ca7e2?s=96&r=g\",\"caption\":\"ELLE Partenaire\"},\"url\":\"https:\\\/\\\/www.elle.be\\\/fr\\\/author\\\/operation-speciale\"}]}<\/script>\n<!-- \/ Yoast SEO plugin. -->","yoast_head_json":{"title":"Revivez le Golden Dinner de ELLE x Ferrero Rocher - ELLE.be","description":"Une soir\u00e9e d\u2019exception plac\u00e9e sous le signe de l\u2019\u00e9l\u00e9gance et de la gourmandise, c\u2019\u00e9tait la promesse de Ferrero Rocher et nous n\u2019avons pas \u00e9t\u00e9 d\u00e9\u00e7us\u00a0! Une","robots":{"index":"index","follow":"follow","max-snippet":"max-snippet:-1","max-image-preview":"max-image-preview:large","max-video-preview":"max-video-preview:-1"},"canonical":"https:\/\/www.elle.be\/fr\/191789-revivez-golden-dinner-de-ferrero.html","og_locale":"fr_FR","og_type":"article","og_title":"Revivez le Golden Dinner de ELLE x Ferrero Rocher - ELLE.be","og_description":"Une soir\u00e9e d\u2019exception plac\u00e9e sous le signe de l\u2019\u00e9l\u00e9gance et de la gourmandise, c\u2019\u00e9tait la promesse de Ferrero Rocher et nous n\u2019avons pas \u00e9t\u00e9 d\u00e9\u00e7us\u00a0! Une","og_url":"https:\/\/www.elle.be\/fr\/191789-revivez-golden-dinner-de-ferrero.html","og_site_name":"ELLE.be","article_publisher":"https:\/\/www.facebook.com\/ELLEbelgium\/","article_published_time":"2017-12-19T10:00:39+00:00","article_modified_time":"2018-02-28T15:48:13+00:00","og_image":[{"width":670,"height":351,"url":"https:\/\/www.elle.be\/fr\/wp-content\/uploads\/2015\/03\/img_ferrero.jpg","type":"image\/jpeg"}],"author":"ELLE Partenaire","twitter_card":"summary_large_image","twitter_creator":"@ELLEBelgique","twitter_site":"@ELLEBelgique","twitter_misc":{"\u00c9crit par":"ELLE Partenaire","Dur\u00e9e de lecture estim\u00e9e":"1 minute"},"schema":{"@context":"https:\/\/schema.org","@graph":[{"@type":"NewsArticle","@id":"https:\/\/www.elle.be\/fr\/191789-revivez-golden-dinner-de-ferrero.html#article","isPartOf":{"@id":"https:\/\/www.elle.be\/fr\/191789-revivez-golden-dinner-de-ferrero.html"},"author":{"name":"ELLE Partenaire","@id":"https:\/\/www.elle.be\/fr\/#\/schema\/person\/2c7693f13ee3d4992850ec2ff033c586"},"headline":"Revivez le Golden Dinner de ELLE x Ferrero Rocher","datePublished":"2017-12-19T10:00:39+00:00","dateModified":"2018-02-28T15:48:13+00:00","mainEntityOfPage":{"@id":"https:\/\/www.elle.be\/fr\/191789-revivez-golden-dinner-de-ferrero.html"},"wordCount":229,"publisher":{"@id":"https:\/\/www.elle.be\/fr\/#organization"},"image":{"@id":"https:\/\/www.elle.be\/fr\/191789-revivez-golden-dinner-de-ferrero.html#primaryimage"},"thumbnailUrl":"https:\/\/www.elle.be\/fr\/wp-content\/uploads\/2015\/03\/img_ferrero.jpg","articleSection":["ELLE TV","News Actu","ELLE \u00e0 Table","Actu"],"inLanguage":"fr-FR"},{"@type":"WebPage","@id":"https:\/\/www.elle.be\/fr\/191789-revivez-golden-dinner-de-ferrero.html","url":"https:\/\/www.elle.be\/fr\/191789-revivez-golden-dinner-de-ferrero.html","name":"Revivez le Golden Dinner de ELLE x Ferrero Rocher - ELLE.be","isPartOf":{"@id":"https:\/\/www.elle.be\/fr\/#website"},"primaryImageOfPage":{"@id":"https:\/\/www.elle.be\/fr\/191789-revivez-golden-dinner-de-ferrero.html#primaryimage"},"image":{"@id":"https:\/\/www.elle.be\/fr\/191789-revivez-golden-dinner-de-ferrero.html#primaryimage"},"thumbnailUrl":"https:\/\/www.elle.be\/fr\/wp-content\/uploads\/2015\/03\/img_ferrero.jpg","datePublished":"2017-12-19T10:00:39+00:00","dateModified":"2018-02-28T15:48:13+00:00","description":"Une soir\u00e9e d\u2019exception plac\u00e9e sous le signe de l\u2019\u00e9l\u00e9gance et de la gourmandise, c\u2019\u00e9tait la promesse de Ferrero Rocher et nous n\u2019avons pas \u00e9t\u00e9 d\u00e9\u00e7us\u00a0! Une","breadcrumb":{"@id":"https:\/\/www.elle.be\/fr\/191789-revivez-golden-dinner-de-ferrero.html#breadcrumb"},"inLanguage":"fr-FR","potentialAction":[{"@type":"ReadAction","target":["https:\/\/www.elle.be\/fr\/191789-revivez-golden-dinner-de-ferrero.html"]}]},{"@type":"ImageObject","inLanguage":"fr-FR","@id":"https:\/\/www.elle.be\/fr\/191789-revivez-golden-dinner-de-ferrero.html#primaryimage","url":"https:\/\/www.elle.be\/fr\/wp-content\/uploads\/2015\/03\/img_ferrero.jpg","contentUrl":"https:\/\/www.elle.be\/fr\/wp-content\/uploads\/2015\/03\/img_ferrero.jpg","width":670,"height":351,"caption":"Ferrero"},{"@type":"BreadcrumbList","@id":"https:\/\/www.elle.be\/fr\/191789-revivez-golden-dinner-de-ferrero.html#breadcrumb","itemListElement":[{"@type":"ListItem","position":1,"name":"FR","item":"https:\/\/www.elle.be\/fr"},{"@type":"ListItem","position":2,"name":"ELLE \u00e0 Table","item":"https:\/\/www.elle.be\/fr\/elle-a-table"},{"@type":"ListItem","position":3,"name":"Revivez le Golden Dinner de ELLE x Ferrero Rocher"}]},{"@type":"WebSite","@id":"https:\/\/www.elle.be\/fr\/#website","url":"https:\/\/www.elle.be\/fr\/","name":"ELLE.be","description":"Toutes les infos mode, beaut\u00e9 et lifestyle les plus pointues ainsi qu&#039;un contenu 100% belge d\u00e9clin\u00e9 \u00e0 360\u00b0sur le site ELLE.be, nos r\u00e9seaux sociaux et notre cha\u00eene Youtube.","publisher":{"@id":"https:\/\/www.elle.be\/fr\/#organization"},"potentialAction":[{"@type":"SearchAction","target":{"@type":"EntryPoint","urlTemplate":"https:\/\/www.elle.be\/fr\/?s={search_term_string}"},"query-input":{"@type":"PropertyValueSpecification","valueRequired":true,"valueName":"search_term_string"}}],"inLanguage":"fr-FR"},{"@type":"Organization","@id":"https:\/\/www.elle.be\/fr\/#organization","name":"ELLE Belgique","url":"https:\/\/www.elle.be\/fr\/","logo":{"@type":"ImageObject","inLanguage":"fr-FR","@id":"https:\/\/www.elle.be\/fr\/#\/schema\/logo\/image\/","url":"https:\/\/www.elle.be\/fr\/wp-content\/uploads\/2017\/03\/elle-icon-200px.jpeg","contentUrl":"https:\/\/www.elle.be\/fr\/wp-content\/uploads\/2017\/03\/elle-icon-200px.jpeg","width":200,"height":200,"caption":"ELLE Belgique"},"image":{"@id":"https:\/\/www.elle.be\/fr\/#\/schema\/logo\/image\/"},"sameAs":["https:\/\/www.facebook.com\/ELLEbelgium\/","https:\/\/x.com\/ELLEBelgique","http:\/\/instagram.com\/ellebelgique\/","https:\/\/www.pinterest.com\/ellebelgique\/","https:\/\/www.youtube.com\/user\/ELLEbelgique1"]},{"@type":"Person","@id":"https:\/\/www.elle.be\/fr\/#\/schema\/person\/2c7693f13ee3d4992850ec2ff033c586","name":"ELLE Partenaire","image":{"@type":"ImageObject","inLanguage":"fr-FR","@id":"https:\/\/secure.gravatar.com\/avatar\/dddcf2d7bb88803a2e434d2b1c6a7b997b2de2334d047a137cc5e9dc165ca7e2?s=96&r=g","url":"https:\/\/secure.gravatar.com\/avatar\/dddcf2d7bb88803a2e434d2b1c6a7b997b2de2334d047a137cc5e9dc165ca7e2?s=96&r=g","contentUrl":"https:\/\/secure.gravatar.com\/avatar\/dddcf2d7bb88803a2e434d2b1c6a7b997b2de2334d047a137cc5e9dc165ca7e2?s=96&r=g","caption":"ELLE Partenaire"},"url":"https:\/\/www.elle.be\/fr\/author\/operation-speciale"}]}},"_links":{"self":[{"href":"https:\/\/www.elle.be\/fr\/wp-json\/wp\/v2\/posts\/191789","targetHints":{"allow":["GET"]}}],"collection":[{"href":"https:\/\/www.elle.be\/fr\/wp-json\/wp\/v2\/posts"}],"about":[{"href":"https:\/\/www.elle.be\/fr\/wp-json\/wp\/v2\/types\/post"}],"author":[{"embeddable":true,"href":"https:\/\/www.elle.be\/fr\/wp-json\/wp\/v2\/users\/47"}],"replies":[{"embeddable":true,"href":"https:\/\/www.elle.be\/fr\/wp-json\/wp\/v2\/comments?post=191789"}],"version-history":[{"count":19,"href":"https:\/\/www.elle.be\/fr\/wp-json\/wp\/v2\/posts\/191789\/revisions"}],"predecessor-version":[{"id":208207,"href":"https:\/\/www.elle.be\/fr\/wp-json\/wp\/v2\/posts\/191789\/revisions\/208207"}],"wp:featuredmedia":[{"embeddable":true,"href":"https:\/\/www.elle.be\/fr\/wp-json\/wp\/v2\/media\/191916"}],"wp:attachment":[{"href":"https:\/\/www.elle.be\/fr\/wp-json\/wp\/v2\/media?parent=191789"}],"wp:term":[{"taxonomy":"category","embeddable":true,"href":"https:\/\/www.elle.be\/fr\/wp-json\/wp\/v2\/categories?post=191789"},{"taxonomy":"post_tag","embeddable":true,"href":"https:\/\/www.elle.be\/fr\/wp-json\/wp\/v2\/tags?post=191789"}],"curies":[{"name":"wp","href":"https:\/\/api.w.org\/{rel}","templated":true}]}}