{"id":191699,"date":"2017-12-08T10:10:09","date_gmt":"2017-12-08T09:10:09","guid":{"rendered":"http:\/\/www.elle.be\/fr\/?p=191699"},"modified":"2018-01-22T17:28:16","modified_gmt":"2018-01-22T16:28:16","slug":"shes-gotta-have-it-nouvelle-serie-geniale-de-spike-lee","status":"publish","type":"post","link":"https:\/\/www.elle.be\/fr\/191699-shes-gotta-have-it-nouvelle-serie-geniale-de-spike-lee.html","title":{"rendered":"&#8220;She\u2019s Gotta Have It&#8221;: la nouvelle s\u00e9rie g\u00e9niale de Spike Lee"},"content":{"rendered":"","protected":false},"excerpt":{"rendered":"Oui, le r\u00e9alisateur de \u00abMalcolm X\u00bb, \u00abInside Man\u00bb ou encore \u00abLa 25\u00e8me heure\u00bb sort une nouvelle s\u00e9rie! La bonne nouvelle? Elle est canon et d\u00e9j\u00e0 dispo sur Netflix.","protected":false},"author":46,"featured_media":191701,"comment_status":"closed","ping_status":"closed","sticky":false,"template":"","format":"standard","meta":{"_acf_changed":false,"footnotes":""},"categories":[1186,2219],"tags":[],"class_list":["post-191699","post","type-post","status-publish","format-standard","has-post-thumbnail","hentry","category-actu","category-culture"],"acf":[],"image_verticale":null,"_yoast_wpseo_title":null,"_yoast_wpseo_metadesc":null,"_yoast_wpseo_focuskw_text_input":"She\u2019s Gotta Have It","_yoast_wpseo_opengraph-title":null,"yoast_head":"<!-- This site is optimized with the Yoast SEO plugin v27.4 - https:\/\/yoast.com\/product\/yoast-seo-wordpress\/ -->\n<title>&quot;She\u2019s Gotta Have It&quot;: la nouvelle s\u00e9rie g\u00e9niale de Spike Lee - ELLE.be<\/title>\n<meta name=\"description\" content=\"Oui, le r\u00e9alisateur de \u00abMalcolm X\u00bb, \u00abInside Man\u00bb ou encore \u00abLa 25\u00e8me heure\u00bb sort une nouvelle s\u00e9rie! La bonne nouvelle? Elle est canon et d\u00e9j\u00e0 dispo sur\" \/>\n<meta name=\"robots\" content=\"index, follow, max-snippet:-1, max-image-preview:large, max-video-preview:-1\" \/>\n<link rel=\"canonical\" href=\"https:\/\/www.elle.be\/fr\/191699-shes-gotta-have-it-nouvelle-serie-geniale-de-spike-lee.html\" \/>\n<meta property=\"og:locale\" content=\"fr_FR\" \/>\n<meta property=\"og:type\" content=\"article\" \/>\n<meta property=\"og:title\" content=\"&quot;She\u2019s Gotta Have It&quot;: la nouvelle s\u00e9rie g\u00e9niale de Spike Lee - ELLE.be\" \/>\n<meta property=\"og:description\" content=\"Oui, le r\u00e9alisateur de \u00abMalcolm X\u00bb, \u00abInside Man\u00bb ou encore \u00abLa 25\u00e8me heure\u00bb sort une nouvelle s\u00e9rie! La bonne nouvelle? Elle est canon et d\u00e9j\u00e0 dispo sur\" \/>\n<meta property=\"og:url\" content=\"https:\/\/www.elle.be\/fr\/191699-shes-gotta-have-it-nouvelle-serie-geniale-de-spike-lee.html\" \/>\n<meta property=\"og:site_name\" content=\"ELLE.be\" \/>\n<meta property=\"article:publisher\" content=\"https:\/\/www.facebook.com\/ELLEbelgium\/\" \/>\n<meta property=\"article:published_time\" content=\"2017-12-08T09:10:09+00:00\" \/>\n<meta property=\"article:modified_time\" content=\"2018-01-22T16:28:16+00:00\" \/>\n<meta property=\"og:image\" content=\"https:\/\/www.elle.be\/fr\/wp-content\/uploads\/2017\/12\/she.jpg\" \/>\n\t<meta property=\"og:image:width\" content=\"670\" \/>\n\t<meta property=\"og:image:height\" content=\"351\" \/>\n\t<meta property=\"og:image:type\" content=\"image\/jpeg\" \/>\n<meta name=\"author\" content=\"Laurence Donis\" \/>\n<meta name=\"twitter:card\" content=\"summary_large_image\" \/>\n<meta name=\"twitter:creator\" content=\"@DonisLaurence\" \/>\n<meta name=\"twitter:site\" content=\"@ELLEBelgique\" \/>\n<meta name=\"twitter:label1\" content=\"\u00c9crit par\" \/>\n\t<meta name=\"twitter:data1\" content=\"Laurence Donis\" \/>\n\t<meta name=\"twitter:label2\" content=\"Dur\u00e9e de lecture estim\u00e9e\" \/>\n\t<meta name=\"twitter:data2\" content=\"1 minute\" \/>\n<script type=\"application\/ld+json\" class=\"yoast-schema-graph\">{\"@context\":\"https:\\\/\\\/schema.org\",\"@graph\":[{\"@type\":\"NewsArticle\",\"@id\":\"https:\\\/\\\/www.elle.be\\\/fr\\\/191699-shes-gotta-have-it-nouvelle-serie-geniale-de-spike-lee.html#article\",\"isPartOf\":{\"@id\":\"https:\\\/\\\/www.elle.be\\\/fr\\\/191699-shes-gotta-have-it-nouvelle-serie-geniale-de-spike-lee.html\"},\"author\":{\"name\":\"Laurence Donis\",\"@id\":\"https:\\\/\\\/www.elle.be\\\/fr\\\/#\\\/schema\\\/person\\\/517177ad0a70e8c475948fa3169deacd\"},\"headline\":\"&#8220;She\u2019s Gotta Have It&#8221;: la nouvelle s\u00e9rie g\u00e9niale de Spike Lee\",\"datePublished\":\"2017-12-08T09:10:09+00:00\",\"dateModified\":\"2018-01-22T16:28:16+00:00\",\"mainEntityOfPage\":{\"@id\":\"https:\\\/\\\/www.elle.be\\\/fr\\\/191699-shes-gotta-have-it-nouvelle-serie-geniale-de-spike-lee.html\"},\"wordCount\":250,\"publisher\":{\"@id\":\"https:\\\/\\\/www.elle.be\\\/fr\\\/#organization\"},\"image\":{\"@id\":\"https:\\\/\\\/www.elle.be\\\/fr\\\/191699-shes-gotta-have-it-nouvelle-serie-geniale-de-spike-lee.html#primaryimage\"},\"thumbnailUrl\":\"https:\\\/\\\/www.elle.be\\\/fr\\\/wp-content\\\/uploads\\\/2017\\\/12\\\/she.jpg\",\"articleSection\":[\"Actu\",\"Culture\"],\"inLanguage\":\"fr-FR\"},{\"@type\":\"WebPage\",\"@id\":\"https:\\\/\\\/www.elle.be\\\/fr\\\/191699-shes-gotta-have-it-nouvelle-serie-geniale-de-spike-lee.html\",\"url\":\"https:\\\/\\\/www.elle.be\\\/fr\\\/191699-shes-gotta-have-it-nouvelle-serie-geniale-de-spike-lee.html\",\"name\":\"\\\"She\u2019s Gotta Have It\\\": la nouvelle s\u00e9rie g\u00e9niale de Spike Lee - ELLE.be\",\"isPartOf\":{\"@id\":\"https:\\\/\\\/www.elle.be\\\/fr\\\/#website\"},\"primaryImageOfPage\":{\"@id\":\"https:\\\/\\\/www.elle.be\\\/fr\\\/191699-shes-gotta-have-it-nouvelle-serie-geniale-de-spike-lee.html#primaryimage\"},\"image\":{\"@id\":\"https:\\\/\\\/www.elle.be\\\/fr\\\/191699-shes-gotta-have-it-nouvelle-serie-geniale-de-spike-lee.html#primaryimage\"},\"thumbnailUrl\":\"https:\\\/\\\/www.elle.be\\\/fr\\\/wp-content\\\/uploads\\\/2017\\\/12\\\/she.jpg\",\"datePublished\":\"2017-12-08T09:10:09+00:00\",\"dateModified\":\"2018-01-22T16:28:16+00:00\",\"description\":\"Oui, le r\u00e9alisateur de \u00abMalcolm X\u00bb, \u00abInside Man\u00bb ou encore \u00abLa 25\u00e8me heure\u00bb sort une nouvelle s\u00e9rie! La bonne nouvelle? Elle est canon et d\u00e9j\u00e0 dispo sur\",\"breadcrumb\":{\"@id\":\"https:\\\/\\\/www.elle.be\\\/fr\\\/191699-shes-gotta-have-it-nouvelle-serie-geniale-de-spike-lee.html#breadcrumb\"},\"inLanguage\":\"fr-FR\",\"potentialAction\":[{\"@type\":\"ReadAction\",\"target\":[\"https:\\\/\\\/www.elle.be\\\/fr\\\/191699-shes-gotta-have-it-nouvelle-serie-geniale-de-spike-lee.html\"]}]},{\"@type\":\"ImageObject\",\"inLanguage\":\"fr-FR\",\"@id\":\"https:\\\/\\\/www.elle.be\\\/fr\\\/191699-shes-gotta-have-it-nouvelle-serie-geniale-de-spike-lee.html#primaryimage\",\"url\":\"https:\\\/\\\/www.elle.be\\\/fr\\\/wp-content\\\/uploads\\\/2017\\\/12\\\/she.jpg\",\"contentUrl\":\"https:\\\/\\\/www.elle.be\\\/fr\\\/wp-content\\\/uploads\\\/2017\\\/12\\\/she.jpg\",\"width\":670,\"height\":351,\"caption\":\"She\u2019s Gotta Have It\"},{\"@type\":\"BreadcrumbList\",\"@id\":\"https:\\\/\\\/www.elle.be\\\/fr\\\/191699-shes-gotta-have-it-nouvelle-serie-geniale-de-spike-lee.html#breadcrumb\",\"itemListElement\":[{\"@type\":\"ListItem\",\"position\":1,\"name\":\"FR\",\"item\":\"https:\\\/\\\/www.elle.be\\\/fr\"},{\"@type\":\"ListItem\",\"position\":2,\"name\":\"Actu\",\"item\":\"https:\\\/\\\/www.elle.be\\\/fr\\\/actu\"},{\"@type\":\"ListItem\",\"position\":3,\"name\":\"\u00ab\u00a0She\u2019s Gotta Have It\u00a0\u00bb: la nouvelle s\u00e9rie g\u00e9niale de Spike Lee\"}]},{\"@type\":\"WebSite\",\"@id\":\"https:\\\/\\\/www.elle.be\\\/fr\\\/#website\",\"url\":\"https:\\\/\\\/www.elle.be\\\/fr\\\/\",\"name\":\"ELLE.be\",\"description\":\"Toutes les infos mode, beaut\u00e9 et lifestyle les plus pointues ainsi qu&#039;un contenu 100% belge d\u00e9clin\u00e9 \u00e0 360\u00b0sur le site ELLE.be, nos r\u00e9seaux sociaux et notre cha\u00eene Youtube.\",\"publisher\":{\"@id\":\"https:\\\/\\\/www.elle.be\\\/fr\\\/#organization\"},\"potentialAction\":[{\"@type\":\"SearchAction\",\"target\":{\"@type\":\"EntryPoint\",\"urlTemplate\":\"https:\\\/\\\/www.elle.be\\\/fr\\\/?s={search_term_string}\"},\"query-input\":{\"@type\":\"PropertyValueSpecification\",\"valueRequired\":true,\"valueName\":\"search_term_string\"}}],\"inLanguage\":\"fr-FR\"},{\"@type\":\"Organization\",\"@id\":\"https:\\\/\\\/www.elle.be\\\/fr\\\/#organization\",\"name\":\"ELLE Belgique\",\"url\":\"https:\\\/\\\/www.elle.be\\\/fr\\\/\",\"logo\":{\"@type\":\"ImageObject\",\"inLanguage\":\"fr-FR\",\"@id\":\"https:\\\/\\\/www.elle.be\\\/fr\\\/#\\\/schema\\\/logo\\\/image\\\/\",\"url\":\"https:\\\/\\\/www.elle.be\\\/fr\\\/wp-content\\\/uploads\\\/2017\\\/03\\\/elle-icon-200px.jpeg\",\"contentUrl\":\"https:\\\/\\\/www.elle.be\\\/fr\\\/wp-content\\\/uploads\\\/2017\\\/03\\\/elle-icon-200px.jpeg\",\"width\":200,\"height\":200,\"caption\":\"ELLE Belgique\"},\"image\":{\"@id\":\"https:\\\/\\\/www.elle.be\\\/fr\\\/#\\\/schema\\\/logo\\\/image\\\/\"},\"sameAs\":[\"https:\\\/\\\/www.facebook.com\\\/ELLEbelgium\\\/\",\"https:\\\/\\\/x.com\\\/ELLEBelgique\",\"http:\\\/\\\/instagram.com\\\/ellebelgique\\\/\",\"https:\\\/\\\/www.pinterest.com\\\/ellebelgique\\\/\",\"https:\\\/\\\/www.youtube.com\\\/user\\\/ELLEbelgique1\"]},{\"@type\":\"Person\",\"@id\":\"https:\\\/\\\/www.elle.be\\\/fr\\\/#\\\/schema\\\/person\\\/517177ad0a70e8c475948fa3169deacd\",\"name\":\"Laurence Donis\",\"image\":{\"@type\":\"ImageObject\",\"inLanguage\":\"fr-FR\",\"@id\":\"https:\\\/\\\/www.elle.be\\\/fr\\\/wp-content\\\/uploads\\\/2017\\\/03\\\/moii-96x96.jpg\",\"url\":\"https:\\\/\\\/www.elle.be\\\/fr\\\/wp-content\\\/uploads\\\/2017\\\/03\\\/moii-96x96.jpg\",\"contentUrl\":\"https:\\\/\\\/www.elle.be\\\/fr\\\/wp-content\\\/uploads\\\/2017\\\/03\\\/moii-96x96.jpg\",\"caption\":\"Laurence Donis\"},\"description\":\"Convaincue que le f\u00e9minisme n'est pas un gros mot (ou un combat d\u00e9pass\u00e9) mais que l'on peut aussi en parler d'une mani\u00e8re moderne, fun et d\u00e9cal\u00e9e. Gourmande inv\u00e9t\u00e9r\u00e9e, elle reste aussi \u00e0 l'aff\u00fbt des bons plans food toute l'ann\u00e9e.\",\"sameAs\":[\"https:\\\/\\\/www.instagram.com\\\/laurence.donis\\\/\",\"https:\\\/\\\/x.com\\\/DonisLaurence\"],\"url\":\"https:\\\/\\\/www.elle.be\\\/fr\\\/author\\\/laurenced\"}]}<\/script>\n<!-- \/ Yoast SEO plugin. -->","yoast_head_json":{"title":"\"She\u2019s Gotta Have It\": la nouvelle s\u00e9rie g\u00e9niale de Spike Lee - ELLE.be","description":"Oui, le r\u00e9alisateur de \u00abMalcolm X\u00bb, \u00abInside Man\u00bb ou encore \u00abLa 25\u00e8me heure\u00bb sort une nouvelle s\u00e9rie! La bonne nouvelle? Elle est canon et d\u00e9j\u00e0 dispo sur","robots":{"index":"index","follow":"follow","max-snippet":"max-snippet:-1","max-image-preview":"max-image-preview:large","max-video-preview":"max-video-preview:-1"},"canonical":"https:\/\/www.elle.be\/fr\/191699-shes-gotta-have-it-nouvelle-serie-geniale-de-spike-lee.html","og_locale":"fr_FR","og_type":"article","og_title":"\"She\u2019s Gotta Have It\": la nouvelle s\u00e9rie g\u00e9niale de Spike Lee - ELLE.be","og_description":"Oui, le r\u00e9alisateur de \u00abMalcolm X\u00bb, \u00abInside Man\u00bb ou encore \u00abLa 25\u00e8me heure\u00bb sort une nouvelle s\u00e9rie! La bonne nouvelle? Elle est canon et d\u00e9j\u00e0 dispo sur","og_url":"https:\/\/www.elle.be\/fr\/191699-shes-gotta-have-it-nouvelle-serie-geniale-de-spike-lee.html","og_site_name":"ELLE.be","article_publisher":"https:\/\/www.facebook.com\/ELLEbelgium\/","article_published_time":"2017-12-08T09:10:09+00:00","article_modified_time":"2018-01-22T16:28:16+00:00","og_image":[{"width":670,"height":351,"url":"https:\/\/www.elle.be\/fr\/wp-content\/uploads\/2017\/12\/she.jpg","type":"image\/jpeg"}],"author":"Laurence Donis","twitter_card":"summary_large_image","twitter_creator":"@DonisLaurence","twitter_site":"@ELLEBelgique","twitter_misc":{"\u00c9crit par":"Laurence Donis","Dur\u00e9e de lecture estim\u00e9e":"1 minute"},"schema":{"@context":"https:\/\/schema.org","@graph":[{"@type":"NewsArticle","@id":"https:\/\/www.elle.be\/fr\/191699-shes-gotta-have-it-nouvelle-serie-geniale-de-spike-lee.html#article","isPartOf":{"@id":"https:\/\/www.elle.be\/fr\/191699-shes-gotta-have-it-nouvelle-serie-geniale-de-spike-lee.html"},"author":{"name":"Laurence Donis","@id":"https:\/\/www.elle.be\/fr\/#\/schema\/person\/517177ad0a70e8c475948fa3169deacd"},"headline":"&#8220;She\u2019s Gotta Have It&#8221;: la nouvelle s\u00e9rie g\u00e9niale de Spike Lee","datePublished":"2017-12-08T09:10:09+00:00","dateModified":"2018-01-22T16:28:16+00:00","mainEntityOfPage":{"@id":"https:\/\/www.elle.be\/fr\/191699-shes-gotta-have-it-nouvelle-serie-geniale-de-spike-lee.html"},"wordCount":250,"publisher":{"@id":"https:\/\/www.elle.be\/fr\/#organization"},"image":{"@id":"https:\/\/www.elle.be\/fr\/191699-shes-gotta-have-it-nouvelle-serie-geniale-de-spike-lee.html#primaryimage"},"thumbnailUrl":"https:\/\/www.elle.be\/fr\/wp-content\/uploads\/2017\/12\/she.jpg","articleSection":["Actu","Culture"],"inLanguage":"fr-FR"},{"@type":"WebPage","@id":"https:\/\/www.elle.be\/fr\/191699-shes-gotta-have-it-nouvelle-serie-geniale-de-spike-lee.html","url":"https:\/\/www.elle.be\/fr\/191699-shes-gotta-have-it-nouvelle-serie-geniale-de-spike-lee.html","name":"\"She\u2019s Gotta Have It\": la nouvelle s\u00e9rie g\u00e9niale de Spike Lee - ELLE.be","isPartOf":{"@id":"https:\/\/www.elle.be\/fr\/#website"},"primaryImageOfPage":{"@id":"https:\/\/www.elle.be\/fr\/191699-shes-gotta-have-it-nouvelle-serie-geniale-de-spike-lee.html#primaryimage"},"image":{"@id":"https:\/\/www.elle.be\/fr\/191699-shes-gotta-have-it-nouvelle-serie-geniale-de-spike-lee.html#primaryimage"},"thumbnailUrl":"https:\/\/www.elle.be\/fr\/wp-content\/uploads\/2017\/12\/she.jpg","datePublished":"2017-12-08T09:10:09+00:00","dateModified":"2018-01-22T16:28:16+00:00","description":"Oui, le r\u00e9alisateur de \u00abMalcolm X\u00bb, \u00abInside Man\u00bb ou encore \u00abLa 25\u00e8me heure\u00bb sort une nouvelle s\u00e9rie! La bonne nouvelle? Elle est canon et d\u00e9j\u00e0 dispo sur","breadcrumb":{"@id":"https:\/\/www.elle.be\/fr\/191699-shes-gotta-have-it-nouvelle-serie-geniale-de-spike-lee.html#breadcrumb"},"inLanguage":"fr-FR","potentialAction":[{"@type":"ReadAction","target":["https:\/\/www.elle.be\/fr\/191699-shes-gotta-have-it-nouvelle-serie-geniale-de-spike-lee.html"]}]},{"@type":"ImageObject","inLanguage":"fr-FR","@id":"https:\/\/www.elle.be\/fr\/191699-shes-gotta-have-it-nouvelle-serie-geniale-de-spike-lee.html#primaryimage","url":"https:\/\/www.elle.be\/fr\/wp-content\/uploads\/2017\/12\/she.jpg","contentUrl":"https:\/\/www.elle.be\/fr\/wp-content\/uploads\/2017\/12\/she.jpg","width":670,"height":351,"caption":"She\u2019s Gotta Have It"},{"@type":"BreadcrumbList","@id":"https:\/\/www.elle.be\/fr\/191699-shes-gotta-have-it-nouvelle-serie-geniale-de-spike-lee.html#breadcrumb","itemListElement":[{"@type":"ListItem","position":1,"name":"FR","item":"https:\/\/www.elle.be\/fr"},{"@type":"ListItem","position":2,"name":"Actu","item":"https:\/\/www.elle.be\/fr\/actu"},{"@type":"ListItem","position":3,"name":"\u00ab\u00a0She\u2019s Gotta Have It\u00a0\u00bb: la nouvelle s\u00e9rie g\u00e9niale de Spike Lee"}]},{"@type":"WebSite","@id":"https:\/\/www.elle.be\/fr\/#website","url":"https:\/\/www.elle.be\/fr\/","name":"ELLE.be","description":"Toutes les infos mode, beaut\u00e9 et lifestyle les plus pointues ainsi qu&#039;un contenu 100% belge d\u00e9clin\u00e9 \u00e0 360\u00b0sur le site ELLE.be, nos r\u00e9seaux sociaux et notre cha\u00eene Youtube.","publisher":{"@id":"https:\/\/www.elle.be\/fr\/#organization"},"potentialAction":[{"@type":"SearchAction","target":{"@type":"EntryPoint","urlTemplate":"https:\/\/www.elle.be\/fr\/?s={search_term_string}"},"query-input":{"@type":"PropertyValueSpecification","valueRequired":true,"valueName":"search_term_string"}}],"inLanguage":"fr-FR"},{"@type":"Organization","@id":"https:\/\/www.elle.be\/fr\/#organization","name":"ELLE Belgique","url":"https:\/\/www.elle.be\/fr\/","logo":{"@type":"ImageObject","inLanguage":"fr-FR","@id":"https:\/\/www.elle.be\/fr\/#\/schema\/logo\/image\/","url":"https:\/\/www.elle.be\/fr\/wp-content\/uploads\/2017\/03\/elle-icon-200px.jpeg","contentUrl":"https:\/\/www.elle.be\/fr\/wp-content\/uploads\/2017\/03\/elle-icon-200px.jpeg","width":200,"height":200,"caption":"ELLE Belgique"},"image":{"@id":"https:\/\/www.elle.be\/fr\/#\/schema\/logo\/image\/"},"sameAs":["https:\/\/www.facebook.com\/ELLEbelgium\/","https:\/\/x.com\/ELLEBelgique","http:\/\/instagram.com\/ellebelgique\/","https:\/\/www.pinterest.com\/ellebelgique\/","https:\/\/www.youtube.com\/user\/ELLEbelgique1"]},{"@type":"Person","@id":"https:\/\/www.elle.be\/fr\/#\/schema\/person\/517177ad0a70e8c475948fa3169deacd","name":"Laurence Donis","image":{"@type":"ImageObject","inLanguage":"fr-FR","@id":"https:\/\/www.elle.be\/fr\/wp-content\/uploads\/2017\/03\/moii-96x96.jpg","url":"https:\/\/www.elle.be\/fr\/wp-content\/uploads\/2017\/03\/moii-96x96.jpg","contentUrl":"https:\/\/www.elle.be\/fr\/wp-content\/uploads\/2017\/03\/moii-96x96.jpg","caption":"Laurence Donis"},"description":"Convaincue que le f\u00e9minisme n'est pas un gros mot (ou un combat d\u00e9pass\u00e9) mais que l'on peut aussi en parler d'une mani\u00e8re moderne, fun et d\u00e9cal\u00e9e. Gourmande inv\u00e9t\u00e9r\u00e9e, elle reste aussi \u00e0 l'aff\u00fbt des bons plans food toute l'ann\u00e9e.","sameAs":["https:\/\/www.instagram.com\/laurence.donis\/","https:\/\/x.com\/DonisLaurence"],"url":"https:\/\/www.elle.be\/fr\/author\/laurenced"}]}},"_links":{"self":[{"href":"https:\/\/www.elle.be\/fr\/wp-json\/wp\/v2\/posts\/191699","targetHints":{"allow":["GET"]}}],"collection":[{"href":"https:\/\/www.elle.be\/fr\/wp-json\/wp\/v2\/posts"}],"about":[{"href":"https:\/\/www.elle.be\/fr\/wp-json\/wp\/v2\/types\/post"}],"author":[{"embeddable":true,"href":"https:\/\/www.elle.be\/fr\/wp-json\/wp\/v2\/users\/46"}],"replies":[{"embeddable":true,"href":"https:\/\/www.elle.be\/fr\/wp-json\/wp\/v2\/comments?post=191699"}],"version-history":[{"count":6,"href":"https:\/\/www.elle.be\/fr\/wp-json\/wp\/v2\/posts\/191699\/revisions"}],"predecessor-version":[{"id":191787,"href":"https:\/\/www.elle.be\/fr\/wp-json\/wp\/v2\/posts\/191699\/revisions\/191787"}],"wp:featuredmedia":[{"embeddable":true,"href":"https:\/\/www.elle.be\/fr\/wp-json\/wp\/v2\/media\/191701"}],"wp:attachment":[{"href":"https:\/\/www.elle.be\/fr\/wp-json\/wp\/v2\/media?parent=191699"}],"wp:term":[{"taxonomy":"category","embeddable":true,"href":"https:\/\/www.elle.be\/fr\/wp-json\/wp\/v2\/categories?post=191699"},{"taxonomy":"post_tag","embeddable":true,"href":"https:\/\/www.elle.be\/fr\/wp-json\/wp\/v2\/tags?post=191699"}],"curies":[{"name":"wp","href":"https:\/\/api.w.org\/{rel}","templated":true}]}}