{"id":19140,"date":"2013-12-12T15:49:13","date_gmt":"2013-12-12T14:49:13","guid":{"rendered":"http:\/\/www.elle.be\/fr\/?p=19140"},"modified":"2020-12-11T18:48:17","modified_gmt":"2020-12-11T17:48:17","slug":"la-maxi-tendance-wild","status":"publish","type":"post","link":"https:\/\/www.elle.be\/fr\/19140-la-maxi-tendance-wild.html","title":{"rendered":"La Maxi tendance Into The Wild"},"content":{"rendered":"","protected":false},"excerpt":{"rendered":"Quels sont les meilleurs sites pour recr\u00e9er une d\u00e9co tr\u00e8s nature sans bouger de son canap\u00e9? ...","protected":false},"author":8,"featured_media":19163,"comment_status":"closed","ping_status":"closed","sticky":false,"template":"","format":"standard","meta":{"_acf_changed":false,"footnotes":""},"categories":[3269,3270],"tags":[276,821],"class_list":["post-19140","post","type-post","status-publish","format-standard","has-post-thumbnail","hentry","category-elle-decoration","category-tendances-deco","tag-tendance","tag-deco"],"acf":[],"image_verticale":"","_yoast_wpseo_title":"D\u00e9co: la maxi tendance Into The Wild - ELLE.be","_yoast_wpseo_metadesc":"Cet hiver, la maxi tendance c'est la d\u00e9co fa\u00e7on \" Into The Wild\" .","_yoast_wpseo_focuskw_text_input":null,"_yoast_wpseo_opengraph-title":null,"yoast_head":"<!-- This site is optimized with the Yoast SEO plugin v27.4 - https:\/\/yoast.com\/product\/yoast-seo-wordpress\/ -->\n<title>D\u00e9co: la maxi tendance Into The Wild - ELLE.be<\/title>\n<meta name=\"description\" content=\"Cet hiver, la maxi tendance c&#039;est la d\u00e9co fa\u00e7on &quot; Into The Wild&quot; .\" \/>\n<meta name=\"robots\" content=\"index, follow, max-snippet:-1, max-image-preview:large, max-video-preview:-1\" \/>\n<link rel=\"canonical\" href=\"https:\/\/www.elle.be\/fr\/19140-la-maxi-tendance-wild.html\" \/>\n<link rel=\"next\" href=\"https:\/\/www.elle.be\/fr\/19140-la-maxi-tendance-wild.html\/2\" \/>\n<meta property=\"og:locale\" content=\"fr_FR\" \/>\n<meta property=\"og:type\" content=\"article\" \/>\n<meta property=\"og:title\" content=\"D\u00e9co: la maxi tendance Into The Wild - ELLE.be\" \/>\n<meta property=\"og:description\" content=\"Cet hiver, la maxi tendance c&#039;est la d\u00e9co fa\u00e7on &quot; Into The Wild&quot; .\" \/>\n<meta property=\"og:url\" content=\"https:\/\/www.elle.be\/fr\/19140-la-maxi-tendance-wild.html\" \/>\n<meta property=\"og:site_name\" content=\"ELLE.be\" \/>\n<meta property=\"article:publisher\" content=\"https:\/\/www.facebook.com\/ELLEbelgium\/\" \/>\n<meta property=\"article:author\" content=\"https:\/\/www.facebook.com\/celine.pecheux\" \/>\n<meta property=\"article:published_time\" content=\"2013-12-12T14:49:13+00:00\" \/>\n<meta property=\"article:modified_time\" content=\"2020-12-11T17:48:17+00:00\" \/>\n<meta property=\"og:image\" content=\"https:\/\/www.elle.be\/fr\/wp-content\/uploads\/2013\/12\/intothewildOK.jpg\" \/>\n\t<meta property=\"og:image:width\" content=\"600\" \/>\n\t<meta property=\"og:image:height\" content=\"520\" \/>\n\t<meta property=\"og:image:type\" content=\"image\/jpeg\" \/>\n<meta name=\"author\" content=\"C\u00e9line P\u00e9cheux\" \/>\n<meta name=\"twitter:card\" content=\"summary_large_image\" \/>\n<meta name=\"twitter:creator\" content=\"@celinepecheux\" \/>\n<meta name=\"twitter:site\" content=\"@ELLEBelgique\" \/>\n<meta name=\"twitter:label1\" content=\"\u00c9crit par\" \/>\n\t<meta name=\"twitter:data1\" content=\"C\u00e9line P\u00e9cheux\" \/>\n\t<meta name=\"twitter:label2\" content=\"Dur\u00e9e de lecture estim\u00e9e\" \/>\n\t<meta name=\"twitter:data2\" content=\"1 minute\" \/>\n<script type=\"application\/ld+json\" class=\"yoast-schema-graph\">{\"@context\":\"https:\\\/\\\/schema.org\",\"@graph\":[{\"@type\":\"NewsArticle\",\"@id\":\"https:\\\/\\\/www.elle.be\\\/fr\\\/19140-la-maxi-tendance-wild.html#article\",\"isPartOf\":{\"@id\":\"https:\\\/\\\/www.elle.be\\\/fr\\\/19140-la-maxi-tendance-wild.html\"},\"author\":{\"name\":\"C\u00e9line P\u00e9cheux\",\"@id\":\"https:\\\/\\\/www.elle.be\\\/fr\\\/#\\\/schema\\\/person\\\/6caa2c7d3ffa4152fff44b8eab8af245\"},\"headline\":\"La Maxi tendance Into The Wild\",\"datePublished\":\"2013-12-12T14:49:13+00:00\",\"dateModified\":\"2020-12-11T17:48:17+00:00\",\"mainEntityOfPage\":{\"@id\":\"https:\\\/\\\/www.elle.be\\\/fr\\\/19140-la-maxi-tendance-wild.html\"},\"wordCount\":209,\"publisher\":{\"@id\":\"https:\\\/\\\/www.elle.be\\\/fr\\\/#organization\"},\"image\":{\"@id\":\"https:\\\/\\\/www.elle.be\\\/fr\\\/19140-la-maxi-tendance-wild.html#primaryimage\"},\"thumbnailUrl\":\"https:\\\/\\\/www.elle.be\\\/fr\\\/wp-content\\\/uploads\\\/2013\\\/12\\\/intothewildOK.jpg\",\"keywords\":[\"tendance\",\"d\u00e9co\"],\"articleSection\":[\"ELLE d\u00e9coration\",\"Tendances D\u00e9co\"],\"inLanguage\":\"fr-FR\"},{\"@type\":\"WebPage\",\"@id\":\"https:\\\/\\\/www.elle.be\\\/fr\\\/19140-la-maxi-tendance-wild.html\",\"url\":\"https:\\\/\\\/www.elle.be\\\/fr\\\/19140-la-maxi-tendance-wild.html\",\"name\":\"D\u00e9co: la maxi tendance Into The Wild - ELLE.be\",\"isPartOf\":{\"@id\":\"https:\\\/\\\/www.elle.be\\\/fr\\\/#website\"},\"primaryImageOfPage\":{\"@id\":\"https:\\\/\\\/www.elle.be\\\/fr\\\/19140-la-maxi-tendance-wild.html#primaryimage\"},\"image\":{\"@id\":\"https:\\\/\\\/www.elle.be\\\/fr\\\/19140-la-maxi-tendance-wild.html#primaryimage\"},\"thumbnailUrl\":\"https:\\\/\\\/www.elle.be\\\/fr\\\/wp-content\\\/uploads\\\/2013\\\/12\\\/intothewildOK.jpg\",\"datePublished\":\"2013-12-12T14:49:13+00:00\",\"dateModified\":\"2020-12-11T17:48:17+00:00\",\"description\":\"Cet hiver, la maxi tendance c'est la d\u00e9co fa\u00e7on \\\" Into The Wild\\\" .\",\"breadcrumb\":{\"@id\":\"https:\\\/\\\/www.elle.be\\\/fr\\\/19140-la-maxi-tendance-wild.html#breadcrumb\"},\"inLanguage\":\"fr-FR\",\"potentialAction\":[{\"@type\":\"ReadAction\",\"target\":[\"https:\\\/\\\/www.elle.be\\\/fr\\\/19140-la-maxi-tendance-wild.html\"]}]},{\"@type\":\"ImageObject\",\"inLanguage\":\"fr-FR\",\"@id\":\"https:\\\/\\\/www.elle.be\\\/fr\\\/19140-la-maxi-tendance-wild.html#primaryimage\",\"url\":\"https:\\\/\\\/www.elle.be\\\/fr\\\/wp-content\\\/uploads\\\/2013\\\/12\\\/intothewildOK.jpg\",\"contentUrl\":\"https:\\\/\\\/www.elle.be\\\/fr\\\/wp-content\\\/uploads\\\/2013\\\/12\\\/intothewildOK.jpg\",\"width\":600,\"height\":520},{\"@type\":\"BreadcrumbList\",\"@id\":\"https:\\\/\\\/www.elle.be\\\/fr\\\/19140-la-maxi-tendance-wild.html#breadcrumb\",\"itemListElement\":[{\"@type\":\"ListItem\",\"position\":1,\"name\":\"FR\",\"item\":\"https:\\\/\\\/www.elle.be\\\/fr\"},{\"@type\":\"ListItem\",\"position\":2,\"name\":\"ELLE d\u00e9coration\"}]},{\"@type\":\"WebSite\",\"@id\":\"https:\\\/\\\/www.elle.be\\\/fr\\\/#website\",\"url\":\"https:\\\/\\\/www.elle.be\\\/fr\\\/\",\"name\":\"ELLE.be\",\"description\":\"Toutes les infos mode, beaut\u00e9 et lifestyle les plus pointues ainsi qu&#039;un contenu 100% belge d\u00e9clin\u00e9 \u00e0 360\u00b0sur le site ELLE.be, nos r\u00e9seaux sociaux et notre cha\u00eene Youtube.\",\"publisher\":{\"@id\":\"https:\\\/\\\/www.elle.be\\\/fr\\\/#organization\"},\"potentialAction\":[{\"@type\":\"SearchAction\",\"target\":{\"@type\":\"EntryPoint\",\"urlTemplate\":\"https:\\\/\\\/www.elle.be\\\/fr\\\/?s={search_term_string}\"},\"query-input\":{\"@type\":\"PropertyValueSpecification\",\"valueRequired\":true,\"valueName\":\"search_term_string\"}}],\"inLanguage\":\"fr-FR\"},{\"@type\":\"Organization\",\"@id\":\"https:\\\/\\\/www.elle.be\\\/fr\\\/#organization\",\"name\":\"ELLE Belgique\",\"url\":\"https:\\\/\\\/www.elle.be\\\/fr\\\/\",\"logo\":{\"@type\":\"ImageObject\",\"inLanguage\":\"fr-FR\",\"@id\":\"https:\\\/\\\/www.elle.be\\\/fr\\\/#\\\/schema\\\/logo\\\/image\\\/\",\"url\":\"https:\\\/\\\/www.elle.be\\\/fr\\\/wp-content\\\/uploads\\\/2017\\\/03\\\/elle-icon-200px.jpeg\",\"contentUrl\":\"https:\\\/\\\/www.elle.be\\\/fr\\\/wp-content\\\/uploads\\\/2017\\\/03\\\/elle-icon-200px.jpeg\",\"width\":200,\"height\":200,\"caption\":\"ELLE Belgique\"},\"image\":{\"@id\":\"https:\\\/\\\/www.elle.be\\\/fr\\\/#\\\/schema\\\/logo\\\/image\\\/\"},\"sameAs\":[\"https:\\\/\\\/www.facebook.com\\\/ELLEbelgium\\\/\",\"https:\\\/\\\/x.com\\\/ELLEBelgique\",\"http:\\\/\\\/instagram.com\\\/ellebelgique\\\/\",\"https:\\\/\\\/www.pinterest.com\\\/ellebelgique\\\/\",\"https:\\\/\\\/www.youtube.com\\\/user\\\/ELLEbelgique1\"]},{\"@type\":\"Person\",\"@id\":\"https:\\\/\\\/www.elle.be\\\/fr\\\/#\\\/schema\\\/person\\\/6caa2c7d3ffa4152fff44b8eab8af245\",\"name\":\"C\u00e9line P\u00e9cheux\",\"image\":{\"@type\":\"ImageObject\",\"inLanguage\":\"fr-FR\",\"@id\":\"https:\\\/\\\/www.elle.be\\\/fr\\\/wp-content\\\/uploads\\\/2017\\\/03\\\/celine_pecheux-150x150.jpg\",\"url\":\"https:\\\/\\\/www.elle.be\\\/fr\\\/wp-content\\\/uploads\\\/2017\\\/03\\\/celine_pecheux-150x150.jpg\",\"contentUrl\":\"https:\\\/\\\/www.elle.be\\\/fr\\\/wp-content\\\/uploads\\\/2017\\\/03\\\/celine_pecheux-150x150.jpg\",\"caption\":\"C\u00e9line P\u00e9cheux\"},\"description\":\"Carnet d'adresses ambulant, nomade, vintage freak et foodholic, elle traque les endroits et bons plans voyage, food et d\u00e9co et parle des personnalit\u00e9s qui aiment c\u00e9l\u00e9brer l'art de vivre.\",\"sameAs\":[\"https:\\\/\\\/www.facebook.com\\\/celine.pecheux\",\"http:\\\/\\\/instagram.com\\\/celinepecheux\",\"http:\\\/\\\/pinterest.com\\\/celinepecheux\",\"https:\\\/\\\/x.com\\\/celinepecheux\"],\"url\":\"https:\\\/\\\/www.elle.be\\\/fr\\\/author\\\/celine\"}]}<\/script>\n<!-- \/ Yoast SEO plugin. -->","yoast_head_json":{"title":"D\u00e9co: la maxi tendance Into The Wild - ELLE.be","description":"Cet hiver, la maxi tendance c'est la d\u00e9co fa\u00e7on \" Into The Wild\" .","robots":{"index":"index","follow":"follow","max-snippet":"max-snippet:-1","max-image-preview":"max-image-preview:large","max-video-preview":"max-video-preview:-1"},"canonical":"https:\/\/www.elle.be\/fr\/19140-la-maxi-tendance-wild.html","next":"https:\/\/www.elle.be\/fr\/19140-la-maxi-tendance-wild.html\/2","og_locale":"fr_FR","og_type":"article","og_title":"D\u00e9co: la maxi tendance Into The Wild - ELLE.be","og_description":"Cet hiver, la maxi tendance c'est la d\u00e9co fa\u00e7on \" Into The Wild\" .","og_url":"https:\/\/www.elle.be\/fr\/19140-la-maxi-tendance-wild.html","og_site_name":"ELLE.be","article_publisher":"https:\/\/www.facebook.com\/ELLEbelgium\/","article_author":"https:\/\/www.facebook.com\/celine.pecheux","article_published_time":"2013-12-12T14:49:13+00:00","article_modified_time":"2020-12-11T17:48:17+00:00","og_image":[{"width":600,"height":520,"url":"https:\/\/www.elle.be\/fr\/wp-content\/uploads\/2013\/12\/intothewildOK.jpg","type":"image\/jpeg"}],"author":"C\u00e9line P\u00e9cheux","twitter_card":"summary_large_image","twitter_creator":"@celinepecheux","twitter_site":"@ELLEBelgique","twitter_misc":{"\u00c9crit par":"C\u00e9line P\u00e9cheux","Dur\u00e9e de lecture estim\u00e9e":"1 minute"},"schema":{"@context":"https:\/\/schema.org","@graph":[{"@type":"NewsArticle","@id":"https:\/\/www.elle.be\/fr\/19140-la-maxi-tendance-wild.html#article","isPartOf":{"@id":"https:\/\/www.elle.be\/fr\/19140-la-maxi-tendance-wild.html"},"author":{"name":"C\u00e9line P\u00e9cheux","@id":"https:\/\/www.elle.be\/fr\/#\/schema\/person\/6caa2c7d3ffa4152fff44b8eab8af245"},"headline":"La Maxi tendance Into The Wild","datePublished":"2013-12-12T14:49:13+00:00","dateModified":"2020-12-11T17:48:17+00:00","mainEntityOfPage":{"@id":"https:\/\/www.elle.be\/fr\/19140-la-maxi-tendance-wild.html"},"wordCount":209,"publisher":{"@id":"https:\/\/www.elle.be\/fr\/#organization"},"image":{"@id":"https:\/\/www.elle.be\/fr\/19140-la-maxi-tendance-wild.html#primaryimage"},"thumbnailUrl":"https:\/\/www.elle.be\/fr\/wp-content\/uploads\/2013\/12\/intothewildOK.jpg","keywords":["tendance","d\u00e9co"],"articleSection":["ELLE d\u00e9coration","Tendances D\u00e9co"],"inLanguage":"fr-FR"},{"@type":"WebPage","@id":"https:\/\/www.elle.be\/fr\/19140-la-maxi-tendance-wild.html","url":"https:\/\/www.elle.be\/fr\/19140-la-maxi-tendance-wild.html","name":"D\u00e9co: la maxi tendance Into The Wild - ELLE.be","isPartOf":{"@id":"https:\/\/www.elle.be\/fr\/#website"},"primaryImageOfPage":{"@id":"https:\/\/www.elle.be\/fr\/19140-la-maxi-tendance-wild.html#primaryimage"},"image":{"@id":"https:\/\/www.elle.be\/fr\/19140-la-maxi-tendance-wild.html#primaryimage"},"thumbnailUrl":"https:\/\/www.elle.be\/fr\/wp-content\/uploads\/2013\/12\/intothewildOK.jpg","datePublished":"2013-12-12T14:49:13+00:00","dateModified":"2020-12-11T17:48:17+00:00","description":"Cet hiver, la maxi tendance c'est la d\u00e9co fa\u00e7on \" Into The Wild\" .","breadcrumb":{"@id":"https:\/\/www.elle.be\/fr\/19140-la-maxi-tendance-wild.html#breadcrumb"},"inLanguage":"fr-FR","potentialAction":[{"@type":"ReadAction","target":["https:\/\/www.elle.be\/fr\/19140-la-maxi-tendance-wild.html"]}]},{"@type":"ImageObject","inLanguage":"fr-FR","@id":"https:\/\/www.elle.be\/fr\/19140-la-maxi-tendance-wild.html#primaryimage","url":"https:\/\/www.elle.be\/fr\/wp-content\/uploads\/2013\/12\/intothewildOK.jpg","contentUrl":"https:\/\/www.elle.be\/fr\/wp-content\/uploads\/2013\/12\/intothewildOK.jpg","width":600,"height":520},{"@type":"BreadcrumbList","@id":"https:\/\/www.elle.be\/fr\/19140-la-maxi-tendance-wild.html#breadcrumb","itemListElement":[{"@type":"ListItem","position":1,"name":"FR","item":"https:\/\/www.elle.be\/fr"},{"@type":"ListItem","position":2,"name":"ELLE d\u00e9coration"}]},{"@type":"WebSite","@id":"https:\/\/www.elle.be\/fr\/#website","url":"https:\/\/www.elle.be\/fr\/","name":"ELLE.be","description":"Toutes les infos mode, beaut\u00e9 et lifestyle les plus pointues ainsi qu&#039;un contenu 100% belge d\u00e9clin\u00e9 \u00e0 360\u00b0sur le site ELLE.be, nos r\u00e9seaux sociaux et notre cha\u00eene Youtube.","publisher":{"@id":"https:\/\/www.elle.be\/fr\/#organization"},"potentialAction":[{"@type":"SearchAction","target":{"@type":"EntryPoint","urlTemplate":"https:\/\/www.elle.be\/fr\/?s={search_term_string}"},"query-input":{"@type":"PropertyValueSpecification","valueRequired":true,"valueName":"search_term_string"}}],"inLanguage":"fr-FR"},{"@type":"Organization","@id":"https:\/\/www.elle.be\/fr\/#organization","name":"ELLE Belgique","url":"https:\/\/www.elle.be\/fr\/","logo":{"@type":"ImageObject","inLanguage":"fr-FR","@id":"https:\/\/www.elle.be\/fr\/#\/schema\/logo\/image\/","url":"https:\/\/www.elle.be\/fr\/wp-content\/uploads\/2017\/03\/elle-icon-200px.jpeg","contentUrl":"https:\/\/www.elle.be\/fr\/wp-content\/uploads\/2017\/03\/elle-icon-200px.jpeg","width":200,"height":200,"caption":"ELLE Belgique"},"image":{"@id":"https:\/\/www.elle.be\/fr\/#\/schema\/logo\/image\/"},"sameAs":["https:\/\/www.facebook.com\/ELLEbelgium\/","https:\/\/x.com\/ELLEBelgique","http:\/\/instagram.com\/ellebelgique\/","https:\/\/www.pinterest.com\/ellebelgique\/","https:\/\/www.youtube.com\/user\/ELLEbelgique1"]},{"@type":"Person","@id":"https:\/\/www.elle.be\/fr\/#\/schema\/person\/6caa2c7d3ffa4152fff44b8eab8af245","name":"C\u00e9line P\u00e9cheux","image":{"@type":"ImageObject","inLanguage":"fr-FR","@id":"https:\/\/www.elle.be\/fr\/wp-content\/uploads\/2017\/03\/celine_pecheux-150x150.jpg","url":"https:\/\/www.elle.be\/fr\/wp-content\/uploads\/2017\/03\/celine_pecheux-150x150.jpg","contentUrl":"https:\/\/www.elle.be\/fr\/wp-content\/uploads\/2017\/03\/celine_pecheux-150x150.jpg","caption":"C\u00e9line P\u00e9cheux"},"description":"Carnet d'adresses ambulant, nomade, vintage freak et foodholic, elle traque les endroits et bons plans voyage, food et d\u00e9co et parle des personnalit\u00e9s qui aiment c\u00e9l\u00e9brer l'art de vivre.","sameAs":["https:\/\/www.facebook.com\/celine.pecheux","http:\/\/instagram.com\/celinepecheux","http:\/\/pinterest.com\/celinepecheux","https:\/\/x.com\/celinepecheux"],"url":"https:\/\/www.elle.be\/fr\/author\/celine"}]}},"_links":{"self":[{"href":"https:\/\/www.elle.be\/fr\/wp-json\/wp\/v2\/posts\/19140","targetHints":{"allow":["GET"]}}],"collection":[{"href":"https:\/\/www.elle.be\/fr\/wp-json\/wp\/v2\/posts"}],"about":[{"href":"https:\/\/www.elle.be\/fr\/wp-json\/wp\/v2\/types\/post"}],"author":[{"embeddable":true,"href":"https:\/\/www.elle.be\/fr\/wp-json\/wp\/v2\/users\/8"}],"replies":[{"embeddable":true,"href":"https:\/\/www.elle.be\/fr\/wp-json\/wp\/v2\/comments?post=19140"}],"version-history":[{"count":3,"href":"https:\/\/www.elle.be\/fr\/wp-json\/wp\/v2\/posts\/19140\/revisions"}],"predecessor-version":[{"id":318021,"href":"https:\/\/www.elle.be\/fr\/wp-json\/wp\/v2\/posts\/19140\/revisions\/318021"}],"wp:featuredmedia":[{"embeddable":true,"href":"https:\/\/www.elle.be\/fr\/wp-json\/wp\/v2\/media\/19163"}],"wp:attachment":[{"href":"https:\/\/www.elle.be\/fr\/wp-json\/wp\/v2\/media?parent=19140"}],"wp:term":[{"taxonomy":"category","embeddable":true,"href":"https:\/\/www.elle.be\/fr\/wp-json\/wp\/v2\/categories?post=19140"},{"taxonomy":"post_tag","embeddable":true,"href":"https:\/\/www.elle.be\/fr\/wp-json\/wp\/v2\/tags?post=19140"}],"curies":[{"name":"wp","href":"https:\/\/api.w.org\/{rel}","templated":true}]}}