{"id":187590,"date":"2017-11-06T11:49:36","date_gmt":"2017-11-06T10:49:36","guid":{"rendered":"http:\/\/www.elle.be\/fr\/?p=187590"},"modified":"2023-07-28T13:44:42","modified_gmt":"2023-07-28T11:44:42","slug":"avez-manque-a-toute-premiere-fashion-night","status":"publish","type":"post","link":"https:\/\/www.elle.be\/fr\/187590-avez-manque-a-toute-premiere-fashion-night.html","title":{"rendered":"Ce que vous avez manqu\u00e9 \u00e0 la toute premi\u00e8re ELLE Fashion Night !"},"content":{"rendered":"","protected":false},"excerpt":{"rendered":"Anvers est depuis plusieurs ann\u00e9es d\u00e9j\u00e0 un haut lieu sur la carte de la mode internationale gr\u00e2ce \u00e0 des stylistes de renom comme Dries Van Noten et Walter Van Beirendonck, \u00e0 son Mus\u00e9e et son Acad\u00e9mie de la mode, ainsi qu\u2019\u00e0 une myriade de concept stores tendance et de boutiques de mode.","protected":false},"author":6,"featured_media":188647,"comment_status":"closed","ping_status":"closed","sticky":false,"template":"","format":"standard","meta":{"_acf_changed":false,"footnotes":""},"categories":[2202,1186],"tags":[],"class_list":["post-187590","post","type-post","status-publish","format-standard","has-post-thumbnail","hentry","category-news-actu","category-actu"],"acf":[],"image_verticale":"","_yoast_wpseo_title":null,"_yoast_wpseo_metadesc":null,"_yoast_wpseo_focuskw_text_input":null,"_yoast_wpseo_opengraph-title":null,"yoast_head":"<!-- This site is optimized with the Yoast SEO plugin v27.4 - https:\/\/yoast.com\/product\/yoast-seo-wordpress\/ -->\n<title>Ce que vous avez manqu\u00e9 \u00e0 la toute premi\u00e8re ELLE Fashion Night ! - ELLE.be<\/title>\n<meta name=\"description\" content=\"Anvers est depuis plusieurs ann\u00e9es d\u00e9j\u00e0 un haut lieu sur la carte de la mode internationale gr\u00e2ce \u00e0 des stylistes de renom comme Dries Van Noten et Walter\" \/>\n<meta name=\"robots\" content=\"index, follow, max-snippet:-1, max-image-preview:large, max-video-preview:-1\" \/>\n<link rel=\"canonical\" href=\"https:\/\/www.elle.be\/fr\/187590-avez-manque-a-toute-premiere-fashion-night.html\" \/>\n<meta property=\"og:locale\" content=\"fr_FR\" \/>\n<meta property=\"og:type\" content=\"article\" \/>\n<meta property=\"og:title\" content=\"Ce que vous avez manqu\u00e9 \u00e0 la toute premi\u00e8re ELLE Fashion Night ! - ELLE.be\" \/>\n<meta property=\"og:description\" content=\"Anvers est depuis plusieurs ann\u00e9es d\u00e9j\u00e0 un haut lieu sur la carte de la mode internationale gr\u00e2ce \u00e0 des stylistes de renom comme Dries Van Noten et Walter\" \/>\n<meta property=\"og:url\" content=\"https:\/\/www.elle.be\/fr\/187590-avez-manque-a-toute-premiere-fashion-night.html\" \/>\n<meta property=\"og:site_name\" content=\"ELLE.be\" \/>\n<meta property=\"article:publisher\" content=\"https:\/\/www.facebook.com\/ELLEbelgium\/\" \/>\n<meta property=\"article:author\" content=\"https:\/\/www.facebook.com\/pages\/ELLE-Belgique\/37490723084\" \/>\n<meta property=\"article:published_time\" content=\"2017-11-06T10:49:36+00:00\" \/>\n<meta property=\"article:modified_time\" content=\"2023-07-28T11:44:42+00:00\" \/>\n<meta property=\"og:image\" content=\"https:\/\/www.elle.be\/fr\/wp-content\/uploads\/2017\/11\/FashionNight-Alaune.jpg\" \/>\n\t<meta property=\"og:image:width\" content=\"670\" \/>\n\t<meta property=\"og:image:height\" content=\"351\" \/>\n\t<meta property=\"og:image:type\" content=\"image\/jpeg\" \/>\n<meta name=\"author\" content=\"La r\u00e9daction\" \/>\n<meta name=\"twitter:card\" content=\"summary_large_image\" \/>\n<meta name=\"twitter:creator\" content=\"@ELLEBelgique\" \/>\n<meta name=\"twitter:site\" content=\"@ELLEBelgique\" \/>\n<meta name=\"twitter:label1\" content=\"\u00c9crit par\" \/>\n\t<meta name=\"twitter:data1\" content=\"La r\u00e9daction\" \/>\n\t<meta name=\"twitter:label2\" content=\"Dur\u00e9e de lecture estim\u00e9e\" \/>\n\t<meta name=\"twitter:data2\" content=\"1 minute\" \/>\n<script type=\"application\/ld+json\" class=\"yoast-schema-graph\">{\"@context\":\"https:\\\/\\\/schema.org\",\"@graph\":[{\"@type\":\"NewsArticle\",\"@id\":\"https:\\\/\\\/www.elle.be\\\/fr\\\/187590-avez-manque-a-toute-premiere-fashion-night.html#article\",\"isPartOf\":{\"@id\":\"https:\\\/\\\/www.elle.be\\\/fr\\\/187590-avez-manque-a-toute-premiere-fashion-night.html\"},\"author\":{\"name\":\"La r\u00e9daction\",\"@id\":\"https:\\\/\\\/www.elle.be\\\/fr\\\/#\\\/schema\\\/person\\\/16ba064c2e0ef434bf6ed0b45c6e813f\"},\"headline\":\"Ce que vous avez manqu\u00e9 \u00e0 la toute premi\u00e8re ELLE Fashion Night !\",\"datePublished\":\"2017-11-06T10:49:36+00:00\",\"dateModified\":\"2023-07-28T11:44:42+00:00\",\"mainEntityOfPage\":{\"@id\":\"https:\\\/\\\/www.elle.be\\\/fr\\\/187590-avez-manque-a-toute-premiere-fashion-night.html\"},\"wordCount\":237,\"publisher\":{\"@id\":\"https:\\\/\\\/www.elle.be\\\/fr\\\/#organization\"},\"image\":{\"@id\":\"https:\\\/\\\/www.elle.be\\\/fr\\\/187590-avez-manque-a-toute-premiere-fashion-night.html#primaryimage\"},\"thumbnailUrl\":\"https:\\\/\\\/www.elle.be\\\/fr\\\/wp-content\\\/uploads\\\/2017\\\/11\\\/FashionNight-Alaune.jpg\",\"articleSection\":[\"News Actu\",\"Actu\"],\"inLanguage\":\"fr-FR\"},{\"@type\":\"WebPage\",\"@id\":\"https:\\\/\\\/www.elle.be\\\/fr\\\/187590-avez-manque-a-toute-premiere-fashion-night.html\",\"url\":\"https:\\\/\\\/www.elle.be\\\/fr\\\/187590-avez-manque-a-toute-premiere-fashion-night.html\",\"name\":\"Ce que vous avez manqu\u00e9 \u00e0 la toute premi\u00e8re ELLE Fashion Night ! - ELLE.be\",\"isPartOf\":{\"@id\":\"https:\\\/\\\/www.elle.be\\\/fr\\\/#website\"},\"primaryImageOfPage\":{\"@id\":\"https:\\\/\\\/www.elle.be\\\/fr\\\/187590-avez-manque-a-toute-premiere-fashion-night.html#primaryimage\"},\"image\":{\"@id\":\"https:\\\/\\\/www.elle.be\\\/fr\\\/187590-avez-manque-a-toute-premiere-fashion-night.html#primaryimage\"},\"thumbnailUrl\":\"https:\\\/\\\/www.elle.be\\\/fr\\\/wp-content\\\/uploads\\\/2017\\\/11\\\/FashionNight-Alaune.jpg\",\"datePublished\":\"2017-11-06T10:49:36+00:00\",\"dateModified\":\"2023-07-28T11:44:42+00:00\",\"description\":\"Anvers est depuis plusieurs ann\u00e9es d\u00e9j\u00e0 un haut lieu sur la carte de la mode internationale gr\u00e2ce \u00e0 des stylistes de renom comme Dries Van Noten et Walter\",\"breadcrumb\":{\"@id\":\"https:\\\/\\\/www.elle.be\\\/fr\\\/187590-avez-manque-a-toute-premiere-fashion-night.html#breadcrumb\"},\"inLanguage\":\"fr-FR\",\"potentialAction\":[{\"@type\":\"ReadAction\",\"target\":[\"https:\\\/\\\/www.elle.be\\\/fr\\\/187590-avez-manque-a-toute-premiere-fashion-night.html\"]}]},{\"@type\":\"ImageObject\",\"inLanguage\":\"fr-FR\",\"@id\":\"https:\\\/\\\/www.elle.be\\\/fr\\\/187590-avez-manque-a-toute-premiere-fashion-night.html#primaryimage\",\"url\":\"https:\\\/\\\/www.elle.be\\\/fr\\\/wp-content\\\/uploads\\\/2017\\\/11\\\/FashionNight-Alaune.jpg\",\"contentUrl\":\"https:\\\/\\\/www.elle.be\\\/fr\\\/wp-content\\\/uploads\\\/2017\\\/11\\\/FashionNight-Alaune.jpg\",\"width\":670,\"height\":351},{\"@type\":\"BreadcrumbList\",\"@id\":\"https:\\\/\\\/www.elle.be\\\/fr\\\/187590-avez-manque-a-toute-premiere-fashion-night.html#breadcrumb\",\"itemListElement\":[{\"@type\":\"ListItem\",\"position\":1,\"name\":\"FR\",\"item\":\"https:\\\/\\\/www.elle.be\\\/fr\"},{\"@type\":\"ListItem\",\"position\":2,\"name\":\"Actu\",\"item\":\"https:\\\/\\\/www.elle.be\\\/fr\\\/actu\"},{\"@type\":\"ListItem\",\"position\":3,\"name\":\"Ce que vous avez manqu\u00e9 \u00e0 la toute premi\u00e8re ELLE Fashion Night !\"}]},{\"@type\":\"WebSite\",\"@id\":\"https:\\\/\\\/www.elle.be\\\/fr\\\/#website\",\"url\":\"https:\\\/\\\/www.elle.be\\\/fr\\\/\",\"name\":\"ELLE.be\",\"description\":\"Toutes les infos mode, beaut\u00e9 et lifestyle les plus pointues ainsi qu&#039;un contenu 100% belge d\u00e9clin\u00e9 \u00e0 360\u00b0sur le site ELLE.be, nos r\u00e9seaux sociaux et notre cha\u00eene Youtube.\",\"publisher\":{\"@id\":\"https:\\\/\\\/www.elle.be\\\/fr\\\/#organization\"},\"potentialAction\":[{\"@type\":\"SearchAction\",\"target\":{\"@type\":\"EntryPoint\",\"urlTemplate\":\"https:\\\/\\\/www.elle.be\\\/fr\\\/?s={search_term_string}\"},\"query-input\":{\"@type\":\"PropertyValueSpecification\",\"valueRequired\":true,\"valueName\":\"search_term_string\"}}],\"inLanguage\":\"fr-FR\"},{\"@type\":\"Organization\",\"@id\":\"https:\\\/\\\/www.elle.be\\\/fr\\\/#organization\",\"name\":\"ELLE Belgique\",\"url\":\"https:\\\/\\\/www.elle.be\\\/fr\\\/\",\"logo\":{\"@type\":\"ImageObject\",\"inLanguage\":\"fr-FR\",\"@id\":\"https:\\\/\\\/www.elle.be\\\/fr\\\/#\\\/schema\\\/logo\\\/image\\\/\",\"url\":\"https:\\\/\\\/www.elle.be\\\/fr\\\/wp-content\\\/uploads\\\/2017\\\/03\\\/elle-icon-200px.jpeg\",\"contentUrl\":\"https:\\\/\\\/www.elle.be\\\/fr\\\/wp-content\\\/uploads\\\/2017\\\/03\\\/elle-icon-200px.jpeg\",\"width\":200,\"height\":200,\"caption\":\"ELLE Belgique\"},\"image\":{\"@id\":\"https:\\\/\\\/www.elle.be\\\/fr\\\/#\\\/schema\\\/logo\\\/image\\\/\"},\"sameAs\":[\"https:\\\/\\\/www.facebook.com\\\/ELLEbelgium\\\/\",\"https:\\\/\\\/x.com\\\/ELLEBelgique\",\"http:\\\/\\\/instagram.com\\\/ellebelgique\\\/\",\"https:\\\/\\\/www.pinterest.com\\\/ellebelgique\\\/\",\"https:\\\/\\\/www.youtube.com\\\/user\\\/ELLEbelgique1\"]},{\"@type\":\"Person\",\"@id\":\"https:\\\/\\\/www.elle.be\\\/fr\\\/#\\\/schema\\\/person\\\/16ba064c2e0ef434bf6ed0b45c6e813f\",\"name\":\"La r\u00e9daction\",\"image\":{\"@type\":\"ImageObject\",\"inLanguage\":\"fr-FR\",\"@id\":\"https:\\\/\\\/www.elle.be\\\/fr\\\/wp-content\\\/uploads\\\/2017\\\/03\\\/cover_FR166-96x96.jpg\",\"url\":\"https:\\\/\\\/www.elle.be\\\/fr\\\/wp-content\\\/uploads\\\/2017\\\/03\\\/cover_FR166-96x96.jpg\",\"contentUrl\":\"https:\\\/\\\/www.elle.be\\\/fr\\\/wp-content\\\/uploads\\\/2017\\\/03\\\/cover_FR166-96x96.jpg\",\"caption\":\"La r\u00e9daction\"},\"description\":\"Toutes les infos mode, beaut\u00e9 et lifestyle les plus pointues ainsi qu'un contenu 100% belge d\u00e9clin\u00e9 \u00e0 360\u00b0sur le site ELLE.be, nos r\u00e9seaux sociaux et notre cha\u00eene Youtube.\",\"sameAs\":[\"http:\\\/\\\/www.elle.be\\\/fr\\\/\",\"https:\\\/\\\/www.facebook.com\\\/pages\\\/ELLE-Belgique\\\/37490723084\",\"http:\\\/\\\/instagram.com\\\/ellebelgique#\",\"http:\\\/\\\/www.pinterest.com\\\/ellebelgique\\\/pins\\\/\",\"https:\\\/\\\/x.com\\\/ELLEBelgique\"],\"url\":\"https:\\\/\\\/www.elle.be\\\/fr\\\/author\\\/elle-be\"}]}<\/script>\n<!-- \/ Yoast SEO plugin. -->","yoast_head_json":{"title":"Ce que vous avez manqu\u00e9 \u00e0 la toute premi\u00e8re ELLE Fashion Night ! - ELLE.be","description":"Anvers est depuis plusieurs ann\u00e9es d\u00e9j\u00e0 un haut lieu sur la carte de la mode internationale gr\u00e2ce \u00e0 des stylistes de renom comme Dries Van Noten et Walter","robots":{"index":"index","follow":"follow","max-snippet":"max-snippet:-1","max-image-preview":"max-image-preview:large","max-video-preview":"max-video-preview:-1"},"canonical":"https:\/\/www.elle.be\/fr\/187590-avez-manque-a-toute-premiere-fashion-night.html","og_locale":"fr_FR","og_type":"article","og_title":"Ce que vous avez manqu\u00e9 \u00e0 la toute premi\u00e8re ELLE Fashion Night ! - ELLE.be","og_description":"Anvers est depuis plusieurs ann\u00e9es d\u00e9j\u00e0 un haut lieu sur la carte de la mode internationale gr\u00e2ce \u00e0 des stylistes de renom comme Dries Van Noten et Walter","og_url":"https:\/\/www.elle.be\/fr\/187590-avez-manque-a-toute-premiere-fashion-night.html","og_site_name":"ELLE.be","article_publisher":"https:\/\/www.facebook.com\/ELLEbelgium\/","article_author":"https:\/\/www.facebook.com\/pages\/ELLE-Belgique\/37490723084","article_published_time":"2017-11-06T10:49:36+00:00","article_modified_time":"2023-07-28T11:44:42+00:00","og_image":[{"width":670,"height":351,"url":"https:\/\/www.elle.be\/fr\/wp-content\/uploads\/2017\/11\/FashionNight-Alaune.jpg","type":"image\/jpeg"}],"author":"La r\u00e9daction","twitter_card":"summary_large_image","twitter_creator":"@ELLEBelgique","twitter_site":"@ELLEBelgique","twitter_misc":{"\u00c9crit par":"La r\u00e9daction","Dur\u00e9e de lecture estim\u00e9e":"1 minute"},"schema":{"@context":"https:\/\/schema.org","@graph":[{"@type":"NewsArticle","@id":"https:\/\/www.elle.be\/fr\/187590-avez-manque-a-toute-premiere-fashion-night.html#article","isPartOf":{"@id":"https:\/\/www.elle.be\/fr\/187590-avez-manque-a-toute-premiere-fashion-night.html"},"author":{"name":"La r\u00e9daction","@id":"https:\/\/www.elle.be\/fr\/#\/schema\/person\/16ba064c2e0ef434bf6ed0b45c6e813f"},"headline":"Ce que vous avez manqu\u00e9 \u00e0 la toute premi\u00e8re ELLE Fashion Night !","datePublished":"2017-11-06T10:49:36+00:00","dateModified":"2023-07-28T11:44:42+00:00","mainEntityOfPage":{"@id":"https:\/\/www.elle.be\/fr\/187590-avez-manque-a-toute-premiere-fashion-night.html"},"wordCount":237,"publisher":{"@id":"https:\/\/www.elle.be\/fr\/#organization"},"image":{"@id":"https:\/\/www.elle.be\/fr\/187590-avez-manque-a-toute-premiere-fashion-night.html#primaryimage"},"thumbnailUrl":"https:\/\/www.elle.be\/fr\/wp-content\/uploads\/2017\/11\/FashionNight-Alaune.jpg","articleSection":["News Actu","Actu"],"inLanguage":"fr-FR"},{"@type":"WebPage","@id":"https:\/\/www.elle.be\/fr\/187590-avez-manque-a-toute-premiere-fashion-night.html","url":"https:\/\/www.elle.be\/fr\/187590-avez-manque-a-toute-premiere-fashion-night.html","name":"Ce que vous avez manqu\u00e9 \u00e0 la toute premi\u00e8re ELLE Fashion Night ! - ELLE.be","isPartOf":{"@id":"https:\/\/www.elle.be\/fr\/#website"},"primaryImageOfPage":{"@id":"https:\/\/www.elle.be\/fr\/187590-avez-manque-a-toute-premiere-fashion-night.html#primaryimage"},"image":{"@id":"https:\/\/www.elle.be\/fr\/187590-avez-manque-a-toute-premiere-fashion-night.html#primaryimage"},"thumbnailUrl":"https:\/\/www.elle.be\/fr\/wp-content\/uploads\/2017\/11\/FashionNight-Alaune.jpg","datePublished":"2017-11-06T10:49:36+00:00","dateModified":"2023-07-28T11:44:42+00:00","description":"Anvers est depuis plusieurs ann\u00e9es d\u00e9j\u00e0 un haut lieu sur la carte de la mode internationale gr\u00e2ce \u00e0 des stylistes de renom comme Dries Van Noten et Walter","breadcrumb":{"@id":"https:\/\/www.elle.be\/fr\/187590-avez-manque-a-toute-premiere-fashion-night.html#breadcrumb"},"inLanguage":"fr-FR","potentialAction":[{"@type":"ReadAction","target":["https:\/\/www.elle.be\/fr\/187590-avez-manque-a-toute-premiere-fashion-night.html"]}]},{"@type":"ImageObject","inLanguage":"fr-FR","@id":"https:\/\/www.elle.be\/fr\/187590-avez-manque-a-toute-premiere-fashion-night.html#primaryimage","url":"https:\/\/www.elle.be\/fr\/wp-content\/uploads\/2017\/11\/FashionNight-Alaune.jpg","contentUrl":"https:\/\/www.elle.be\/fr\/wp-content\/uploads\/2017\/11\/FashionNight-Alaune.jpg","width":670,"height":351},{"@type":"BreadcrumbList","@id":"https:\/\/www.elle.be\/fr\/187590-avez-manque-a-toute-premiere-fashion-night.html#breadcrumb","itemListElement":[{"@type":"ListItem","position":1,"name":"FR","item":"https:\/\/www.elle.be\/fr"},{"@type":"ListItem","position":2,"name":"Actu","item":"https:\/\/www.elle.be\/fr\/actu"},{"@type":"ListItem","position":3,"name":"Ce que vous avez manqu\u00e9 \u00e0 la toute premi\u00e8re ELLE Fashion Night !"}]},{"@type":"WebSite","@id":"https:\/\/www.elle.be\/fr\/#website","url":"https:\/\/www.elle.be\/fr\/","name":"ELLE.be","description":"Toutes les infos mode, beaut\u00e9 et lifestyle les plus pointues ainsi qu&#039;un contenu 100% belge d\u00e9clin\u00e9 \u00e0 360\u00b0sur le site ELLE.be, nos r\u00e9seaux sociaux et notre cha\u00eene Youtube.","publisher":{"@id":"https:\/\/www.elle.be\/fr\/#organization"},"potentialAction":[{"@type":"SearchAction","target":{"@type":"EntryPoint","urlTemplate":"https:\/\/www.elle.be\/fr\/?s={search_term_string}"},"query-input":{"@type":"PropertyValueSpecification","valueRequired":true,"valueName":"search_term_string"}}],"inLanguage":"fr-FR"},{"@type":"Organization","@id":"https:\/\/www.elle.be\/fr\/#organization","name":"ELLE Belgique","url":"https:\/\/www.elle.be\/fr\/","logo":{"@type":"ImageObject","inLanguage":"fr-FR","@id":"https:\/\/www.elle.be\/fr\/#\/schema\/logo\/image\/","url":"https:\/\/www.elle.be\/fr\/wp-content\/uploads\/2017\/03\/elle-icon-200px.jpeg","contentUrl":"https:\/\/www.elle.be\/fr\/wp-content\/uploads\/2017\/03\/elle-icon-200px.jpeg","width":200,"height":200,"caption":"ELLE Belgique"},"image":{"@id":"https:\/\/www.elle.be\/fr\/#\/schema\/logo\/image\/"},"sameAs":["https:\/\/www.facebook.com\/ELLEbelgium\/","https:\/\/x.com\/ELLEBelgique","http:\/\/instagram.com\/ellebelgique\/","https:\/\/www.pinterest.com\/ellebelgique\/","https:\/\/www.youtube.com\/user\/ELLEbelgique1"]},{"@type":"Person","@id":"https:\/\/www.elle.be\/fr\/#\/schema\/person\/16ba064c2e0ef434bf6ed0b45c6e813f","name":"La r\u00e9daction","image":{"@type":"ImageObject","inLanguage":"fr-FR","@id":"https:\/\/www.elle.be\/fr\/wp-content\/uploads\/2017\/03\/cover_FR166-96x96.jpg","url":"https:\/\/www.elle.be\/fr\/wp-content\/uploads\/2017\/03\/cover_FR166-96x96.jpg","contentUrl":"https:\/\/www.elle.be\/fr\/wp-content\/uploads\/2017\/03\/cover_FR166-96x96.jpg","caption":"La r\u00e9daction"},"description":"Toutes les infos mode, beaut\u00e9 et lifestyle les plus pointues ainsi qu'un contenu 100% belge d\u00e9clin\u00e9 \u00e0 360\u00b0sur le site ELLE.be, nos r\u00e9seaux sociaux et notre cha\u00eene Youtube.","sameAs":["http:\/\/www.elle.be\/fr\/","https:\/\/www.facebook.com\/pages\/ELLE-Belgique\/37490723084","http:\/\/instagram.com\/ellebelgique#","http:\/\/www.pinterest.com\/ellebelgique\/pins\/","https:\/\/x.com\/ELLEBelgique"],"url":"https:\/\/www.elle.be\/fr\/author\/elle-be"}]}},"_links":{"self":[{"href":"https:\/\/www.elle.be\/fr\/wp-json\/wp\/v2\/posts\/187590","targetHints":{"allow":["GET"]}}],"collection":[{"href":"https:\/\/www.elle.be\/fr\/wp-json\/wp\/v2\/posts"}],"about":[{"href":"https:\/\/www.elle.be\/fr\/wp-json\/wp\/v2\/types\/post"}],"author":[{"embeddable":true,"href":"https:\/\/www.elle.be\/fr\/wp-json\/wp\/v2\/users\/6"}],"replies":[{"embeddable":true,"href":"https:\/\/www.elle.be\/fr\/wp-json\/wp\/v2\/comments?post=187590"}],"version-history":[{"count":12,"href":"https:\/\/www.elle.be\/fr\/wp-json\/wp\/v2\/posts\/187590\/revisions"}],"predecessor-version":[{"id":189531,"href":"https:\/\/www.elle.be\/fr\/wp-json\/wp\/v2\/posts\/187590\/revisions\/189531"}],"wp:featuredmedia":[{"embeddable":true,"href":"https:\/\/www.elle.be\/fr\/wp-json\/wp\/v2\/media\/188647"}],"wp:attachment":[{"href":"https:\/\/www.elle.be\/fr\/wp-json\/wp\/v2\/media?parent=187590"}],"wp:term":[{"taxonomy":"category","embeddable":true,"href":"https:\/\/www.elle.be\/fr\/wp-json\/wp\/v2\/categories?post=187590"},{"taxonomy":"post_tag","embeddable":true,"href":"https:\/\/www.elle.be\/fr\/wp-json\/wp\/v2\/tags?post=187590"}],"curies":[{"name":"wp","href":"https:\/\/api.w.org\/{rel}","templated":true}]}}