{"id":18464,"date":"2013-12-05T12:23:15","date_gmt":"2013-12-05T11:23:15","guid":{"rendered":"http:\/\/www.elle.be\/fr\/?p=18464"},"modified":"2018-02-21T11:40:26","modified_gmt":"2018-02-21T10:40:26","slug":"lettre-saint-nicolas-est-punk-ou-ne-lest-pas","status":"publish","type":"post","link":"https:\/\/www.elle.be\/fr\/18464-lettre-saint-nicolas-est-punk-ou-ne-lest-pas.html","title":{"rendered":"Lettre \u00e0 Saint-Nicolas: on est punk ou on ne l&#8217;est pas!"},"content":{"rendered":"","protected":false},"excerpt":{"rendered":"Cher Saint-Nicolas,\n\u00c7a fait d\u00e9j\u00e0 trois semaines que je te croise \u00e0 tous les coins de rue (fais gaffe avec ton r\u00e9gime yoyo, c\u2019est pas sain de perdre et reprendre du poids aussi vite que \u00e7a.","protected":false},"author":17,"featured_media":18465,"comment_status":"closed","ping_status":"closed","sticky":false,"template":"","format":"standard","meta":{"_acf_changed":false,"footnotes":""},"categories":[1186,2220],"tags":[],"class_list":["post-18464","post","type-post","status-publish","format-standard","has-post-thumbnail","hentry","category-actu","category-societe"],"acf":[],"image_verticale":"","_yoast_wpseo_title":null,"_yoast_wpseo_metadesc":null,"_yoast_wpseo_focuskw_text_input":null,"_yoast_wpseo_opengraph-title":null,"yoast_head":"<!-- This site is optimized with the Yoast SEO plugin v27.4 - https:\/\/yoast.com\/product\/yoast-seo-wordpress\/ -->\n<title>Lettre \u00e0 Saint-Nicolas: on est punk ou on ne l&#039;est pas! - ELLE.be<\/title>\n<meta name=\"description\" content=\"Cher Saint-Nicolas, \u00c7a fait d\u00e9j\u00e0 trois semaines que je te croise \u00e0 tous les coins de rue (fais gaffe avec ton r\u00e9gime yoyo, c\u2019est pas sain de perdre et\" \/>\n<meta name=\"robots\" content=\"index, follow, max-snippet:-1, max-image-preview:large, max-video-preview:-1\" \/>\n<link rel=\"canonical\" href=\"https:\/\/www.elle.be\/fr\/18464-lettre-saint-nicolas-est-punk-ou-ne-lest-pas.html\" \/>\n<meta property=\"og:locale\" content=\"fr_FR\" \/>\n<meta property=\"og:type\" content=\"article\" \/>\n<meta property=\"og:title\" content=\"Lettre \u00e0 Saint-Nicolas: on est punk ou on ne l&#039;est pas! - ELLE.be\" \/>\n<meta property=\"og:description\" content=\"Cher Saint-Nicolas, \u00c7a fait d\u00e9j\u00e0 trois semaines que je te croise \u00e0 tous les coins de rue (fais gaffe avec ton r\u00e9gime yoyo, c\u2019est pas sain de perdre et\" \/>\n<meta property=\"og:url\" content=\"https:\/\/www.elle.be\/fr\/18464-lettre-saint-nicolas-est-punk-ou-ne-lest-pas.html\" \/>\n<meta property=\"og:site_name\" content=\"ELLE.be\" \/>\n<meta property=\"article:publisher\" content=\"https:\/\/www.facebook.com\/ELLEbelgium\/\" \/>\n<meta property=\"article:published_time\" content=\"2013-12-05T11:23:15+00:00\" \/>\n<meta property=\"article:modified_time\" content=\"2018-02-21T10:40:26+00:00\" \/>\n<meta property=\"og:image\" content=\"https:\/\/www.elle.be\/fr\/wp-content\/uploads\/2013\/12\/saint-nicolas-bourg.jpg\" \/>\n\t<meta property=\"og:image:width\" content=\"600\" \/>\n\t<meta property=\"og:image:height\" content=\"520\" \/>\n\t<meta property=\"og:image:type\" content=\"image\/jpeg\" \/>\n<meta name=\"author\" content=\"Juliette Debruxelles\" \/>\n<meta name=\"twitter:card\" content=\"summary_large_image\" \/>\n<meta name=\"twitter:creator\" content=\"@ELLEBelgique\" \/>\n<meta name=\"twitter:site\" content=\"@ELLEBelgique\" \/>\n<meta name=\"twitter:label1\" content=\"\u00c9crit par\" \/>\n\t<meta name=\"twitter:data1\" content=\"Juliette Debruxelles\" \/>\n\t<meta name=\"twitter:label2\" content=\"Dur\u00e9e de lecture estim\u00e9e\" \/>\n\t<meta name=\"twitter:data2\" content=\"4 minutes\" \/>\n<script type=\"application\/ld+json\" class=\"yoast-schema-graph\">{\"@context\":\"https:\\\/\\\/schema.org\",\"@graph\":[{\"@type\":\"NewsArticle\",\"@id\":\"https:\\\/\\\/www.elle.be\\\/fr\\\/18464-lettre-saint-nicolas-est-punk-ou-ne-lest-pas.html#article\",\"isPartOf\":{\"@id\":\"https:\\\/\\\/www.elle.be\\\/fr\\\/18464-lettre-saint-nicolas-est-punk-ou-ne-lest-pas.html\"},\"author\":{\"name\":\"Juliette Debruxelles\",\"@id\":\"https:\\\/\\\/www.elle.be\\\/fr\\\/#\\\/schema\\\/person\\\/4c020ada53ccac450a74a3f30afa3c35\"},\"headline\":\"Lettre \u00e0 Saint-Nicolas: on est punk ou on ne l&#8217;est pas!\",\"datePublished\":\"2013-12-05T11:23:15+00:00\",\"dateModified\":\"2018-02-21T10:40:26+00:00\",\"mainEntityOfPage\":{\"@id\":\"https:\\\/\\\/www.elle.be\\\/fr\\\/18464-lettre-saint-nicolas-est-punk-ou-ne-lest-pas.html\"},\"wordCount\":801,\"publisher\":{\"@id\":\"https:\\\/\\\/www.elle.be\\\/fr\\\/#organization\"},\"image\":{\"@id\":\"https:\\\/\\\/www.elle.be\\\/fr\\\/18464-lettre-saint-nicolas-est-punk-ou-ne-lest-pas.html#primaryimage\"},\"thumbnailUrl\":\"https:\\\/\\\/www.elle.be\\\/fr\\\/wp-content\\\/uploads\\\/2013\\\/12\\\/saint-nicolas-bourg.jpg\",\"articleSection\":[\"Actu\",\"Soci\u00e9t\u00e9\"],\"inLanguage\":\"fr-FR\"},{\"@type\":\"WebPage\",\"@id\":\"https:\\\/\\\/www.elle.be\\\/fr\\\/18464-lettre-saint-nicolas-est-punk-ou-ne-lest-pas.html\",\"url\":\"https:\\\/\\\/www.elle.be\\\/fr\\\/18464-lettre-saint-nicolas-est-punk-ou-ne-lest-pas.html\",\"name\":\"Lettre \u00e0 Saint-Nicolas: on est punk ou on ne l'est pas! - ELLE.be\",\"isPartOf\":{\"@id\":\"https:\\\/\\\/www.elle.be\\\/fr\\\/#website\"},\"primaryImageOfPage\":{\"@id\":\"https:\\\/\\\/www.elle.be\\\/fr\\\/18464-lettre-saint-nicolas-est-punk-ou-ne-lest-pas.html#primaryimage\"},\"image\":{\"@id\":\"https:\\\/\\\/www.elle.be\\\/fr\\\/18464-lettre-saint-nicolas-est-punk-ou-ne-lest-pas.html#primaryimage\"},\"thumbnailUrl\":\"https:\\\/\\\/www.elle.be\\\/fr\\\/wp-content\\\/uploads\\\/2013\\\/12\\\/saint-nicolas-bourg.jpg\",\"datePublished\":\"2013-12-05T11:23:15+00:00\",\"dateModified\":\"2018-02-21T10:40:26+00:00\",\"description\":\"Cher Saint-Nicolas, \u00c7a fait d\u00e9j\u00e0 trois semaines que je te croise \u00e0 tous les coins de rue (fais gaffe avec ton r\u00e9gime yoyo, c\u2019est pas sain de perdre et\",\"breadcrumb\":{\"@id\":\"https:\\\/\\\/www.elle.be\\\/fr\\\/18464-lettre-saint-nicolas-est-punk-ou-ne-lest-pas.html#breadcrumb\"},\"inLanguage\":\"fr-FR\",\"potentialAction\":[{\"@type\":\"ReadAction\",\"target\":[\"https:\\\/\\\/www.elle.be\\\/fr\\\/18464-lettre-saint-nicolas-est-punk-ou-ne-lest-pas.html\"]}]},{\"@type\":\"ImageObject\",\"inLanguage\":\"fr-FR\",\"@id\":\"https:\\\/\\\/www.elle.be\\\/fr\\\/18464-lettre-saint-nicolas-est-punk-ou-ne-lest-pas.html#primaryimage\",\"url\":\"https:\\\/\\\/www.elle.be\\\/fr\\\/wp-content\\\/uploads\\\/2013\\\/12\\\/saint-nicolas-bourg.jpg\",\"contentUrl\":\"https:\\\/\\\/www.elle.be\\\/fr\\\/wp-content\\\/uploads\\\/2013\\\/12\\\/saint-nicolas-bourg.jpg\",\"width\":600,\"height\":520},{\"@type\":\"BreadcrumbList\",\"@id\":\"https:\\\/\\\/www.elle.be\\\/fr\\\/18464-lettre-saint-nicolas-est-punk-ou-ne-lest-pas.html#breadcrumb\",\"itemListElement\":[{\"@type\":\"ListItem\",\"position\":1,\"name\":\"FR\",\"item\":\"https:\\\/\\\/www.elle.be\\\/fr\"},{\"@type\":\"ListItem\",\"position\":2,\"name\":\"Actu\",\"item\":\"https:\\\/\\\/www.elle.be\\\/fr\\\/actu\"},{\"@type\":\"ListItem\",\"position\":3,\"name\":\"Soci\u00e9t\u00e9\",\"item\":\"https:\\\/\\\/www.elle.be\\\/fr\\\/actu\\\/societe\"},{\"@type\":\"ListItem\",\"position\":4,\"name\":\"Lettre \u00e0 Saint-Nicolas: on est punk ou on ne l&rsquo;est pas!\"}]},{\"@type\":\"WebSite\",\"@id\":\"https:\\\/\\\/www.elle.be\\\/fr\\\/#website\",\"url\":\"https:\\\/\\\/www.elle.be\\\/fr\\\/\",\"name\":\"ELLE.be\",\"description\":\"Toutes les infos mode, beaut\u00e9 et lifestyle les plus pointues ainsi qu&#039;un contenu 100% belge d\u00e9clin\u00e9 \u00e0 360\u00b0sur le site ELLE.be, nos r\u00e9seaux sociaux et notre cha\u00eene Youtube.\",\"publisher\":{\"@id\":\"https:\\\/\\\/www.elle.be\\\/fr\\\/#organization\"},\"potentialAction\":[{\"@type\":\"SearchAction\",\"target\":{\"@type\":\"EntryPoint\",\"urlTemplate\":\"https:\\\/\\\/www.elle.be\\\/fr\\\/?s={search_term_string}\"},\"query-input\":{\"@type\":\"PropertyValueSpecification\",\"valueRequired\":true,\"valueName\":\"search_term_string\"}}],\"inLanguage\":\"fr-FR\"},{\"@type\":\"Organization\",\"@id\":\"https:\\\/\\\/www.elle.be\\\/fr\\\/#organization\",\"name\":\"ELLE Belgique\",\"url\":\"https:\\\/\\\/www.elle.be\\\/fr\\\/\",\"logo\":{\"@type\":\"ImageObject\",\"inLanguage\":\"fr-FR\",\"@id\":\"https:\\\/\\\/www.elle.be\\\/fr\\\/#\\\/schema\\\/logo\\\/image\\\/\",\"url\":\"https:\\\/\\\/www.elle.be\\\/fr\\\/wp-content\\\/uploads\\\/2017\\\/03\\\/elle-icon-200px.jpeg\",\"contentUrl\":\"https:\\\/\\\/www.elle.be\\\/fr\\\/wp-content\\\/uploads\\\/2017\\\/03\\\/elle-icon-200px.jpeg\",\"width\":200,\"height\":200,\"caption\":\"ELLE Belgique\"},\"image\":{\"@id\":\"https:\\\/\\\/www.elle.be\\\/fr\\\/#\\\/schema\\\/logo\\\/image\\\/\"},\"sameAs\":[\"https:\\\/\\\/www.facebook.com\\\/ELLEbelgium\\\/\",\"https:\\\/\\\/x.com\\\/ELLEBelgique\",\"http:\\\/\\\/instagram.com\\\/ellebelgique\\\/\",\"https:\\\/\\\/www.pinterest.com\\\/ellebelgique\\\/\",\"https:\\\/\\\/www.youtube.com\\\/user\\\/ELLEbelgique1\"]},{\"@type\":\"Person\",\"@id\":\"https:\\\/\\\/www.elle.be\\\/fr\\\/#\\\/schema\\\/person\\\/4c020ada53ccac450a74a3f30afa3c35\",\"name\":\"Juliette Debruxelles\",\"image\":{\"@type\":\"ImageObject\",\"inLanguage\":\"fr-FR\",\"@id\":\"https:\\\/\\\/www.elle.be\\\/fr\\\/wp-content\\\/uploads\\\/2017\\\/03\\\/juliette-96x96.jpg\",\"url\":\"https:\\\/\\\/www.elle.be\\\/fr\\\/wp-content\\\/uploads\\\/2017\\\/03\\\/juliette-96x96.jpg\",\"contentUrl\":\"https:\\\/\\\/www.elle.be\\\/fr\\\/wp-content\\\/uploads\\\/2017\\\/03\\\/juliette-96x96.jpg\",\"caption\":\"Juliette Debruxelles\"},\"description\":\"Cultureuse notoire, sp\u00e9cialiste belge autoprocalm\u00e9e du ph\u00e9nom\u00e8ne zombies, se p\u00e2me devant un Herzog alors qu'en vrai, ce qui la fait vibrer, c'est Balavoine. Elle trouve du r\u00e9confort aupr\u00e8s des chatons, des licornes, des arcs-en-ciel, surtout quand ils explosent.\",\"url\":\"https:\\\/\\\/www.elle.be\\\/fr\\\/author\\\/juliette\"}]}<\/script>\n<!-- \/ Yoast SEO plugin. -->","yoast_head_json":{"title":"Lettre \u00e0 Saint-Nicolas: on est punk ou on ne l'est pas! - ELLE.be","description":"Cher Saint-Nicolas, \u00c7a fait d\u00e9j\u00e0 trois semaines que je te croise \u00e0 tous les coins de rue (fais gaffe avec ton r\u00e9gime yoyo, c\u2019est pas sain de perdre et","robots":{"index":"index","follow":"follow","max-snippet":"max-snippet:-1","max-image-preview":"max-image-preview:large","max-video-preview":"max-video-preview:-1"},"canonical":"https:\/\/www.elle.be\/fr\/18464-lettre-saint-nicolas-est-punk-ou-ne-lest-pas.html","og_locale":"fr_FR","og_type":"article","og_title":"Lettre \u00e0 Saint-Nicolas: on est punk ou on ne l'est pas! - ELLE.be","og_description":"Cher Saint-Nicolas, \u00c7a fait d\u00e9j\u00e0 trois semaines que je te croise \u00e0 tous les coins de rue (fais gaffe avec ton r\u00e9gime yoyo, c\u2019est pas sain de perdre et","og_url":"https:\/\/www.elle.be\/fr\/18464-lettre-saint-nicolas-est-punk-ou-ne-lest-pas.html","og_site_name":"ELLE.be","article_publisher":"https:\/\/www.facebook.com\/ELLEbelgium\/","article_published_time":"2013-12-05T11:23:15+00:00","article_modified_time":"2018-02-21T10:40:26+00:00","og_image":[{"width":600,"height":520,"url":"https:\/\/www.elle.be\/fr\/wp-content\/uploads\/2013\/12\/saint-nicolas-bourg.jpg","type":"image\/jpeg"}],"author":"Juliette Debruxelles","twitter_card":"summary_large_image","twitter_creator":"@ELLEBelgique","twitter_site":"@ELLEBelgique","twitter_misc":{"\u00c9crit par":"Juliette Debruxelles","Dur\u00e9e de lecture estim\u00e9e":"4 minutes"},"schema":{"@context":"https:\/\/schema.org","@graph":[{"@type":"NewsArticle","@id":"https:\/\/www.elle.be\/fr\/18464-lettre-saint-nicolas-est-punk-ou-ne-lest-pas.html#article","isPartOf":{"@id":"https:\/\/www.elle.be\/fr\/18464-lettre-saint-nicolas-est-punk-ou-ne-lest-pas.html"},"author":{"name":"Juliette Debruxelles","@id":"https:\/\/www.elle.be\/fr\/#\/schema\/person\/4c020ada53ccac450a74a3f30afa3c35"},"headline":"Lettre \u00e0 Saint-Nicolas: on est punk ou on ne l&#8217;est pas!","datePublished":"2013-12-05T11:23:15+00:00","dateModified":"2018-02-21T10:40:26+00:00","mainEntityOfPage":{"@id":"https:\/\/www.elle.be\/fr\/18464-lettre-saint-nicolas-est-punk-ou-ne-lest-pas.html"},"wordCount":801,"publisher":{"@id":"https:\/\/www.elle.be\/fr\/#organization"},"image":{"@id":"https:\/\/www.elle.be\/fr\/18464-lettre-saint-nicolas-est-punk-ou-ne-lest-pas.html#primaryimage"},"thumbnailUrl":"https:\/\/www.elle.be\/fr\/wp-content\/uploads\/2013\/12\/saint-nicolas-bourg.jpg","articleSection":["Actu","Soci\u00e9t\u00e9"],"inLanguage":"fr-FR"},{"@type":"WebPage","@id":"https:\/\/www.elle.be\/fr\/18464-lettre-saint-nicolas-est-punk-ou-ne-lest-pas.html","url":"https:\/\/www.elle.be\/fr\/18464-lettre-saint-nicolas-est-punk-ou-ne-lest-pas.html","name":"Lettre \u00e0 Saint-Nicolas: on est punk ou on ne l'est pas! - ELLE.be","isPartOf":{"@id":"https:\/\/www.elle.be\/fr\/#website"},"primaryImageOfPage":{"@id":"https:\/\/www.elle.be\/fr\/18464-lettre-saint-nicolas-est-punk-ou-ne-lest-pas.html#primaryimage"},"image":{"@id":"https:\/\/www.elle.be\/fr\/18464-lettre-saint-nicolas-est-punk-ou-ne-lest-pas.html#primaryimage"},"thumbnailUrl":"https:\/\/www.elle.be\/fr\/wp-content\/uploads\/2013\/12\/saint-nicolas-bourg.jpg","datePublished":"2013-12-05T11:23:15+00:00","dateModified":"2018-02-21T10:40:26+00:00","description":"Cher Saint-Nicolas, \u00c7a fait d\u00e9j\u00e0 trois semaines que je te croise \u00e0 tous les coins de rue (fais gaffe avec ton r\u00e9gime yoyo, c\u2019est pas sain de perdre et","breadcrumb":{"@id":"https:\/\/www.elle.be\/fr\/18464-lettre-saint-nicolas-est-punk-ou-ne-lest-pas.html#breadcrumb"},"inLanguage":"fr-FR","potentialAction":[{"@type":"ReadAction","target":["https:\/\/www.elle.be\/fr\/18464-lettre-saint-nicolas-est-punk-ou-ne-lest-pas.html"]}]},{"@type":"ImageObject","inLanguage":"fr-FR","@id":"https:\/\/www.elle.be\/fr\/18464-lettre-saint-nicolas-est-punk-ou-ne-lest-pas.html#primaryimage","url":"https:\/\/www.elle.be\/fr\/wp-content\/uploads\/2013\/12\/saint-nicolas-bourg.jpg","contentUrl":"https:\/\/www.elle.be\/fr\/wp-content\/uploads\/2013\/12\/saint-nicolas-bourg.jpg","width":600,"height":520},{"@type":"BreadcrumbList","@id":"https:\/\/www.elle.be\/fr\/18464-lettre-saint-nicolas-est-punk-ou-ne-lest-pas.html#breadcrumb","itemListElement":[{"@type":"ListItem","position":1,"name":"FR","item":"https:\/\/www.elle.be\/fr"},{"@type":"ListItem","position":2,"name":"Actu","item":"https:\/\/www.elle.be\/fr\/actu"},{"@type":"ListItem","position":3,"name":"Soci\u00e9t\u00e9","item":"https:\/\/www.elle.be\/fr\/actu\/societe"},{"@type":"ListItem","position":4,"name":"Lettre \u00e0 Saint-Nicolas: on est punk ou on ne l&rsquo;est pas!"}]},{"@type":"WebSite","@id":"https:\/\/www.elle.be\/fr\/#website","url":"https:\/\/www.elle.be\/fr\/","name":"ELLE.be","description":"Toutes les infos mode, beaut\u00e9 et lifestyle les plus pointues ainsi qu&#039;un contenu 100% belge d\u00e9clin\u00e9 \u00e0 360\u00b0sur le site ELLE.be, nos r\u00e9seaux sociaux et notre cha\u00eene Youtube.","publisher":{"@id":"https:\/\/www.elle.be\/fr\/#organization"},"potentialAction":[{"@type":"SearchAction","target":{"@type":"EntryPoint","urlTemplate":"https:\/\/www.elle.be\/fr\/?s={search_term_string}"},"query-input":{"@type":"PropertyValueSpecification","valueRequired":true,"valueName":"search_term_string"}}],"inLanguage":"fr-FR"},{"@type":"Organization","@id":"https:\/\/www.elle.be\/fr\/#organization","name":"ELLE Belgique","url":"https:\/\/www.elle.be\/fr\/","logo":{"@type":"ImageObject","inLanguage":"fr-FR","@id":"https:\/\/www.elle.be\/fr\/#\/schema\/logo\/image\/","url":"https:\/\/www.elle.be\/fr\/wp-content\/uploads\/2017\/03\/elle-icon-200px.jpeg","contentUrl":"https:\/\/www.elle.be\/fr\/wp-content\/uploads\/2017\/03\/elle-icon-200px.jpeg","width":200,"height":200,"caption":"ELLE Belgique"},"image":{"@id":"https:\/\/www.elle.be\/fr\/#\/schema\/logo\/image\/"},"sameAs":["https:\/\/www.facebook.com\/ELLEbelgium\/","https:\/\/x.com\/ELLEBelgique","http:\/\/instagram.com\/ellebelgique\/","https:\/\/www.pinterest.com\/ellebelgique\/","https:\/\/www.youtube.com\/user\/ELLEbelgique1"]},{"@type":"Person","@id":"https:\/\/www.elle.be\/fr\/#\/schema\/person\/4c020ada53ccac450a74a3f30afa3c35","name":"Juliette Debruxelles","image":{"@type":"ImageObject","inLanguage":"fr-FR","@id":"https:\/\/www.elle.be\/fr\/wp-content\/uploads\/2017\/03\/juliette-96x96.jpg","url":"https:\/\/www.elle.be\/fr\/wp-content\/uploads\/2017\/03\/juliette-96x96.jpg","contentUrl":"https:\/\/www.elle.be\/fr\/wp-content\/uploads\/2017\/03\/juliette-96x96.jpg","caption":"Juliette Debruxelles"},"description":"Cultureuse notoire, sp\u00e9cialiste belge autoprocalm\u00e9e du ph\u00e9nom\u00e8ne zombies, se p\u00e2me devant un Herzog alors qu'en vrai, ce qui la fait vibrer, c'est Balavoine. Elle trouve du r\u00e9confort aupr\u00e8s des chatons, des licornes, des arcs-en-ciel, surtout quand ils explosent.","url":"https:\/\/www.elle.be\/fr\/author\/juliette"}]}},"_links":{"self":[{"href":"https:\/\/www.elle.be\/fr\/wp-json\/wp\/v2\/posts\/18464","targetHints":{"allow":["GET"]}}],"collection":[{"href":"https:\/\/www.elle.be\/fr\/wp-json\/wp\/v2\/posts"}],"about":[{"href":"https:\/\/www.elle.be\/fr\/wp-json\/wp\/v2\/types\/post"}],"author":[{"embeddable":true,"href":"https:\/\/www.elle.be\/fr\/wp-json\/wp\/v2\/users\/17"}],"replies":[{"embeddable":true,"href":"https:\/\/www.elle.be\/fr\/wp-json\/wp\/v2\/comments?post=18464"}],"version-history":[{"count":1,"href":"https:\/\/www.elle.be\/fr\/wp-json\/wp\/v2\/posts\/18464\/revisions"}],"predecessor-version":[{"id":206575,"href":"https:\/\/www.elle.be\/fr\/wp-json\/wp\/v2\/posts\/18464\/revisions\/206575"}],"wp:featuredmedia":[{"embeddable":true,"href":"https:\/\/www.elle.be\/fr\/wp-json\/wp\/v2\/media\/18465"}],"wp:attachment":[{"href":"https:\/\/www.elle.be\/fr\/wp-json\/wp\/v2\/media?parent=18464"}],"wp:term":[{"taxonomy":"category","embeddable":true,"href":"https:\/\/www.elle.be\/fr\/wp-json\/wp\/v2\/categories?post=18464"},{"taxonomy":"post_tag","embeddable":true,"href":"https:\/\/www.elle.be\/fr\/wp-json\/wp\/v2\/tags?post=18464"}],"curies":[{"name":"wp","href":"https:\/\/api.w.org\/{rel}","templated":true}]}}