{"id":183634,"date":"2017-09-20T09:53:29","date_gmt":"2017-09-20T07:53:29","guid":{"rendered":"http:\/\/www.elle.be\/fr\/?p=183634"},"modified":"2018-02-12T12:36:59","modified_gmt":"2018-02-12T11:36:59","slug":"on-a-teste-massage-cranien","status":"publish","type":"post","link":"https:\/\/www.elle.be\/fr\/183634-on-a-teste-massage-cranien.html","title":{"rendered":"On a test\u00e9 : les bienfaits d&#8217;un massage cr\u00e2nien"},"content":{"rendered":"","protected":false},"excerpt":{"rendered":"Vous cherchez un moyen d&#8217;\u00e9liminer le stress caus\u00e9 par les tracas du quotidien, mais vous n&#8217;avez que 30 minutes \u00e0 caser dans votre agenda overbook\u00e9 ? \u00c7a tombe bien, on a test\u00e9 le massage cr\u00e2nien, un massage court inspir\u00e9 des techniques indiennes, qui d\u00e9tend tout le corps en 30 minutes chrono !\u00a0\nApr\u00e8s avoir r\u00e9serv\u00e9 notre soin via la plateforme beaut\u00e9 en ligne Treatwell, nous nous sommes rendues \u00e0 l&#8217;institut &#8220;Au temps pour soi&#8221; \u00e0 Uccle pour tester un massage cr\u00e2nien.","protected":false},"author":65,"featured_media":183635,"comment_status":"closed","ping_status":"closed","sticky":false,"template":"","format":"standard","meta":{"_acf_changed":false,"footnotes":""},"categories":[2842,2222],"tags":[],"class_list":["post-183634","post","type-post","status-publish","format-standard","has-post-thumbnail","hentry","category-beaute","category-soins-corps"],"acf":[],"image_verticale":"","_yoast_wpseo_title":null,"_yoast_wpseo_metadesc":"Vous cherchez un moyen d'\u00e9liminer le stress caus\u00e9 par les tracas du quotidien mais vous n'avez que 30 minutes \u00e0 caser dans votre agenda overbook\u00e9 ?","_yoast_wpseo_focuskw_text_input":"massage cr\u00e2nien","_yoast_wpseo_opengraph-title":null,"yoast_head":"<!-- This site is optimized with the Yoast SEO plugin v27.4 - https:\/\/yoast.com\/product\/yoast-seo-wordpress\/ -->\n<title>On a test\u00e9 : les bienfaits d&#039;un massage cr\u00e2nien - ELLE.be<\/title>\n<meta name=\"description\" content=\"Vous cherchez un moyen d&#039;\u00e9liminer le stress caus\u00e9 par les tracas du quotidien mais vous n&#039;avez que 30 minutes \u00e0 caser dans votre agenda overbook\u00e9 ?\" \/>\n<meta name=\"robots\" content=\"index, follow, max-snippet:-1, max-image-preview:large, max-video-preview:-1\" \/>\n<link rel=\"canonical\" href=\"https:\/\/www.elle.be\/fr\/183634-on-a-teste-massage-cranien.html\" \/>\n<meta property=\"og:locale\" content=\"fr_FR\" \/>\n<meta property=\"og:type\" content=\"article\" \/>\n<meta property=\"og:title\" content=\"On a test\u00e9 : les bienfaits d&#039;un massage cr\u00e2nien - ELLE.be\" \/>\n<meta property=\"og:description\" content=\"Vous cherchez un moyen d&#039;\u00e9liminer le stress caus\u00e9 par les tracas du quotidien mais vous n&#039;avez que 30 minutes \u00e0 caser dans votre agenda overbook\u00e9 ?\" \/>\n<meta property=\"og:url\" content=\"https:\/\/www.elle.be\/fr\/183634-on-a-teste-massage-cranien.html\" \/>\n<meta property=\"og:site_name\" content=\"ELLE.be\" \/>\n<meta property=\"article:publisher\" content=\"https:\/\/www.facebook.com\/ELLEbelgium\/\" \/>\n<meta property=\"article:published_time\" content=\"2017-09-20T07:53:29+00:00\" \/>\n<meta property=\"article:modified_time\" content=\"2018-02-12T11:36:59+00:00\" \/>\n<meta property=\"og:image\" content=\"https:\/\/www.elle.be\/fr\/wp-content\/uploads\/2017\/09\/massage_cranien.jpg\" \/>\n\t<meta property=\"og:image:width\" content=\"670\" \/>\n\t<meta property=\"og:image:height\" content=\"351\" \/>\n\t<meta property=\"og:image:type\" content=\"image\/jpeg\" \/>\n<meta name=\"author\" content=\"Malvine Sevrin\" \/>\n<meta name=\"twitter:card\" content=\"summary_large_image\" \/>\n<meta name=\"twitter:creator\" content=\"@ELLEBelgique\" \/>\n<meta name=\"twitter:site\" content=\"@ELLEBelgique\" \/>\n<meta name=\"twitter:label1\" content=\"\u00c9crit par\" \/>\n\t<meta name=\"twitter:data1\" content=\"Malvine Sevrin\" \/>\n\t<meta name=\"twitter:label2\" content=\"Dur\u00e9e de lecture estim\u00e9e\" \/>\n\t<meta name=\"twitter:data2\" content=\"2 minutes\" \/>\n<script type=\"application\/ld+json\" class=\"yoast-schema-graph\">{\"@context\":\"https:\\\/\\\/schema.org\",\"@graph\":[{\"@type\":\"NewsArticle\",\"@id\":\"https:\\\/\\\/www.elle.be\\\/fr\\\/183634-on-a-teste-massage-cranien.html#article\",\"isPartOf\":{\"@id\":\"https:\\\/\\\/www.elle.be\\\/fr\\\/183634-on-a-teste-massage-cranien.html\"},\"author\":{\"name\":\"Malvine Sevrin\",\"@id\":\"https:\\\/\\\/www.elle.be\\\/fr\\\/#\\\/schema\\\/person\\\/4412c14bf9f6d0fb324537727e1e75b8\"},\"headline\":\"On a test\u00e9 : les bienfaits d&#8217;un massage cr\u00e2nien\",\"datePublished\":\"2017-09-20T07:53:29+00:00\",\"dateModified\":\"2018-02-12T11:36:59+00:00\",\"mainEntityOfPage\":{\"@id\":\"https:\\\/\\\/www.elle.be\\\/fr\\\/183634-on-a-teste-massage-cranien.html\"},\"wordCount\":345,\"publisher\":{\"@id\":\"https:\\\/\\\/www.elle.be\\\/fr\\\/#organization\"},\"image\":{\"@id\":\"https:\\\/\\\/www.elle.be\\\/fr\\\/183634-on-a-teste-massage-cranien.html#primaryimage\"},\"thumbnailUrl\":\"https:\\\/\\\/www.elle.be\\\/fr\\\/wp-content\\\/uploads\\\/2017\\\/09\\\/massage_cranien.jpg\",\"articleSection\":[\"Beaut\u00e9\",\"Soins Corps\"],\"inLanguage\":\"fr-FR\"},{\"@type\":\"WebPage\",\"@id\":\"https:\\\/\\\/www.elle.be\\\/fr\\\/183634-on-a-teste-massage-cranien.html\",\"url\":\"https:\\\/\\\/www.elle.be\\\/fr\\\/183634-on-a-teste-massage-cranien.html\",\"name\":\"On a test\u00e9 : les bienfaits d'un massage cr\u00e2nien - ELLE.be\",\"isPartOf\":{\"@id\":\"https:\\\/\\\/www.elle.be\\\/fr\\\/#website\"},\"primaryImageOfPage\":{\"@id\":\"https:\\\/\\\/www.elle.be\\\/fr\\\/183634-on-a-teste-massage-cranien.html#primaryimage\"},\"image\":{\"@id\":\"https:\\\/\\\/www.elle.be\\\/fr\\\/183634-on-a-teste-massage-cranien.html#primaryimage\"},\"thumbnailUrl\":\"https:\\\/\\\/www.elle.be\\\/fr\\\/wp-content\\\/uploads\\\/2017\\\/09\\\/massage_cranien.jpg\",\"datePublished\":\"2017-09-20T07:53:29+00:00\",\"dateModified\":\"2018-02-12T11:36:59+00:00\",\"description\":\"Vous cherchez un moyen d'\u00e9liminer le stress caus\u00e9 par les tracas du quotidien mais vous n'avez que 30 minutes \u00e0 caser dans votre agenda overbook\u00e9 ?\",\"breadcrumb\":{\"@id\":\"https:\\\/\\\/www.elle.be\\\/fr\\\/183634-on-a-teste-massage-cranien.html#breadcrumb\"},\"inLanguage\":\"fr-FR\",\"potentialAction\":[{\"@type\":\"ReadAction\",\"target\":[\"https:\\\/\\\/www.elle.be\\\/fr\\\/183634-on-a-teste-massage-cranien.html\"]}]},{\"@type\":\"ImageObject\",\"inLanguage\":\"fr-FR\",\"@id\":\"https:\\\/\\\/www.elle.be\\\/fr\\\/183634-on-a-teste-massage-cranien.html#primaryimage\",\"url\":\"https:\\\/\\\/www.elle.be\\\/fr\\\/wp-content\\\/uploads\\\/2017\\\/09\\\/massage_cranien.jpg\",\"contentUrl\":\"https:\\\/\\\/www.elle.be\\\/fr\\\/wp-content\\\/uploads\\\/2017\\\/09\\\/massage_cranien.jpg\",\"width\":670,\"height\":351,\"caption\":\"Shutterstock\"},{\"@type\":\"BreadcrumbList\",\"@id\":\"https:\\\/\\\/www.elle.be\\\/fr\\\/183634-on-a-teste-massage-cranien.html#breadcrumb\",\"itemListElement\":[{\"@type\":\"ListItem\",\"position\":1,\"name\":\"FR\",\"item\":\"https:\\\/\\\/www.elle.be\\\/fr\"},{\"@type\":\"ListItem\",\"position\":2,\"name\":\"Beaut\u00e9\",\"item\":\"https:\\\/\\\/www.elle.be\\\/fr\\\/beaute\"},{\"@type\":\"ListItem\",\"position\":3,\"name\":\"Soins Corps\",\"item\":\"https:\\\/\\\/www.elle.be\\\/fr\\\/beaute\\\/soins-corps\"},{\"@type\":\"ListItem\",\"position\":4,\"name\":\"On a test\u00e9 : les bienfaits d&rsquo;un massage cr\u00e2nien\"}]},{\"@type\":\"WebSite\",\"@id\":\"https:\\\/\\\/www.elle.be\\\/fr\\\/#website\",\"url\":\"https:\\\/\\\/www.elle.be\\\/fr\\\/\",\"name\":\"ELLE.be\",\"description\":\"Toutes les infos mode, beaut\u00e9 et lifestyle les plus pointues ainsi qu&#039;un contenu 100% belge d\u00e9clin\u00e9 \u00e0 360\u00b0sur le site ELLE.be, nos r\u00e9seaux sociaux et notre cha\u00eene Youtube.\",\"publisher\":{\"@id\":\"https:\\\/\\\/www.elle.be\\\/fr\\\/#organization\"},\"potentialAction\":[{\"@type\":\"SearchAction\",\"target\":{\"@type\":\"EntryPoint\",\"urlTemplate\":\"https:\\\/\\\/www.elle.be\\\/fr\\\/?s={search_term_string}\"},\"query-input\":{\"@type\":\"PropertyValueSpecification\",\"valueRequired\":true,\"valueName\":\"search_term_string\"}}],\"inLanguage\":\"fr-FR\"},{\"@type\":\"Organization\",\"@id\":\"https:\\\/\\\/www.elle.be\\\/fr\\\/#organization\",\"name\":\"ELLE Belgique\",\"url\":\"https:\\\/\\\/www.elle.be\\\/fr\\\/\",\"logo\":{\"@type\":\"ImageObject\",\"inLanguage\":\"fr-FR\",\"@id\":\"https:\\\/\\\/www.elle.be\\\/fr\\\/#\\\/schema\\\/logo\\\/image\\\/\",\"url\":\"https:\\\/\\\/www.elle.be\\\/fr\\\/wp-content\\\/uploads\\\/2017\\\/03\\\/elle-icon-200px.jpeg\",\"contentUrl\":\"https:\\\/\\\/www.elle.be\\\/fr\\\/wp-content\\\/uploads\\\/2017\\\/03\\\/elle-icon-200px.jpeg\",\"width\":200,\"height\":200,\"caption\":\"ELLE Belgique\"},\"image\":{\"@id\":\"https:\\\/\\\/www.elle.be\\\/fr\\\/#\\\/schema\\\/logo\\\/image\\\/\"},\"sameAs\":[\"https:\\\/\\\/www.facebook.com\\\/ELLEbelgium\\\/\",\"https:\\\/\\\/x.com\\\/ELLEBelgique\",\"http:\\\/\\\/instagram.com\\\/ellebelgique\\\/\",\"https:\\\/\\\/www.pinterest.com\\\/ellebelgique\\\/\",\"https:\\\/\\\/www.youtube.com\\\/user\\\/ELLEbelgique1\"]},{\"@type\":\"Person\",\"@id\":\"https:\\\/\\\/www.elle.be\\\/fr\\\/#\\\/schema\\\/person\\\/4412c14bf9f6d0fb324537727e1e75b8\",\"name\":\"Malvine Sevrin\",\"image\":{\"@type\":\"ImageObject\",\"inLanguage\":\"fr-FR\",\"@id\":\"https:\\\/\\\/www.elle.be\\\/fr\\\/wp-content\\\/uploads\\\/2017\\\/08\\\/malvine_sevrin-96x96.jpg\",\"url\":\"https:\\\/\\\/www.elle.be\\\/fr\\\/wp-content\\\/uploads\\\/2017\\\/08\\\/malvine_sevrin-96x96.jpg\",\"contentUrl\":\"https:\\\/\\\/www.elle.be\\\/fr\\\/wp-content\\\/uploads\\\/2017\\\/08\\\/malvine_sevrin-96x96.jpg\",\"caption\":\"Malvine Sevrin\"},\"description\":\"Amoureuse de voyages, obs\u00e9d\u00e9e par la mode et accro aux r\u00e9seaux sociaux. Livr\u00e9e avec une bonne dose de #GirlPower.\",\"sameAs\":[\"https:\\\/\\\/www.instagram.com\\\/malvinesev\\\/\"],\"url\":\"https:\\\/\\\/www.elle.be\\\/fr\\\/author\\\/malvine\"}]}<\/script>\n<!-- \/ Yoast SEO plugin. -->","yoast_head_json":{"title":"On a test\u00e9 : les bienfaits d'un massage cr\u00e2nien - ELLE.be","description":"Vous cherchez un moyen d'\u00e9liminer le stress caus\u00e9 par les tracas du quotidien mais vous n'avez que 30 minutes \u00e0 caser dans votre agenda overbook\u00e9 ?","robots":{"index":"index","follow":"follow","max-snippet":"max-snippet:-1","max-image-preview":"max-image-preview:large","max-video-preview":"max-video-preview:-1"},"canonical":"https:\/\/www.elle.be\/fr\/183634-on-a-teste-massage-cranien.html","og_locale":"fr_FR","og_type":"article","og_title":"On a test\u00e9 : les bienfaits d'un massage cr\u00e2nien - ELLE.be","og_description":"Vous cherchez un moyen d'\u00e9liminer le stress caus\u00e9 par les tracas du quotidien mais vous n'avez que 30 minutes \u00e0 caser dans votre agenda overbook\u00e9 ?","og_url":"https:\/\/www.elle.be\/fr\/183634-on-a-teste-massage-cranien.html","og_site_name":"ELLE.be","article_publisher":"https:\/\/www.facebook.com\/ELLEbelgium\/","article_published_time":"2017-09-20T07:53:29+00:00","article_modified_time":"2018-02-12T11:36:59+00:00","og_image":[{"width":670,"height":351,"url":"https:\/\/www.elle.be\/fr\/wp-content\/uploads\/2017\/09\/massage_cranien.jpg","type":"image\/jpeg"}],"author":"Malvine Sevrin","twitter_card":"summary_large_image","twitter_creator":"@ELLEBelgique","twitter_site":"@ELLEBelgique","twitter_misc":{"\u00c9crit par":"Malvine Sevrin","Dur\u00e9e de lecture estim\u00e9e":"2 minutes"},"schema":{"@context":"https:\/\/schema.org","@graph":[{"@type":"NewsArticle","@id":"https:\/\/www.elle.be\/fr\/183634-on-a-teste-massage-cranien.html#article","isPartOf":{"@id":"https:\/\/www.elle.be\/fr\/183634-on-a-teste-massage-cranien.html"},"author":{"name":"Malvine Sevrin","@id":"https:\/\/www.elle.be\/fr\/#\/schema\/person\/4412c14bf9f6d0fb324537727e1e75b8"},"headline":"On a test\u00e9 : les bienfaits d&#8217;un massage cr\u00e2nien","datePublished":"2017-09-20T07:53:29+00:00","dateModified":"2018-02-12T11:36:59+00:00","mainEntityOfPage":{"@id":"https:\/\/www.elle.be\/fr\/183634-on-a-teste-massage-cranien.html"},"wordCount":345,"publisher":{"@id":"https:\/\/www.elle.be\/fr\/#organization"},"image":{"@id":"https:\/\/www.elle.be\/fr\/183634-on-a-teste-massage-cranien.html#primaryimage"},"thumbnailUrl":"https:\/\/www.elle.be\/fr\/wp-content\/uploads\/2017\/09\/massage_cranien.jpg","articleSection":["Beaut\u00e9","Soins Corps"],"inLanguage":"fr-FR"},{"@type":"WebPage","@id":"https:\/\/www.elle.be\/fr\/183634-on-a-teste-massage-cranien.html","url":"https:\/\/www.elle.be\/fr\/183634-on-a-teste-massage-cranien.html","name":"On a test\u00e9 : les bienfaits d'un massage cr\u00e2nien - ELLE.be","isPartOf":{"@id":"https:\/\/www.elle.be\/fr\/#website"},"primaryImageOfPage":{"@id":"https:\/\/www.elle.be\/fr\/183634-on-a-teste-massage-cranien.html#primaryimage"},"image":{"@id":"https:\/\/www.elle.be\/fr\/183634-on-a-teste-massage-cranien.html#primaryimage"},"thumbnailUrl":"https:\/\/www.elle.be\/fr\/wp-content\/uploads\/2017\/09\/massage_cranien.jpg","datePublished":"2017-09-20T07:53:29+00:00","dateModified":"2018-02-12T11:36:59+00:00","description":"Vous cherchez un moyen d'\u00e9liminer le stress caus\u00e9 par les tracas du quotidien mais vous n'avez que 30 minutes \u00e0 caser dans votre agenda overbook\u00e9 ?","breadcrumb":{"@id":"https:\/\/www.elle.be\/fr\/183634-on-a-teste-massage-cranien.html#breadcrumb"},"inLanguage":"fr-FR","potentialAction":[{"@type":"ReadAction","target":["https:\/\/www.elle.be\/fr\/183634-on-a-teste-massage-cranien.html"]}]},{"@type":"ImageObject","inLanguage":"fr-FR","@id":"https:\/\/www.elle.be\/fr\/183634-on-a-teste-massage-cranien.html#primaryimage","url":"https:\/\/www.elle.be\/fr\/wp-content\/uploads\/2017\/09\/massage_cranien.jpg","contentUrl":"https:\/\/www.elle.be\/fr\/wp-content\/uploads\/2017\/09\/massage_cranien.jpg","width":670,"height":351,"caption":"Shutterstock"},{"@type":"BreadcrumbList","@id":"https:\/\/www.elle.be\/fr\/183634-on-a-teste-massage-cranien.html#breadcrumb","itemListElement":[{"@type":"ListItem","position":1,"name":"FR","item":"https:\/\/www.elle.be\/fr"},{"@type":"ListItem","position":2,"name":"Beaut\u00e9","item":"https:\/\/www.elle.be\/fr\/beaute"},{"@type":"ListItem","position":3,"name":"Soins Corps","item":"https:\/\/www.elle.be\/fr\/beaute\/soins-corps"},{"@type":"ListItem","position":4,"name":"On a test\u00e9 : les bienfaits d&rsquo;un massage cr\u00e2nien"}]},{"@type":"WebSite","@id":"https:\/\/www.elle.be\/fr\/#website","url":"https:\/\/www.elle.be\/fr\/","name":"ELLE.be","description":"Toutes les infos mode, beaut\u00e9 et lifestyle les plus pointues ainsi qu&#039;un contenu 100% belge d\u00e9clin\u00e9 \u00e0 360\u00b0sur le site ELLE.be, nos r\u00e9seaux sociaux et notre cha\u00eene Youtube.","publisher":{"@id":"https:\/\/www.elle.be\/fr\/#organization"},"potentialAction":[{"@type":"SearchAction","target":{"@type":"EntryPoint","urlTemplate":"https:\/\/www.elle.be\/fr\/?s={search_term_string}"},"query-input":{"@type":"PropertyValueSpecification","valueRequired":true,"valueName":"search_term_string"}}],"inLanguage":"fr-FR"},{"@type":"Organization","@id":"https:\/\/www.elle.be\/fr\/#organization","name":"ELLE Belgique","url":"https:\/\/www.elle.be\/fr\/","logo":{"@type":"ImageObject","inLanguage":"fr-FR","@id":"https:\/\/www.elle.be\/fr\/#\/schema\/logo\/image\/","url":"https:\/\/www.elle.be\/fr\/wp-content\/uploads\/2017\/03\/elle-icon-200px.jpeg","contentUrl":"https:\/\/www.elle.be\/fr\/wp-content\/uploads\/2017\/03\/elle-icon-200px.jpeg","width":200,"height":200,"caption":"ELLE Belgique"},"image":{"@id":"https:\/\/www.elle.be\/fr\/#\/schema\/logo\/image\/"},"sameAs":["https:\/\/www.facebook.com\/ELLEbelgium\/","https:\/\/x.com\/ELLEBelgique","http:\/\/instagram.com\/ellebelgique\/","https:\/\/www.pinterest.com\/ellebelgique\/","https:\/\/www.youtube.com\/user\/ELLEbelgique1"]},{"@type":"Person","@id":"https:\/\/www.elle.be\/fr\/#\/schema\/person\/4412c14bf9f6d0fb324537727e1e75b8","name":"Malvine Sevrin","image":{"@type":"ImageObject","inLanguage":"fr-FR","@id":"https:\/\/www.elle.be\/fr\/wp-content\/uploads\/2017\/08\/malvine_sevrin-96x96.jpg","url":"https:\/\/www.elle.be\/fr\/wp-content\/uploads\/2017\/08\/malvine_sevrin-96x96.jpg","contentUrl":"https:\/\/www.elle.be\/fr\/wp-content\/uploads\/2017\/08\/malvine_sevrin-96x96.jpg","caption":"Malvine Sevrin"},"description":"Amoureuse de voyages, obs\u00e9d\u00e9e par la mode et accro aux r\u00e9seaux sociaux. Livr\u00e9e avec une bonne dose de #GirlPower.","sameAs":["https:\/\/www.instagram.com\/malvinesev\/"],"url":"https:\/\/www.elle.be\/fr\/author\/malvine"}]}},"_links":{"self":[{"href":"https:\/\/www.elle.be\/fr\/wp-json\/wp\/v2\/posts\/183634","targetHints":{"allow":["GET"]}}],"collection":[{"href":"https:\/\/www.elle.be\/fr\/wp-json\/wp\/v2\/posts"}],"about":[{"href":"https:\/\/www.elle.be\/fr\/wp-json\/wp\/v2\/types\/post"}],"author":[{"embeddable":true,"href":"https:\/\/www.elle.be\/fr\/wp-json\/wp\/v2\/users\/65"}],"replies":[{"embeddable":true,"href":"https:\/\/www.elle.be\/fr\/wp-json\/wp\/v2\/comments?post=183634"}],"version-history":[{"count":8,"href":"https:\/\/www.elle.be\/fr\/wp-json\/wp\/v2\/posts\/183634\/revisions"}],"predecessor-version":[{"id":183682,"href":"https:\/\/www.elle.be\/fr\/wp-json\/wp\/v2\/posts\/183634\/revisions\/183682"}],"wp:featuredmedia":[{"embeddable":true,"href":"https:\/\/www.elle.be\/fr\/wp-json\/wp\/v2\/media\/183635"}],"wp:attachment":[{"href":"https:\/\/www.elle.be\/fr\/wp-json\/wp\/v2\/media?parent=183634"}],"wp:term":[{"taxonomy":"category","embeddable":true,"href":"https:\/\/www.elle.be\/fr\/wp-json\/wp\/v2\/categories?post=183634"},{"taxonomy":"post_tag","embeddable":true,"href":"https:\/\/www.elle.be\/fr\/wp-json\/wp\/v2\/tags?post=183634"}],"curies":[{"name":"wp","href":"https:\/\/api.w.org\/{rel}","templated":true}]}}