{"id":181364,"date":"2017-10-05T11:00:40","date_gmt":"2017-10-05T09:00:40","guid":{"rendered":"http:\/\/www.elle.be\/fr\/?p=181364"},"modified":"2021-02-23T18:04:34","modified_gmt":"2021-02-23T17:04:34","slug":"feek-suites","status":"publish","type":"post","link":"https:\/\/www.elle.be\/fr\/181364-feek-suites.html","title":{"rendered":"Feek : le mix parfait entre design et architecture de caract\u00e8re"},"content":{"rendered":"","protected":false},"excerpt":{"rendered":"M\u00c9LANGE D\u2019\u00c9POQUES\nPour d\u00e9couvrir le quartier le plus dynamique d\u2019Anvers, avec la Maison portuaire sign\u00e9e Zaha Hadid qui attire tous les regards, vous appr\u00e9cierez la situation du Feek Suites, un petit h\u00f4tel tapi dans un b\u00e2timent historique des ann\u00e9es 1880, \u00e0 deux pas du MAS.","protected":false},"author":6,"featured_media":183705,"comment_status":"closed","ping_status":"closed","sticky":false,"template":"","format":"standard","meta":{"_acf_changed":false,"footnotes":""},"categories":[3269,3361,1150],"tags":[1176],"class_list":["post-181364","post","type-post","status-publish","format-standard","has-post-thumbnail","hentry","category-elle-decoration","category-hotels","category-adresses","tag-hotel"],"acf":[],"image_verticale":null,"_yoast_wpseo_title":null,"_yoast_wpseo_metadesc":null,"_yoast_wpseo_focuskw_text_input":null,"_yoast_wpseo_opengraph-title":null,"yoast_head":"<!-- This site is optimized with the Yoast SEO plugin v27.4 - https:\/\/yoast.com\/product\/yoast-seo-wordpress\/ -->\n<title>Feek : le mix parfait entre design et architecture de caract\u00e8re - ELLE.be<\/title>\n<meta name=\"description\" content=\"M\u00c9LANGE D\u2019\u00c9POQUES Pour d\u00e9couvrir le quartier le plus dynamique d\u2019Anvers, avec la Maison portuaire sign\u00e9e Zaha Hadid qui attire tous les regards, vous\" \/>\n<meta name=\"robots\" content=\"index, follow, max-snippet:-1, max-image-preview:large, max-video-preview:-1\" \/>\n<link rel=\"canonical\" href=\"https:\/\/www.elle.be\/fr\/181364-feek-suites.html\" \/>\n<meta property=\"og:locale\" content=\"fr_FR\" \/>\n<meta property=\"og:type\" content=\"article\" \/>\n<meta property=\"og:title\" content=\"Feek : le mix parfait entre design et architecture de caract\u00e8re - ELLE.be\" \/>\n<meta property=\"og:description\" content=\"M\u00c9LANGE D\u2019\u00c9POQUES Pour d\u00e9couvrir le quartier le plus dynamique d\u2019Anvers, avec la Maison portuaire sign\u00e9e Zaha Hadid qui attire tous les regards, vous\" \/>\n<meta property=\"og:url\" content=\"https:\/\/www.elle.be\/fr\/181364-feek-suites.html\" \/>\n<meta property=\"og:site_name\" content=\"ELLE.be\" \/>\n<meta property=\"article:publisher\" content=\"https:\/\/www.facebook.com\/ELLEbelgium\/\" \/>\n<meta property=\"article:author\" content=\"https:\/\/www.facebook.com\/pages\/ELLE-Belgique\/37490723084\" \/>\n<meta property=\"article:published_time\" content=\"2017-10-05T09:00:40+00:00\" \/>\n<meta property=\"article:modified_time\" content=\"2021-02-23T17:04:34+00:00\" \/>\n<meta property=\"og:image\" content=\"https:\/\/www.elle.be\/fr\/wp-content\/uploads\/2017\/08\/img_feeksuite.jpg\" \/>\n\t<meta property=\"og:image:width\" content=\"670\" \/>\n\t<meta property=\"og:image:height\" content=\"351\" \/>\n\t<meta property=\"og:image:type\" content=\"image\/jpeg\" \/>\n<meta name=\"author\" content=\"La r\u00e9daction\" \/>\n<meta name=\"twitter:card\" content=\"summary_large_image\" \/>\n<meta name=\"twitter:creator\" content=\"@ELLEBelgique\" \/>\n<meta name=\"twitter:site\" content=\"@ELLEBelgique\" \/>\n<meta name=\"twitter:label1\" content=\"\u00c9crit par\" \/>\n\t<meta name=\"twitter:data1\" content=\"La r\u00e9daction\" \/>\n\t<meta name=\"twitter:label2\" content=\"Dur\u00e9e de lecture estim\u00e9e\" \/>\n\t<meta name=\"twitter:data2\" content=\"1 minute\" \/>\n<script type=\"application\/ld+json\" class=\"yoast-schema-graph\">{\"@context\":\"https:\\\/\\\/schema.org\",\"@graph\":[{\"@type\":\"NewsArticle\",\"@id\":\"https:\\\/\\\/www.elle.be\\\/fr\\\/181364-feek-suites.html#article\",\"isPartOf\":{\"@id\":\"https:\\\/\\\/www.elle.be\\\/fr\\\/181364-feek-suites.html\"},\"author\":{\"name\":\"La r\u00e9daction\",\"@id\":\"https:\\\/\\\/www.elle.be\\\/fr\\\/#\\\/schema\\\/person\\\/16ba064c2e0ef434bf6ed0b45c6e813f\"},\"headline\":\"Feek : le mix parfait entre design et architecture de caract\u00e8re\",\"datePublished\":\"2017-10-05T09:00:40+00:00\",\"dateModified\":\"2021-02-23T17:04:34+00:00\",\"mainEntityOfPage\":{\"@id\":\"https:\\\/\\\/www.elle.be\\\/fr\\\/181364-feek-suites.html\"},\"wordCount\":196,\"publisher\":{\"@id\":\"https:\\\/\\\/www.elle.be\\\/fr\\\/#organization\"},\"image\":{\"@id\":\"https:\\\/\\\/www.elle.be\\\/fr\\\/181364-feek-suites.html#primaryimage\"},\"thumbnailUrl\":\"https:\\\/\\\/www.elle.be\\\/fr\\\/wp-content\\\/uploads\\\/2017\\\/08\\\/img_feeksuite.jpg\",\"keywords\":[\"Hotel\"],\"articleSection\":[\"ELLE d\u00e9coration\",\"H\u00f4tels\",\"Adresses\"],\"inLanguage\":\"fr-FR\"},{\"@type\":\"WebPage\",\"@id\":\"https:\\\/\\\/www.elle.be\\\/fr\\\/181364-feek-suites.html\",\"url\":\"https:\\\/\\\/www.elle.be\\\/fr\\\/181364-feek-suites.html\",\"name\":\"Feek : le mix parfait entre design et architecture de caract\u00e8re - ELLE.be\",\"isPartOf\":{\"@id\":\"https:\\\/\\\/www.elle.be\\\/fr\\\/#website\"},\"primaryImageOfPage\":{\"@id\":\"https:\\\/\\\/www.elle.be\\\/fr\\\/181364-feek-suites.html#primaryimage\"},\"image\":{\"@id\":\"https:\\\/\\\/www.elle.be\\\/fr\\\/181364-feek-suites.html#primaryimage\"},\"thumbnailUrl\":\"https:\\\/\\\/www.elle.be\\\/fr\\\/wp-content\\\/uploads\\\/2017\\\/08\\\/img_feeksuite.jpg\",\"datePublished\":\"2017-10-05T09:00:40+00:00\",\"dateModified\":\"2021-02-23T17:04:34+00:00\",\"description\":\"M\u00c9LANGE D\u2019\u00c9POQUES Pour d\u00e9couvrir le quartier le plus dynamique d\u2019Anvers, avec la Maison portuaire sign\u00e9e Zaha Hadid qui attire tous les regards, vous\",\"breadcrumb\":{\"@id\":\"https:\\\/\\\/www.elle.be\\\/fr\\\/181364-feek-suites.html#breadcrumb\"},\"inLanguage\":\"fr-FR\",\"potentialAction\":[{\"@type\":\"ReadAction\",\"target\":[\"https:\\\/\\\/www.elle.be\\\/fr\\\/181364-feek-suites.html\"]}]},{\"@type\":\"ImageObject\",\"inLanguage\":\"fr-FR\",\"@id\":\"https:\\\/\\\/www.elle.be\\\/fr\\\/181364-feek-suites.html#primaryimage\",\"url\":\"https:\\\/\\\/www.elle.be\\\/fr\\\/wp-content\\\/uploads\\\/2017\\\/08\\\/img_feeksuite.jpg\",\"contentUrl\":\"https:\\\/\\\/www.elle.be\\\/fr\\\/wp-content\\\/uploads\\\/2017\\\/08\\\/img_feeksuite.jpg\",\"width\":670,\"height\":351},{\"@type\":\"BreadcrumbList\",\"@id\":\"https:\\\/\\\/www.elle.be\\\/fr\\\/181364-feek-suites.html#breadcrumb\",\"itemListElement\":[{\"@type\":\"ListItem\",\"position\":1,\"name\":\"FR\",\"item\":\"https:\\\/\\\/www.elle.be\\\/fr\"},{\"@type\":\"ListItem\",\"position\":2,\"name\":\"ELLE d\u00e9coration\",\"item\":\"https:\\\/\\\/www.elle.be\\\/fr\\\/elle-decoration\"},{\"@type\":\"ListItem\",\"position\":3,\"name\":\"H\u00f4tels\",\"item\":\"https:\\\/\\\/www.elle.be\\\/fr\\\/elle-decoration\\\/hotels\"},{\"@type\":\"ListItem\",\"position\":4,\"name\":\"Feek : le mix parfait entre design et architecture de caract\u00e8re\"}]},{\"@type\":\"WebSite\",\"@id\":\"https:\\\/\\\/www.elle.be\\\/fr\\\/#website\",\"url\":\"https:\\\/\\\/www.elle.be\\\/fr\\\/\",\"name\":\"ELLE.be\",\"description\":\"Toutes les infos mode, beaut\u00e9 et lifestyle les plus pointues ainsi qu&#039;un contenu 100% belge d\u00e9clin\u00e9 \u00e0 360\u00b0sur le site ELLE.be, nos r\u00e9seaux sociaux et notre cha\u00eene Youtube.\",\"publisher\":{\"@id\":\"https:\\\/\\\/www.elle.be\\\/fr\\\/#organization\"},\"potentialAction\":[{\"@type\":\"SearchAction\",\"target\":{\"@type\":\"EntryPoint\",\"urlTemplate\":\"https:\\\/\\\/www.elle.be\\\/fr\\\/?s={search_term_string}\"},\"query-input\":{\"@type\":\"PropertyValueSpecification\",\"valueRequired\":true,\"valueName\":\"search_term_string\"}}],\"inLanguage\":\"fr-FR\"},{\"@type\":\"Organization\",\"@id\":\"https:\\\/\\\/www.elle.be\\\/fr\\\/#organization\",\"name\":\"ELLE Belgique\",\"url\":\"https:\\\/\\\/www.elle.be\\\/fr\\\/\",\"logo\":{\"@type\":\"ImageObject\",\"inLanguage\":\"fr-FR\",\"@id\":\"https:\\\/\\\/www.elle.be\\\/fr\\\/#\\\/schema\\\/logo\\\/image\\\/\",\"url\":\"https:\\\/\\\/www.elle.be\\\/fr\\\/wp-content\\\/uploads\\\/2017\\\/03\\\/elle-icon-200px.jpeg\",\"contentUrl\":\"https:\\\/\\\/www.elle.be\\\/fr\\\/wp-content\\\/uploads\\\/2017\\\/03\\\/elle-icon-200px.jpeg\",\"width\":200,\"height\":200,\"caption\":\"ELLE Belgique\"},\"image\":{\"@id\":\"https:\\\/\\\/www.elle.be\\\/fr\\\/#\\\/schema\\\/logo\\\/image\\\/\"},\"sameAs\":[\"https:\\\/\\\/www.facebook.com\\\/ELLEbelgium\\\/\",\"https:\\\/\\\/x.com\\\/ELLEBelgique\",\"http:\\\/\\\/instagram.com\\\/ellebelgique\\\/\",\"https:\\\/\\\/www.pinterest.com\\\/ellebelgique\\\/\",\"https:\\\/\\\/www.youtube.com\\\/user\\\/ELLEbelgique1\"]},{\"@type\":\"Person\",\"@id\":\"https:\\\/\\\/www.elle.be\\\/fr\\\/#\\\/schema\\\/person\\\/16ba064c2e0ef434bf6ed0b45c6e813f\",\"name\":\"La r\u00e9daction\",\"image\":{\"@type\":\"ImageObject\",\"inLanguage\":\"fr-FR\",\"@id\":\"https:\\\/\\\/www.elle.be\\\/fr\\\/wp-content\\\/uploads\\\/2017\\\/03\\\/cover_FR166-96x96.jpg\",\"url\":\"https:\\\/\\\/www.elle.be\\\/fr\\\/wp-content\\\/uploads\\\/2017\\\/03\\\/cover_FR166-96x96.jpg\",\"contentUrl\":\"https:\\\/\\\/www.elle.be\\\/fr\\\/wp-content\\\/uploads\\\/2017\\\/03\\\/cover_FR166-96x96.jpg\",\"caption\":\"La r\u00e9daction\"},\"description\":\"Toutes les infos mode, beaut\u00e9 et lifestyle les plus pointues ainsi qu'un contenu 100% belge d\u00e9clin\u00e9 \u00e0 360\u00b0sur le site ELLE.be, nos r\u00e9seaux sociaux et notre cha\u00eene Youtube.\",\"sameAs\":[\"http:\\\/\\\/www.elle.be\\\/fr\\\/\",\"https:\\\/\\\/www.facebook.com\\\/pages\\\/ELLE-Belgique\\\/37490723084\",\"http:\\\/\\\/instagram.com\\\/ellebelgique#\",\"http:\\\/\\\/www.pinterest.com\\\/ellebelgique\\\/pins\\\/\",\"https:\\\/\\\/x.com\\\/ELLEBelgique\"],\"url\":\"https:\\\/\\\/www.elle.be\\\/fr\\\/author\\\/elle-be\"}]}<\/script>\n<!-- \/ Yoast SEO plugin. -->","yoast_head_json":{"title":"Feek : le mix parfait entre design et architecture de caract\u00e8re - ELLE.be","description":"M\u00c9LANGE D\u2019\u00c9POQUES Pour d\u00e9couvrir le quartier le plus dynamique d\u2019Anvers, avec la Maison portuaire sign\u00e9e Zaha Hadid qui attire tous les regards, vous","robots":{"index":"index","follow":"follow","max-snippet":"max-snippet:-1","max-image-preview":"max-image-preview:large","max-video-preview":"max-video-preview:-1"},"canonical":"https:\/\/www.elle.be\/fr\/181364-feek-suites.html","og_locale":"fr_FR","og_type":"article","og_title":"Feek : le mix parfait entre design et architecture de caract\u00e8re - ELLE.be","og_description":"M\u00c9LANGE D\u2019\u00c9POQUES Pour d\u00e9couvrir le quartier le plus dynamique d\u2019Anvers, avec la Maison portuaire sign\u00e9e Zaha Hadid qui attire tous les regards, vous","og_url":"https:\/\/www.elle.be\/fr\/181364-feek-suites.html","og_site_name":"ELLE.be","article_publisher":"https:\/\/www.facebook.com\/ELLEbelgium\/","article_author":"https:\/\/www.facebook.com\/pages\/ELLE-Belgique\/37490723084","article_published_time":"2017-10-05T09:00:40+00:00","article_modified_time":"2021-02-23T17:04:34+00:00","og_image":[{"width":670,"height":351,"url":"https:\/\/www.elle.be\/fr\/wp-content\/uploads\/2017\/08\/img_feeksuite.jpg","type":"image\/jpeg"}],"author":"La r\u00e9daction","twitter_card":"summary_large_image","twitter_creator":"@ELLEBelgique","twitter_site":"@ELLEBelgique","twitter_misc":{"\u00c9crit par":"La r\u00e9daction","Dur\u00e9e de lecture estim\u00e9e":"1 minute"},"schema":{"@context":"https:\/\/schema.org","@graph":[{"@type":"NewsArticle","@id":"https:\/\/www.elle.be\/fr\/181364-feek-suites.html#article","isPartOf":{"@id":"https:\/\/www.elle.be\/fr\/181364-feek-suites.html"},"author":{"name":"La r\u00e9daction","@id":"https:\/\/www.elle.be\/fr\/#\/schema\/person\/16ba064c2e0ef434bf6ed0b45c6e813f"},"headline":"Feek : le mix parfait entre design et architecture de caract\u00e8re","datePublished":"2017-10-05T09:00:40+00:00","dateModified":"2021-02-23T17:04:34+00:00","mainEntityOfPage":{"@id":"https:\/\/www.elle.be\/fr\/181364-feek-suites.html"},"wordCount":196,"publisher":{"@id":"https:\/\/www.elle.be\/fr\/#organization"},"image":{"@id":"https:\/\/www.elle.be\/fr\/181364-feek-suites.html#primaryimage"},"thumbnailUrl":"https:\/\/www.elle.be\/fr\/wp-content\/uploads\/2017\/08\/img_feeksuite.jpg","keywords":["Hotel"],"articleSection":["ELLE d\u00e9coration","H\u00f4tels","Adresses"],"inLanguage":"fr-FR"},{"@type":"WebPage","@id":"https:\/\/www.elle.be\/fr\/181364-feek-suites.html","url":"https:\/\/www.elle.be\/fr\/181364-feek-suites.html","name":"Feek : le mix parfait entre design et architecture de caract\u00e8re - ELLE.be","isPartOf":{"@id":"https:\/\/www.elle.be\/fr\/#website"},"primaryImageOfPage":{"@id":"https:\/\/www.elle.be\/fr\/181364-feek-suites.html#primaryimage"},"image":{"@id":"https:\/\/www.elle.be\/fr\/181364-feek-suites.html#primaryimage"},"thumbnailUrl":"https:\/\/www.elle.be\/fr\/wp-content\/uploads\/2017\/08\/img_feeksuite.jpg","datePublished":"2017-10-05T09:00:40+00:00","dateModified":"2021-02-23T17:04:34+00:00","description":"M\u00c9LANGE D\u2019\u00c9POQUES Pour d\u00e9couvrir le quartier le plus dynamique d\u2019Anvers, avec la Maison portuaire sign\u00e9e Zaha Hadid qui attire tous les regards, vous","breadcrumb":{"@id":"https:\/\/www.elle.be\/fr\/181364-feek-suites.html#breadcrumb"},"inLanguage":"fr-FR","potentialAction":[{"@type":"ReadAction","target":["https:\/\/www.elle.be\/fr\/181364-feek-suites.html"]}]},{"@type":"ImageObject","inLanguage":"fr-FR","@id":"https:\/\/www.elle.be\/fr\/181364-feek-suites.html#primaryimage","url":"https:\/\/www.elle.be\/fr\/wp-content\/uploads\/2017\/08\/img_feeksuite.jpg","contentUrl":"https:\/\/www.elle.be\/fr\/wp-content\/uploads\/2017\/08\/img_feeksuite.jpg","width":670,"height":351},{"@type":"BreadcrumbList","@id":"https:\/\/www.elle.be\/fr\/181364-feek-suites.html#breadcrumb","itemListElement":[{"@type":"ListItem","position":1,"name":"FR","item":"https:\/\/www.elle.be\/fr"},{"@type":"ListItem","position":2,"name":"ELLE d\u00e9coration","item":"https:\/\/www.elle.be\/fr\/elle-decoration"},{"@type":"ListItem","position":3,"name":"H\u00f4tels","item":"https:\/\/www.elle.be\/fr\/elle-decoration\/hotels"},{"@type":"ListItem","position":4,"name":"Feek : le mix parfait entre design et architecture de caract\u00e8re"}]},{"@type":"WebSite","@id":"https:\/\/www.elle.be\/fr\/#website","url":"https:\/\/www.elle.be\/fr\/","name":"ELLE.be","description":"Toutes les infos mode, beaut\u00e9 et lifestyle les plus pointues ainsi qu&#039;un contenu 100% belge d\u00e9clin\u00e9 \u00e0 360\u00b0sur le site ELLE.be, nos r\u00e9seaux sociaux et notre cha\u00eene Youtube.","publisher":{"@id":"https:\/\/www.elle.be\/fr\/#organization"},"potentialAction":[{"@type":"SearchAction","target":{"@type":"EntryPoint","urlTemplate":"https:\/\/www.elle.be\/fr\/?s={search_term_string}"},"query-input":{"@type":"PropertyValueSpecification","valueRequired":true,"valueName":"search_term_string"}}],"inLanguage":"fr-FR"},{"@type":"Organization","@id":"https:\/\/www.elle.be\/fr\/#organization","name":"ELLE Belgique","url":"https:\/\/www.elle.be\/fr\/","logo":{"@type":"ImageObject","inLanguage":"fr-FR","@id":"https:\/\/www.elle.be\/fr\/#\/schema\/logo\/image\/","url":"https:\/\/www.elle.be\/fr\/wp-content\/uploads\/2017\/03\/elle-icon-200px.jpeg","contentUrl":"https:\/\/www.elle.be\/fr\/wp-content\/uploads\/2017\/03\/elle-icon-200px.jpeg","width":200,"height":200,"caption":"ELLE Belgique"},"image":{"@id":"https:\/\/www.elle.be\/fr\/#\/schema\/logo\/image\/"},"sameAs":["https:\/\/www.facebook.com\/ELLEbelgium\/","https:\/\/x.com\/ELLEBelgique","http:\/\/instagram.com\/ellebelgique\/","https:\/\/www.pinterest.com\/ellebelgique\/","https:\/\/www.youtube.com\/user\/ELLEbelgique1"]},{"@type":"Person","@id":"https:\/\/www.elle.be\/fr\/#\/schema\/person\/16ba064c2e0ef434bf6ed0b45c6e813f","name":"La r\u00e9daction","image":{"@type":"ImageObject","inLanguage":"fr-FR","@id":"https:\/\/www.elle.be\/fr\/wp-content\/uploads\/2017\/03\/cover_FR166-96x96.jpg","url":"https:\/\/www.elle.be\/fr\/wp-content\/uploads\/2017\/03\/cover_FR166-96x96.jpg","contentUrl":"https:\/\/www.elle.be\/fr\/wp-content\/uploads\/2017\/03\/cover_FR166-96x96.jpg","caption":"La r\u00e9daction"},"description":"Toutes les infos mode, beaut\u00e9 et lifestyle les plus pointues ainsi qu'un contenu 100% belge d\u00e9clin\u00e9 \u00e0 360\u00b0sur le site ELLE.be, nos r\u00e9seaux sociaux et notre cha\u00eene Youtube.","sameAs":["http:\/\/www.elle.be\/fr\/","https:\/\/www.facebook.com\/pages\/ELLE-Belgique\/37490723084","http:\/\/instagram.com\/ellebelgique#","http:\/\/www.pinterest.com\/ellebelgique\/pins\/","https:\/\/x.com\/ELLEBelgique"],"url":"https:\/\/www.elle.be\/fr\/author\/elle-be"}]}},"_links":{"self":[{"href":"https:\/\/www.elle.be\/fr\/wp-json\/wp\/v2\/posts\/181364","targetHints":{"allow":["GET"]}}],"collection":[{"href":"https:\/\/www.elle.be\/fr\/wp-json\/wp\/v2\/posts"}],"about":[{"href":"https:\/\/www.elle.be\/fr\/wp-json\/wp\/v2\/types\/post"}],"author":[{"embeddable":true,"href":"https:\/\/www.elle.be\/fr\/wp-json\/wp\/v2\/users\/6"}],"replies":[{"embeddable":true,"href":"https:\/\/www.elle.be\/fr\/wp-json\/wp\/v2\/comments?post=181364"}],"version-history":[{"count":10,"href":"https:\/\/www.elle.be\/fr\/wp-json\/wp\/v2\/posts\/181364\/revisions"}],"predecessor-version":[{"id":198806,"href":"https:\/\/www.elle.be\/fr\/wp-json\/wp\/v2\/posts\/181364\/revisions\/198806"}],"wp:featuredmedia":[{"embeddable":true,"href":"https:\/\/www.elle.be\/fr\/wp-json\/wp\/v2\/media\/183705"}],"wp:attachment":[{"href":"https:\/\/www.elle.be\/fr\/wp-json\/wp\/v2\/media?parent=181364"}],"wp:term":[{"taxonomy":"category","embeddable":true,"href":"https:\/\/www.elle.be\/fr\/wp-json\/wp\/v2\/categories?post=181364"},{"taxonomy":"post_tag","embeddable":true,"href":"https:\/\/www.elle.be\/fr\/wp-json\/wp\/v2\/tags?post=181364"}],"curies":[{"name":"wp","href":"https:\/\/api.w.org\/{rel}","templated":true}]}}