{"id":173826,"date":"2017-06-20T11:59:13","date_gmt":"2017-06-20T09:59:13","guid":{"rendered":"http:\/\/www.elle.be\/fr\/?p=173826"},"modified":"2018-01-31T14:37:24","modified_gmt":"2018-01-31T13:37:24","slug":"dandoy-terrasse-biscuits-legers-champagne","status":"publish","type":"post","link":"https:\/\/www.elle.be\/fr\/173826-dandoy-terrasse-biscuits-legers-champagne.html","title":{"rendered":"Dandoy en terrasse, biscuits l\u00e9gers et champagne"},"content":{"rendered":"","protected":false},"excerpt":{"rendered":"Dandoy c\u00e9l\u00e8bre l&#8217;oisivet\u00e9, la douceur de vivre et la langueur de l&#8217;\u00e9t\u00e9, sur sa nouvelle terrasse de la Place St\u00e9phanie.","protected":false},"author":13,"featured_media":173831,"comment_status":"closed","ping_status":"closed","sticky":false,"template":"","format":"standard","meta":{"_acf_changed":false,"footnotes":""},"categories":[1186,1150],"tags":[1078],"class_list":["post-173826","post","type-post","status-publish","format-standard","has-post-thumbnail","hentry","category-actu","category-adresses","tag-boutique"],"acf":[],"image_verticale":null,"_yoast_wpseo_title":null,"_yoast_wpseo_metadesc":null,"_yoast_wpseo_focuskw_text_input":"dandoy","_yoast_wpseo_opengraph-title":null,"yoast_head":"<!-- This site is optimized with the Yoast SEO plugin v27.4 - https:\/\/yoast.com\/product\/yoast-seo-wordpress\/ -->\n<title>Dandoy en terrasse, biscuits l\u00e9gers et champagne - ELLE.be<\/title>\n<meta name=\"description\" content=\"Dandoy c\u00e9l\u00e8bre l&#039;oisivet\u00e9, la douceur de vivre et la langueur de l&#039;\u00e9t\u00e9, sur sa nouvelle terrasse de la Place St\u00e9phanie. Chaises longues, biscuits cuill\u00e8res l\u00e9gers comme la brise et coupettes de champagne, pour une ambiance &quot;champs de bl\u00e9 en ville&quot;.\" \/>\n<meta name=\"robots\" content=\"index, follow, max-snippet:-1, max-image-preview:large, max-video-preview:-1\" \/>\n<link rel=\"canonical\" href=\"https:\/\/www.elle.be\/fr\/173826-dandoy-terrasse-biscuits-legers-champagne.html\" \/>\n<meta property=\"og:locale\" content=\"fr_FR\" \/>\n<meta property=\"og:type\" content=\"article\" \/>\n<meta property=\"og:title\" content=\"Dandoy en terrasse, biscuits l\u00e9gers et champagne - ELLE.be\" \/>\n<meta property=\"og:description\" content=\"Dandoy c\u00e9l\u00e8bre l&#039;oisivet\u00e9, la douceur de vivre et la langueur de l&#039;\u00e9t\u00e9, sur sa nouvelle terrasse de la Place St\u00e9phanie. Chaises longues, biscuits cuill\u00e8res l\u00e9gers comme la brise et coupettes de champagne, pour une ambiance &quot;champs de bl\u00e9 en ville&quot;.\" \/>\n<meta property=\"og:url\" content=\"https:\/\/www.elle.be\/fr\/173826-dandoy-terrasse-biscuits-legers-champagne.html\" \/>\n<meta property=\"og:site_name\" content=\"ELLE.be\" \/>\n<meta property=\"article:publisher\" content=\"https:\/\/www.facebook.com\/ELLEbelgium\/\" \/>\n<meta property=\"article:author\" content=\"http:\/\/www.facebook.com\/elisabethclausspage\/\" \/>\n<meta property=\"article:published_time\" content=\"2017-06-20T09:59:13+00:00\" \/>\n<meta property=\"article:modified_time\" content=\"2018-01-31T13:37:24+00:00\" \/>\n<meta property=\"og:image\" content=\"https:\/\/www.elle.be\/fr\/wp-content\/uploads\/2017\/06\/Summer_Terrace_credit_Lydie_Nesvadba_2.jpg\" \/>\n\t<meta property=\"og:image:width\" content=\"670\" \/>\n\t<meta property=\"og:image:height\" content=\"351\" \/>\n\t<meta property=\"og:image:type\" content=\"image\/jpeg\" \/>\n<meta name=\"author\" content=\"Elisabeth Clauss\" \/>\n<meta name=\"twitter:card\" content=\"summary_large_image\" \/>\n<meta name=\"twitter:creator\" content=\"@eliclauss\" \/>\n<meta name=\"twitter:site\" content=\"@ELLEBelgique\" \/>\n<meta name=\"twitter:label1\" content=\"\u00c9crit par\" \/>\n\t<meta name=\"twitter:data1\" content=\"Elisabeth Clauss\" \/>\n\t<meta name=\"twitter:label2\" content=\"Dur\u00e9e de lecture estim\u00e9e\" \/>\n\t<meta name=\"twitter:data2\" content=\"1 minute\" \/>\n<script type=\"application\/ld+json\" class=\"yoast-schema-graph\">{\"@context\":\"https:\\\/\\\/schema.org\",\"@graph\":[{\"@type\":\"NewsArticle\",\"@id\":\"https:\\\/\\\/www.elle.be\\\/fr\\\/173826-dandoy-terrasse-biscuits-legers-champagne.html#article\",\"isPartOf\":{\"@id\":\"https:\\\/\\\/www.elle.be\\\/fr\\\/173826-dandoy-terrasse-biscuits-legers-champagne.html\"},\"author\":{\"name\":\"Elisabeth Clauss\",\"@id\":\"https:\\\/\\\/www.elle.be\\\/fr\\\/#\\\/schema\\\/person\\\/731dc88a91a1cebdbc692c487314efaf\"},\"headline\":\"Dandoy en terrasse, biscuits l\u00e9gers et champagne\",\"datePublished\":\"2017-06-20T09:59:13+00:00\",\"dateModified\":\"2018-01-31T13:37:24+00:00\",\"mainEntityOfPage\":{\"@id\":\"https:\\\/\\\/www.elle.be\\\/fr\\\/173826-dandoy-terrasse-biscuits-legers-champagne.html\"},\"wordCount\":168,\"publisher\":{\"@id\":\"https:\\\/\\\/www.elle.be\\\/fr\\\/#organization\"},\"image\":{\"@id\":\"https:\\\/\\\/www.elle.be\\\/fr\\\/173826-dandoy-terrasse-biscuits-legers-champagne.html#primaryimage\"},\"thumbnailUrl\":\"https:\\\/\\\/www.elle.be\\\/fr\\\/wp-content\\\/uploads\\\/2017\\\/06\\\/Summer_Terrace_credit_Lydie_Nesvadba_2.jpg\",\"keywords\":[\"Boutique\"],\"articleSection\":[\"Actu\",\"Adresses\"],\"inLanguage\":\"fr-FR\"},{\"@type\":\"WebPage\",\"@id\":\"https:\\\/\\\/www.elle.be\\\/fr\\\/173826-dandoy-terrasse-biscuits-legers-champagne.html\",\"url\":\"https:\\\/\\\/www.elle.be\\\/fr\\\/173826-dandoy-terrasse-biscuits-legers-champagne.html\",\"name\":\"Dandoy en terrasse, biscuits l\u00e9gers et champagne - ELLE.be\",\"isPartOf\":{\"@id\":\"https:\\\/\\\/www.elle.be\\\/fr\\\/#website\"},\"primaryImageOfPage\":{\"@id\":\"https:\\\/\\\/www.elle.be\\\/fr\\\/173826-dandoy-terrasse-biscuits-legers-champagne.html#primaryimage\"},\"image\":{\"@id\":\"https:\\\/\\\/www.elle.be\\\/fr\\\/173826-dandoy-terrasse-biscuits-legers-champagne.html#primaryimage\"},\"thumbnailUrl\":\"https:\\\/\\\/www.elle.be\\\/fr\\\/wp-content\\\/uploads\\\/2017\\\/06\\\/Summer_Terrace_credit_Lydie_Nesvadba_2.jpg\",\"datePublished\":\"2017-06-20T09:59:13+00:00\",\"dateModified\":\"2018-01-31T13:37:24+00:00\",\"description\":\"Dandoy c\u00e9l\u00e8bre l'oisivet\u00e9, la douceur de vivre et la langueur de l'\u00e9t\u00e9, sur sa nouvelle terrasse de la Place St\u00e9phanie. Chaises longues, biscuits cuill\u00e8res l\u00e9gers comme la brise et coupettes de champagne, pour une ambiance \\\"champs de bl\u00e9 en ville\\\".\",\"breadcrumb\":{\"@id\":\"https:\\\/\\\/www.elle.be\\\/fr\\\/173826-dandoy-terrasse-biscuits-legers-champagne.html#breadcrumb\"},\"inLanguage\":\"fr-FR\",\"potentialAction\":[{\"@type\":\"ReadAction\",\"target\":[\"https:\\\/\\\/www.elle.be\\\/fr\\\/173826-dandoy-terrasse-biscuits-legers-champagne.html\"]}]},{\"@type\":\"ImageObject\",\"inLanguage\":\"fr-FR\",\"@id\":\"https:\\\/\\\/www.elle.be\\\/fr\\\/173826-dandoy-terrasse-biscuits-legers-champagne.html#primaryimage\",\"url\":\"https:\\\/\\\/www.elle.be\\\/fr\\\/wp-content\\\/uploads\\\/2017\\\/06\\\/Summer_Terrace_credit_Lydie_Nesvadba_2.jpg\",\"contentUrl\":\"https:\\\/\\\/www.elle.be\\\/fr\\\/wp-content\\\/uploads\\\/2017\\\/06\\\/Summer_Terrace_credit_Lydie_Nesvadba_2.jpg\",\"width\":670,\"height\":351},{\"@type\":\"BreadcrumbList\",\"@id\":\"https:\\\/\\\/www.elle.be\\\/fr\\\/173826-dandoy-terrasse-biscuits-legers-champagne.html#breadcrumb\",\"itemListElement\":[{\"@type\":\"ListItem\",\"position\":1,\"name\":\"FR\",\"item\":\"https:\\\/\\\/www.elle.be\\\/fr\"},{\"@type\":\"ListItem\",\"position\":2,\"name\":\"Adresses\",\"item\":\"https:\\\/\\\/www.elle.be\\\/fr\\\/adresses\"},{\"@type\":\"ListItem\",\"position\":3,\"name\":\"Dandoy en terrasse, biscuits l\u00e9gers et champagne\"}]},{\"@type\":\"WebSite\",\"@id\":\"https:\\\/\\\/www.elle.be\\\/fr\\\/#website\",\"url\":\"https:\\\/\\\/www.elle.be\\\/fr\\\/\",\"name\":\"ELLE.be\",\"description\":\"Toutes les infos mode, beaut\u00e9 et lifestyle les plus pointues ainsi qu&#039;un contenu 100% belge d\u00e9clin\u00e9 \u00e0 360\u00b0sur le site ELLE.be, nos r\u00e9seaux sociaux et notre cha\u00eene Youtube.\",\"publisher\":{\"@id\":\"https:\\\/\\\/www.elle.be\\\/fr\\\/#organization\"},\"potentialAction\":[{\"@type\":\"SearchAction\",\"target\":{\"@type\":\"EntryPoint\",\"urlTemplate\":\"https:\\\/\\\/www.elle.be\\\/fr\\\/?s={search_term_string}\"},\"query-input\":{\"@type\":\"PropertyValueSpecification\",\"valueRequired\":true,\"valueName\":\"search_term_string\"}}],\"inLanguage\":\"fr-FR\"},{\"@type\":\"Organization\",\"@id\":\"https:\\\/\\\/www.elle.be\\\/fr\\\/#organization\",\"name\":\"ELLE Belgique\",\"url\":\"https:\\\/\\\/www.elle.be\\\/fr\\\/\",\"logo\":{\"@type\":\"ImageObject\",\"inLanguage\":\"fr-FR\",\"@id\":\"https:\\\/\\\/www.elle.be\\\/fr\\\/#\\\/schema\\\/logo\\\/image\\\/\",\"url\":\"https:\\\/\\\/www.elle.be\\\/fr\\\/wp-content\\\/uploads\\\/2017\\\/03\\\/elle-icon-200px.jpeg\",\"contentUrl\":\"https:\\\/\\\/www.elle.be\\\/fr\\\/wp-content\\\/uploads\\\/2017\\\/03\\\/elle-icon-200px.jpeg\",\"width\":200,\"height\":200,\"caption\":\"ELLE Belgique\"},\"image\":{\"@id\":\"https:\\\/\\\/www.elle.be\\\/fr\\\/#\\\/schema\\\/logo\\\/image\\\/\"},\"sameAs\":[\"https:\\\/\\\/www.facebook.com\\\/ELLEbelgium\\\/\",\"https:\\\/\\\/x.com\\\/ELLEBelgique\",\"http:\\\/\\\/instagram.com\\\/ellebelgique\\\/\",\"https:\\\/\\\/www.pinterest.com\\\/ellebelgique\\\/\",\"https:\\\/\\\/www.youtube.com\\\/user\\\/ELLEbelgique1\"]},{\"@type\":\"Person\",\"@id\":\"https:\\\/\\\/www.elle.be\\\/fr\\\/#\\\/schema\\\/person\\\/731dc88a91a1cebdbc692c487314efaf\",\"name\":\"Elisabeth Clauss\",\"image\":{\"@type\":\"ImageObject\",\"inLanguage\":\"fr-FR\",\"@id\":\"https:\\\/\\\/www.elle.be\\\/fr\\\/wp-content\\\/uploads\\\/2017\\\/03\\\/v-elisabeth-clauss-credit-isabelle-mertens-23-e1738239761687-96x96.jpg\",\"url\":\"https:\\\/\\\/www.elle.be\\\/fr\\\/wp-content\\\/uploads\\\/2017\\\/03\\\/v-elisabeth-clauss-credit-isabelle-mertens-23-e1738239761687-96x96.jpg\",\"contentUrl\":\"https:\\\/\\\/www.elle.be\\\/fr\\\/wp-content\\\/uploads\\\/2017\\\/03\\\/v-elisabeth-clauss-credit-isabelle-mertens-23-e1738239761687-96x96.jpg\",\"caption\":\"Elisabeth Clauss\"},\"description\":\"Elle pense que des chaussures, c'est soit beau, soit confortable et raconte la mode, ceux qui la font, ceux qui la portent, ceux qui la supportent.\",\"sameAs\":[\"http:\\\/\\\/www.elisabethclauss.com\",\"http:\\\/\\\/www.facebook.com\\\/elisabethclausspage\\\/\",\"http:\\\/\\\/instagram.com\\\/elisabethclauss\",\"https:\\\/\\\/x.com\\\/eliclauss\"],\"url\":\"https:\\\/\\\/www.elle.be\\\/fr\\\/author\\\/elisabeth\"}]}<\/script>\n<!-- \/ Yoast SEO plugin. -->","yoast_head_json":{"title":"Dandoy en terrasse, biscuits l\u00e9gers et champagne - ELLE.be","description":"Dandoy c\u00e9l\u00e8bre l'oisivet\u00e9, la douceur de vivre et la langueur de l'\u00e9t\u00e9, sur sa nouvelle terrasse de la Place St\u00e9phanie. Chaises longues, biscuits cuill\u00e8res l\u00e9gers comme la brise et coupettes de champagne, pour une ambiance \"champs de bl\u00e9 en ville\".","robots":{"index":"index","follow":"follow","max-snippet":"max-snippet:-1","max-image-preview":"max-image-preview:large","max-video-preview":"max-video-preview:-1"},"canonical":"https:\/\/www.elle.be\/fr\/173826-dandoy-terrasse-biscuits-legers-champagne.html","og_locale":"fr_FR","og_type":"article","og_title":"Dandoy en terrasse, biscuits l\u00e9gers et champagne - ELLE.be","og_description":"Dandoy c\u00e9l\u00e8bre l'oisivet\u00e9, la douceur de vivre et la langueur de l'\u00e9t\u00e9, sur sa nouvelle terrasse de la Place St\u00e9phanie. Chaises longues, biscuits cuill\u00e8res l\u00e9gers comme la brise et coupettes de champagne, pour une ambiance \"champs de bl\u00e9 en ville\".","og_url":"https:\/\/www.elle.be\/fr\/173826-dandoy-terrasse-biscuits-legers-champagne.html","og_site_name":"ELLE.be","article_publisher":"https:\/\/www.facebook.com\/ELLEbelgium\/","article_author":"http:\/\/www.facebook.com\/elisabethclausspage\/","article_published_time":"2017-06-20T09:59:13+00:00","article_modified_time":"2018-01-31T13:37:24+00:00","og_image":[{"width":670,"height":351,"url":"https:\/\/www.elle.be\/fr\/wp-content\/uploads\/2017\/06\/Summer_Terrace_credit_Lydie_Nesvadba_2.jpg","type":"image\/jpeg"}],"author":"Elisabeth Clauss","twitter_card":"summary_large_image","twitter_creator":"@eliclauss","twitter_site":"@ELLEBelgique","twitter_misc":{"\u00c9crit par":"Elisabeth Clauss","Dur\u00e9e de lecture estim\u00e9e":"1 minute"},"schema":{"@context":"https:\/\/schema.org","@graph":[{"@type":"NewsArticle","@id":"https:\/\/www.elle.be\/fr\/173826-dandoy-terrasse-biscuits-legers-champagne.html#article","isPartOf":{"@id":"https:\/\/www.elle.be\/fr\/173826-dandoy-terrasse-biscuits-legers-champagne.html"},"author":{"name":"Elisabeth Clauss","@id":"https:\/\/www.elle.be\/fr\/#\/schema\/person\/731dc88a91a1cebdbc692c487314efaf"},"headline":"Dandoy en terrasse, biscuits l\u00e9gers et champagne","datePublished":"2017-06-20T09:59:13+00:00","dateModified":"2018-01-31T13:37:24+00:00","mainEntityOfPage":{"@id":"https:\/\/www.elle.be\/fr\/173826-dandoy-terrasse-biscuits-legers-champagne.html"},"wordCount":168,"publisher":{"@id":"https:\/\/www.elle.be\/fr\/#organization"},"image":{"@id":"https:\/\/www.elle.be\/fr\/173826-dandoy-terrasse-biscuits-legers-champagne.html#primaryimage"},"thumbnailUrl":"https:\/\/www.elle.be\/fr\/wp-content\/uploads\/2017\/06\/Summer_Terrace_credit_Lydie_Nesvadba_2.jpg","keywords":["Boutique"],"articleSection":["Actu","Adresses"],"inLanguage":"fr-FR"},{"@type":"WebPage","@id":"https:\/\/www.elle.be\/fr\/173826-dandoy-terrasse-biscuits-legers-champagne.html","url":"https:\/\/www.elle.be\/fr\/173826-dandoy-terrasse-biscuits-legers-champagne.html","name":"Dandoy en terrasse, biscuits l\u00e9gers et champagne - ELLE.be","isPartOf":{"@id":"https:\/\/www.elle.be\/fr\/#website"},"primaryImageOfPage":{"@id":"https:\/\/www.elle.be\/fr\/173826-dandoy-terrasse-biscuits-legers-champagne.html#primaryimage"},"image":{"@id":"https:\/\/www.elle.be\/fr\/173826-dandoy-terrasse-biscuits-legers-champagne.html#primaryimage"},"thumbnailUrl":"https:\/\/www.elle.be\/fr\/wp-content\/uploads\/2017\/06\/Summer_Terrace_credit_Lydie_Nesvadba_2.jpg","datePublished":"2017-06-20T09:59:13+00:00","dateModified":"2018-01-31T13:37:24+00:00","description":"Dandoy c\u00e9l\u00e8bre l'oisivet\u00e9, la douceur de vivre et la langueur de l'\u00e9t\u00e9, sur sa nouvelle terrasse de la Place St\u00e9phanie. Chaises longues, biscuits cuill\u00e8res l\u00e9gers comme la brise et coupettes de champagne, pour une ambiance \"champs de bl\u00e9 en ville\".","breadcrumb":{"@id":"https:\/\/www.elle.be\/fr\/173826-dandoy-terrasse-biscuits-legers-champagne.html#breadcrumb"},"inLanguage":"fr-FR","potentialAction":[{"@type":"ReadAction","target":["https:\/\/www.elle.be\/fr\/173826-dandoy-terrasse-biscuits-legers-champagne.html"]}]},{"@type":"ImageObject","inLanguage":"fr-FR","@id":"https:\/\/www.elle.be\/fr\/173826-dandoy-terrasse-biscuits-legers-champagne.html#primaryimage","url":"https:\/\/www.elle.be\/fr\/wp-content\/uploads\/2017\/06\/Summer_Terrace_credit_Lydie_Nesvadba_2.jpg","contentUrl":"https:\/\/www.elle.be\/fr\/wp-content\/uploads\/2017\/06\/Summer_Terrace_credit_Lydie_Nesvadba_2.jpg","width":670,"height":351},{"@type":"BreadcrumbList","@id":"https:\/\/www.elle.be\/fr\/173826-dandoy-terrasse-biscuits-legers-champagne.html#breadcrumb","itemListElement":[{"@type":"ListItem","position":1,"name":"FR","item":"https:\/\/www.elle.be\/fr"},{"@type":"ListItem","position":2,"name":"Adresses","item":"https:\/\/www.elle.be\/fr\/adresses"},{"@type":"ListItem","position":3,"name":"Dandoy en terrasse, biscuits l\u00e9gers et champagne"}]},{"@type":"WebSite","@id":"https:\/\/www.elle.be\/fr\/#website","url":"https:\/\/www.elle.be\/fr\/","name":"ELLE.be","description":"Toutes les infos mode, beaut\u00e9 et lifestyle les plus pointues ainsi qu&#039;un contenu 100% belge d\u00e9clin\u00e9 \u00e0 360\u00b0sur le site ELLE.be, nos r\u00e9seaux sociaux et notre cha\u00eene Youtube.","publisher":{"@id":"https:\/\/www.elle.be\/fr\/#organization"},"potentialAction":[{"@type":"SearchAction","target":{"@type":"EntryPoint","urlTemplate":"https:\/\/www.elle.be\/fr\/?s={search_term_string}"},"query-input":{"@type":"PropertyValueSpecification","valueRequired":true,"valueName":"search_term_string"}}],"inLanguage":"fr-FR"},{"@type":"Organization","@id":"https:\/\/www.elle.be\/fr\/#organization","name":"ELLE Belgique","url":"https:\/\/www.elle.be\/fr\/","logo":{"@type":"ImageObject","inLanguage":"fr-FR","@id":"https:\/\/www.elle.be\/fr\/#\/schema\/logo\/image\/","url":"https:\/\/www.elle.be\/fr\/wp-content\/uploads\/2017\/03\/elle-icon-200px.jpeg","contentUrl":"https:\/\/www.elle.be\/fr\/wp-content\/uploads\/2017\/03\/elle-icon-200px.jpeg","width":200,"height":200,"caption":"ELLE Belgique"},"image":{"@id":"https:\/\/www.elle.be\/fr\/#\/schema\/logo\/image\/"},"sameAs":["https:\/\/www.facebook.com\/ELLEbelgium\/","https:\/\/x.com\/ELLEBelgique","http:\/\/instagram.com\/ellebelgique\/","https:\/\/www.pinterest.com\/ellebelgique\/","https:\/\/www.youtube.com\/user\/ELLEbelgique1"]},{"@type":"Person","@id":"https:\/\/www.elle.be\/fr\/#\/schema\/person\/731dc88a91a1cebdbc692c487314efaf","name":"Elisabeth Clauss","image":{"@type":"ImageObject","inLanguage":"fr-FR","@id":"https:\/\/www.elle.be\/fr\/wp-content\/uploads\/2017\/03\/v-elisabeth-clauss-credit-isabelle-mertens-23-e1738239761687-96x96.jpg","url":"https:\/\/www.elle.be\/fr\/wp-content\/uploads\/2017\/03\/v-elisabeth-clauss-credit-isabelle-mertens-23-e1738239761687-96x96.jpg","contentUrl":"https:\/\/www.elle.be\/fr\/wp-content\/uploads\/2017\/03\/v-elisabeth-clauss-credit-isabelle-mertens-23-e1738239761687-96x96.jpg","caption":"Elisabeth Clauss"},"description":"Elle pense que des chaussures, c'est soit beau, soit confortable et raconte la mode, ceux qui la font, ceux qui la portent, ceux qui la supportent.","sameAs":["http:\/\/www.elisabethclauss.com","http:\/\/www.facebook.com\/elisabethclausspage\/","http:\/\/instagram.com\/elisabethclauss","https:\/\/x.com\/eliclauss"],"url":"https:\/\/www.elle.be\/fr\/author\/elisabeth"}]}},"_links":{"self":[{"href":"https:\/\/www.elle.be\/fr\/wp-json\/wp\/v2\/posts\/173826","targetHints":{"allow":["GET"]}}],"collection":[{"href":"https:\/\/www.elle.be\/fr\/wp-json\/wp\/v2\/posts"}],"about":[{"href":"https:\/\/www.elle.be\/fr\/wp-json\/wp\/v2\/types\/post"}],"author":[{"embeddable":true,"href":"https:\/\/www.elle.be\/fr\/wp-json\/wp\/v2\/users\/13"}],"replies":[{"embeddable":true,"href":"https:\/\/www.elle.be\/fr\/wp-json\/wp\/v2\/comments?post=173826"}],"version-history":[{"count":2,"href":"https:\/\/www.elle.be\/fr\/wp-json\/wp\/v2\/posts\/173826\/revisions"}],"predecessor-version":[{"id":198338,"href":"https:\/\/www.elle.be\/fr\/wp-json\/wp\/v2\/posts\/173826\/revisions\/198338"}],"wp:featuredmedia":[{"embeddable":true,"href":"https:\/\/www.elle.be\/fr\/wp-json\/wp\/v2\/media\/173831"}],"wp:attachment":[{"href":"https:\/\/www.elle.be\/fr\/wp-json\/wp\/v2\/media?parent=173826"}],"wp:term":[{"taxonomy":"category","embeddable":true,"href":"https:\/\/www.elle.be\/fr\/wp-json\/wp\/v2\/categories?post=173826"},{"taxonomy":"post_tag","embeddable":true,"href":"https:\/\/www.elle.be\/fr\/wp-json\/wp\/v2\/tags?post=173826"}],"curies":[{"name":"wp","href":"https:\/\/api.w.org\/{rel}","templated":true}]}}