{"id":169881,"date":"2017-06-08T15:30:31","date_gmt":"2017-06-08T13:30:31","guid":{"rendered":"http:\/\/www.elle.be\/fr\/?p=169881"},"modified":"2018-02-14T10:10:29","modified_gmt":"2018-02-14T09:10:29","slug":"quels-sont-les-lieux-preferes-des-instagrammeurs-en-belgique","status":"publish","type":"post","link":"https:\/\/www.elle.be\/fr\/169881-quels-sont-les-lieux-preferes-des-instagrammeurs-en-belgique.html","title":{"rendered":"O\u00f9 faire les belles photos Instagram de Belgique ?"},"content":{"rendered":"","protected":false},"excerpt":{"rendered":"O\u00f9 faire les plus belles photos de Belgique ? Pour le savoir, on s&#8217;inspire d&#8217;Instagrameurs qui ont l&#8217;oeil \u00e0 la recherche de plus beaux lieux du Royaume.","protected":false},"author":3,"featured_media":172727,"comment_status":"closed","ping_status":"closed","sticky":false,"template":"","format":"standard","meta":{"_acf_changed":false,"footnotes":""},"categories":[5,2202,1186],"tags":[],"class_list":["post-169881","post","type-post","status-publish","format-standard","has-post-thumbnail","hentry","category-mode","category-news-actu","category-actu"],"acf":[],"image_verticale":null,"_yoast_wpseo_title":"Photos Instagram: quels sont les plus beaux lieux de Belgique ?","_yoast_wpseo_metadesc":"O\u00f9 faire les plus belles photos Instagram de Belgique ? On s'inspire d'Instagrameurs qui ont l'oeil \u00e0 la recherche de plus beaux lieux du Royaume.","_yoast_wpseo_focuskw_text_input":"photos instagram","_yoast_wpseo_opengraph-title":null,"yoast_head":"<!-- This site is optimized with the Yoast SEO plugin v27.4 - https:\/\/yoast.com\/product\/yoast-seo-wordpress\/ -->\n<title>Photos Instagram: quels sont les plus beaux lieux de Belgique ?<\/title>\n<meta name=\"description\" content=\"O\u00f9 faire les plus belles photos Instagram de Belgique ? On s&#039;inspire d&#039;Instagrameurs qui ont l&#039;oeil \u00e0 la recherche de plus beaux lieux du Royaume.\" \/>\n<meta name=\"robots\" content=\"index, follow, max-snippet:-1, max-image-preview:large, max-video-preview:-1\" \/>\n<link rel=\"canonical\" href=\"https:\/\/www.elle.be\/fr\/169881-quels-sont-les-lieux-preferes-des-instagrammeurs-en-belgique.html\" \/>\n<meta property=\"og:locale\" content=\"fr_FR\" \/>\n<meta property=\"og:type\" content=\"article\" \/>\n<meta property=\"og:title\" content=\"Photos Instagram: quels sont les plus beaux lieux de Belgique ?\" \/>\n<meta property=\"og:description\" content=\"O\u00f9 faire les plus belles photos Instagram de Belgique ? On s&#039;inspire d&#039;Instagrameurs qui ont l&#039;oeil \u00e0 la recherche de plus beaux lieux du Royaume.\" \/>\n<meta property=\"og:url\" content=\"https:\/\/www.elle.be\/fr\/169881-quels-sont-les-lieux-preferes-des-instagrammeurs-en-belgique.html\" \/>\n<meta property=\"og:site_name\" content=\"ELLE.be\" \/>\n<meta property=\"article:publisher\" content=\"https:\/\/www.facebook.com\/ELLEbelgium\/\" \/>\n<meta property=\"article:author\" content=\"https:\/\/www.facebook.com\/Marie-Gurin-1721050434849149\/\" \/>\n<meta property=\"article:published_time\" content=\"2017-06-08T13:30:31+00:00\" \/>\n<meta property=\"article:modified_time\" content=\"2018-02-14T09:10:29+00:00\" \/>\n<meta property=\"og:image\" content=\"https:\/\/www.elle.be\/fr\/wp-content\/uploads\/2017\/06\/photos-instagram.jpg\" \/>\n\t<meta property=\"og:image:width\" content=\"670\" \/>\n\t<meta property=\"og:image:height\" content=\"351\" \/>\n\t<meta property=\"og:image:type\" content=\"image\/jpeg\" \/>\n<meta name=\"author\" content=\"Marie Gu\u00e9rin\" \/>\n<meta name=\"twitter:card\" content=\"summary_large_image\" \/>\n<meta name=\"twitter:creator\" content=\"@marie_elle_be\" \/>\n<meta name=\"twitter:site\" content=\"@ELLEBelgique\" \/>\n<meta name=\"twitter:label1\" content=\"\u00c9crit par\" \/>\n\t<meta name=\"twitter:data1\" content=\"Marie Gu\u00e9rin\" \/>\n\t<meta name=\"twitter:label2\" content=\"Dur\u00e9e de lecture estim\u00e9e\" \/>\n\t<meta name=\"twitter:data2\" content=\"3 minutes\" \/>\n<script type=\"application\/ld+json\" class=\"yoast-schema-graph\">{\"@context\":\"https:\\\/\\\/schema.org\",\"@graph\":[{\"@type\":\"NewsArticle\",\"@id\":\"https:\\\/\\\/www.elle.be\\\/fr\\\/169881-quels-sont-les-lieux-preferes-des-instagrammeurs-en-belgique.html#article\",\"isPartOf\":{\"@id\":\"https:\\\/\\\/www.elle.be\\\/fr\\\/169881-quels-sont-les-lieux-preferes-des-instagrammeurs-en-belgique.html\"},\"author\":{\"name\":\"Marie Gu\u00e9rin\",\"@id\":\"https:\\\/\\\/www.elle.be\\\/fr\\\/#\\\/schema\\\/person\\\/aa4e257722b2e3dd300f8fbdb031db01\"},\"headline\":\"O\u00f9 faire les belles photos Instagram de Belgique ?\",\"datePublished\":\"2017-06-08T13:30:31+00:00\",\"dateModified\":\"2018-02-14T09:10:29+00:00\",\"mainEntityOfPage\":{\"@id\":\"https:\\\/\\\/www.elle.be\\\/fr\\\/169881-quels-sont-les-lieux-preferes-des-instagrammeurs-en-belgique.html\"},\"wordCount\":526,\"publisher\":{\"@id\":\"https:\\\/\\\/www.elle.be\\\/fr\\\/#organization\"},\"image\":{\"@id\":\"https:\\\/\\\/www.elle.be\\\/fr\\\/169881-quels-sont-les-lieux-preferes-des-instagrammeurs-en-belgique.html#primaryimage\"},\"thumbnailUrl\":\"https:\\\/\\\/www.elle.be\\\/fr\\\/wp-content\\\/uploads\\\/2017\\\/06\\\/photos-instagram.jpg\",\"articleSection\":[\"Mode\",\"News Actu\",\"Actu\"],\"inLanguage\":\"fr-FR\"},{\"@type\":\"WebPage\",\"@id\":\"https:\\\/\\\/www.elle.be\\\/fr\\\/169881-quels-sont-les-lieux-preferes-des-instagrammeurs-en-belgique.html\",\"url\":\"https:\\\/\\\/www.elle.be\\\/fr\\\/169881-quels-sont-les-lieux-preferes-des-instagrammeurs-en-belgique.html\",\"name\":\"Photos Instagram: quels sont les plus beaux lieux de Belgique ?\",\"isPartOf\":{\"@id\":\"https:\\\/\\\/www.elle.be\\\/fr\\\/#website\"},\"primaryImageOfPage\":{\"@id\":\"https:\\\/\\\/www.elle.be\\\/fr\\\/169881-quels-sont-les-lieux-preferes-des-instagrammeurs-en-belgique.html#primaryimage\"},\"image\":{\"@id\":\"https:\\\/\\\/www.elle.be\\\/fr\\\/169881-quels-sont-les-lieux-preferes-des-instagrammeurs-en-belgique.html#primaryimage\"},\"thumbnailUrl\":\"https:\\\/\\\/www.elle.be\\\/fr\\\/wp-content\\\/uploads\\\/2017\\\/06\\\/photos-instagram.jpg\",\"datePublished\":\"2017-06-08T13:30:31+00:00\",\"dateModified\":\"2018-02-14T09:10:29+00:00\",\"description\":\"O\u00f9 faire les plus belles photos Instagram de Belgique ? On s'inspire d'Instagrameurs qui ont l'oeil \u00e0 la recherche de plus beaux lieux du Royaume.\",\"breadcrumb\":{\"@id\":\"https:\\\/\\\/www.elle.be\\\/fr\\\/169881-quels-sont-les-lieux-preferes-des-instagrammeurs-en-belgique.html#breadcrumb\"},\"inLanguage\":\"fr-FR\",\"potentialAction\":[{\"@type\":\"ReadAction\",\"target\":[\"https:\\\/\\\/www.elle.be\\\/fr\\\/169881-quels-sont-les-lieux-preferes-des-instagrammeurs-en-belgique.html\"]}]},{\"@type\":\"ImageObject\",\"inLanguage\":\"fr-FR\",\"@id\":\"https:\\\/\\\/www.elle.be\\\/fr\\\/169881-quels-sont-les-lieux-preferes-des-instagrammeurs-en-belgique.html#primaryimage\",\"url\":\"https:\\\/\\\/www.elle.be\\\/fr\\\/wp-content\\\/uploads\\\/2017\\\/06\\\/photos-instagram.jpg\",\"contentUrl\":\"https:\\\/\\\/www.elle.be\\\/fr\\\/wp-content\\\/uploads\\\/2017\\\/06\\\/photos-instagram.jpg\",\"width\":670,\"height\":351},{\"@type\":\"BreadcrumbList\",\"@id\":\"https:\\\/\\\/www.elle.be\\\/fr\\\/169881-quels-sont-les-lieux-preferes-des-instagrammeurs-en-belgique.html#breadcrumb\",\"itemListElement\":[{\"@type\":\"ListItem\",\"position\":1,\"name\":\"FR\",\"item\":\"https:\\\/\\\/www.elle.be\\\/fr\"},{\"@type\":\"ListItem\",\"position\":2,\"name\":\"Actu\",\"item\":\"https:\\\/\\\/www.elle.be\\\/fr\\\/actu\"},{\"@type\":\"ListItem\",\"position\":3,\"name\":\"O\u00f9 faire les belles photos Instagram de Belgique ?\"}]},{\"@type\":\"WebSite\",\"@id\":\"https:\\\/\\\/www.elle.be\\\/fr\\\/#website\",\"url\":\"https:\\\/\\\/www.elle.be\\\/fr\\\/\",\"name\":\"ELLE.be\",\"description\":\"Toutes les infos mode, beaut\u00e9 et lifestyle les plus pointues ainsi qu&#039;un contenu 100% belge d\u00e9clin\u00e9 \u00e0 360\u00b0sur le site ELLE.be, nos r\u00e9seaux sociaux et notre cha\u00eene Youtube.\",\"publisher\":{\"@id\":\"https:\\\/\\\/www.elle.be\\\/fr\\\/#organization\"},\"potentialAction\":[{\"@type\":\"SearchAction\",\"target\":{\"@type\":\"EntryPoint\",\"urlTemplate\":\"https:\\\/\\\/www.elle.be\\\/fr\\\/?s={search_term_string}\"},\"query-input\":{\"@type\":\"PropertyValueSpecification\",\"valueRequired\":true,\"valueName\":\"search_term_string\"}}],\"inLanguage\":\"fr-FR\"},{\"@type\":\"Organization\",\"@id\":\"https:\\\/\\\/www.elle.be\\\/fr\\\/#organization\",\"name\":\"ELLE Belgique\",\"url\":\"https:\\\/\\\/www.elle.be\\\/fr\\\/\",\"logo\":{\"@type\":\"ImageObject\",\"inLanguage\":\"fr-FR\",\"@id\":\"https:\\\/\\\/www.elle.be\\\/fr\\\/#\\\/schema\\\/logo\\\/image\\\/\",\"url\":\"https:\\\/\\\/www.elle.be\\\/fr\\\/wp-content\\\/uploads\\\/2017\\\/03\\\/elle-icon-200px.jpeg\",\"contentUrl\":\"https:\\\/\\\/www.elle.be\\\/fr\\\/wp-content\\\/uploads\\\/2017\\\/03\\\/elle-icon-200px.jpeg\",\"width\":200,\"height\":200,\"caption\":\"ELLE Belgique\"},\"image\":{\"@id\":\"https:\\\/\\\/www.elle.be\\\/fr\\\/#\\\/schema\\\/logo\\\/image\\\/\"},\"sameAs\":[\"https:\\\/\\\/www.facebook.com\\\/ELLEbelgium\\\/\",\"https:\\\/\\\/x.com\\\/ELLEBelgique\",\"http:\\\/\\\/instagram.com\\\/ellebelgique\\\/\",\"https:\\\/\\\/www.pinterest.com\\\/ellebelgique\\\/\",\"https:\\\/\\\/www.youtube.com\\\/user\\\/ELLEbelgique1\"]},{\"@type\":\"Person\",\"@id\":\"https:\\\/\\\/www.elle.be\\\/fr\\\/#\\\/schema\\\/person\\\/aa4e257722b2e3dd300f8fbdb031db01\",\"name\":\"Marie Gu\u00e9rin\",\"image\":{\"@type\":\"ImageObject\",\"inLanguage\":\"fr-FR\",\"@id\":\"https:\\\/\\\/www.elle.be\\\/fr\\\/wp-content\\\/uploads\\\/2017\\\/03\\\/IMG_4442-96x96.jpg\",\"url\":\"https:\\\/\\\/www.elle.be\\\/fr\\\/wp-content\\\/uploads\\\/2017\\\/03\\\/IMG_4442-96x96.jpg\",\"contentUrl\":\"https:\\\/\\\/www.elle.be\\\/fr\\\/wp-content\\\/uploads\\\/2017\\\/03\\\/IMG_4442-96x96.jpg\",\"caption\":\"Marie Gu\u00e9rin\"},\"description\":\"Obs\u00e9d\u00e9e par les stilettos et tout ce qui facilite la marche \u00e0 pied, cette journaliste sportive (ou pas) sillonne pour vous le monde entier (et la Belgique le reste du temps) \u00e0 la recherche de l'actu mode, beaut\u00e9, lifestyle et de ses meilleurs bons plans.\",\"sameAs\":[\"https:\\\/\\\/www.facebook.com\\\/Marie-Gurin-1721050434849149\\\/\",\"https:\\\/\\\/www.instagram.com\\\/marie_elle_be\\\/\",\"https:\\\/\\\/x.com\\\/marie_elle_be\"],\"url\":\"https:\\\/\\\/www.elle.be\\\/fr\\\/author\\\/marie\"}]}<\/script>\n<!-- \/ Yoast SEO plugin. -->","yoast_head_json":{"title":"Photos Instagram: quels sont les plus beaux lieux de Belgique ?","description":"O\u00f9 faire les plus belles photos Instagram de Belgique ? On s'inspire d'Instagrameurs qui ont l'oeil \u00e0 la recherche de plus beaux lieux du Royaume.","robots":{"index":"index","follow":"follow","max-snippet":"max-snippet:-1","max-image-preview":"max-image-preview:large","max-video-preview":"max-video-preview:-1"},"canonical":"https:\/\/www.elle.be\/fr\/169881-quels-sont-les-lieux-preferes-des-instagrammeurs-en-belgique.html","og_locale":"fr_FR","og_type":"article","og_title":"Photos Instagram: quels sont les plus beaux lieux de Belgique ?","og_description":"O\u00f9 faire les plus belles photos Instagram de Belgique ? On s'inspire d'Instagrameurs qui ont l'oeil \u00e0 la recherche de plus beaux lieux du Royaume.","og_url":"https:\/\/www.elle.be\/fr\/169881-quels-sont-les-lieux-preferes-des-instagrammeurs-en-belgique.html","og_site_name":"ELLE.be","article_publisher":"https:\/\/www.facebook.com\/ELLEbelgium\/","article_author":"https:\/\/www.facebook.com\/Marie-Gurin-1721050434849149\/","article_published_time":"2017-06-08T13:30:31+00:00","article_modified_time":"2018-02-14T09:10:29+00:00","og_image":[{"width":670,"height":351,"url":"https:\/\/www.elle.be\/fr\/wp-content\/uploads\/2017\/06\/photos-instagram.jpg","type":"image\/jpeg"}],"author":"Marie Gu\u00e9rin","twitter_card":"summary_large_image","twitter_creator":"@marie_elle_be","twitter_site":"@ELLEBelgique","twitter_misc":{"\u00c9crit par":"Marie Gu\u00e9rin","Dur\u00e9e de lecture estim\u00e9e":"3 minutes"},"schema":{"@context":"https:\/\/schema.org","@graph":[{"@type":"NewsArticle","@id":"https:\/\/www.elle.be\/fr\/169881-quels-sont-les-lieux-preferes-des-instagrammeurs-en-belgique.html#article","isPartOf":{"@id":"https:\/\/www.elle.be\/fr\/169881-quels-sont-les-lieux-preferes-des-instagrammeurs-en-belgique.html"},"author":{"name":"Marie Gu\u00e9rin","@id":"https:\/\/www.elle.be\/fr\/#\/schema\/person\/aa4e257722b2e3dd300f8fbdb031db01"},"headline":"O\u00f9 faire les belles photos Instagram de Belgique ?","datePublished":"2017-06-08T13:30:31+00:00","dateModified":"2018-02-14T09:10:29+00:00","mainEntityOfPage":{"@id":"https:\/\/www.elle.be\/fr\/169881-quels-sont-les-lieux-preferes-des-instagrammeurs-en-belgique.html"},"wordCount":526,"publisher":{"@id":"https:\/\/www.elle.be\/fr\/#organization"},"image":{"@id":"https:\/\/www.elle.be\/fr\/169881-quels-sont-les-lieux-preferes-des-instagrammeurs-en-belgique.html#primaryimage"},"thumbnailUrl":"https:\/\/www.elle.be\/fr\/wp-content\/uploads\/2017\/06\/photos-instagram.jpg","articleSection":["Mode","News Actu","Actu"],"inLanguage":"fr-FR"},{"@type":"WebPage","@id":"https:\/\/www.elle.be\/fr\/169881-quels-sont-les-lieux-preferes-des-instagrammeurs-en-belgique.html","url":"https:\/\/www.elle.be\/fr\/169881-quels-sont-les-lieux-preferes-des-instagrammeurs-en-belgique.html","name":"Photos Instagram: quels sont les plus beaux lieux de Belgique ?","isPartOf":{"@id":"https:\/\/www.elle.be\/fr\/#website"},"primaryImageOfPage":{"@id":"https:\/\/www.elle.be\/fr\/169881-quels-sont-les-lieux-preferes-des-instagrammeurs-en-belgique.html#primaryimage"},"image":{"@id":"https:\/\/www.elle.be\/fr\/169881-quels-sont-les-lieux-preferes-des-instagrammeurs-en-belgique.html#primaryimage"},"thumbnailUrl":"https:\/\/www.elle.be\/fr\/wp-content\/uploads\/2017\/06\/photos-instagram.jpg","datePublished":"2017-06-08T13:30:31+00:00","dateModified":"2018-02-14T09:10:29+00:00","description":"O\u00f9 faire les plus belles photos Instagram de Belgique ? On s'inspire d'Instagrameurs qui ont l'oeil \u00e0 la recherche de plus beaux lieux du Royaume.","breadcrumb":{"@id":"https:\/\/www.elle.be\/fr\/169881-quels-sont-les-lieux-preferes-des-instagrammeurs-en-belgique.html#breadcrumb"},"inLanguage":"fr-FR","potentialAction":[{"@type":"ReadAction","target":["https:\/\/www.elle.be\/fr\/169881-quels-sont-les-lieux-preferes-des-instagrammeurs-en-belgique.html"]}]},{"@type":"ImageObject","inLanguage":"fr-FR","@id":"https:\/\/www.elle.be\/fr\/169881-quels-sont-les-lieux-preferes-des-instagrammeurs-en-belgique.html#primaryimage","url":"https:\/\/www.elle.be\/fr\/wp-content\/uploads\/2017\/06\/photos-instagram.jpg","contentUrl":"https:\/\/www.elle.be\/fr\/wp-content\/uploads\/2017\/06\/photos-instagram.jpg","width":670,"height":351},{"@type":"BreadcrumbList","@id":"https:\/\/www.elle.be\/fr\/169881-quels-sont-les-lieux-preferes-des-instagrammeurs-en-belgique.html#breadcrumb","itemListElement":[{"@type":"ListItem","position":1,"name":"FR","item":"https:\/\/www.elle.be\/fr"},{"@type":"ListItem","position":2,"name":"Actu","item":"https:\/\/www.elle.be\/fr\/actu"},{"@type":"ListItem","position":3,"name":"O\u00f9 faire les belles photos Instagram de Belgique ?"}]},{"@type":"WebSite","@id":"https:\/\/www.elle.be\/fr\/#website","url":"https:\/\/www.elle.be\/fr\/","name":"ELLE.be","description":"Toutes les infos mode, beaut\u00e9 et lifestyle les plus pointues ainsi qu&#039;un contenu 100% belge d\u00e9clin\u00e9 \u00e0 360\u00b0sur le site ELLE.be, nos r\u00e9seaux sociaux et notre cha\u00eene Youtube.","publisher":{"@id":"https:\/\/www.elle.be\/fr\/#organization"},"potentialAction":[{"@type":"SearchAction","target":{"@type":"EntryPoint","urlTemplate":"https:\/\/www.elle.be\/fr\/?s={search_term_string}"},"query-input":{"@type":"PropertyValueSpecification","valueRequired":true,"valueName":"search_term_string"}}],"inLanguage":"fr-FR"},{"@type":"Organization","@id":"https:\/\/www.elle.be\/fr\/#organization","name":"ELLE Belgique","url":"https:\/\/www.elle.be\/fr\/","logo":{"@type":"ImageObject","inLanguage":"fr-FR","@id":"https:\/\/www.elle.be\/fr\/#\/schema\/logo\/image\/","url":"https:\/\/www.elle.be\/fr\/wp-content\/uploads\/2017\/03\/elle-icon-200px.jpeg","contentUrl":"https:\/\/www.elle.be\/fr\/wp-content\/uploads\/2017\/03\/elle-icon-200px.jpeg","width":200,"height":200,"caption":"ELLE Belgique"},"image":{"@id":"https:\/\/www.elle.be\/fr\/#\/schema\/logo\/image\/"},"sameAs":["https:\/\/www.facebook.com\/ELLEbelgium\/","https:\/\/x.com\/ELLEBelgique","http:\/\/instagram.com\/ellebelgique\/","https:\/\/www.pinterest.com\/ellebelgique\/","https:\/\/www.youtube.com\/user\/ELLEbelgique1"]},{"@type":"Person","@id":"https:\/\/www.elle.be\/fr\/#\/schema\/person\/aa4e257722b2e3dd300f8fbdb031db01","name":"Marie Gu\u00e9rin","image":{"@type":"ImageObject","inLanguage":"fr-FR","@id":"https:\/\/www.elle.be\/fr\/wp-content\/uploads\/2017\/03\/IMG_4442-96x96.jpg","url":"https:\/\/www.elle.be\/fr\/wp-content\/uploads\/2017\/03\/IMG_4442-96x96.jpg","contentUrl":"https:\/\/www.elle.be\/fr\/wp-content\/uploads\/2017\/03\/IMG_4442-96x96.jpg","caption":"Marie Gu\u00e9rin"},"description":"Obs\u00e9d\u00e9e par les stilettos et tout ce qui facilite la marche \u00e0 pied, cette journaliste sportive (ou pas) sillonne pour vous le monde entier (et la Belgique le reste du temps) \u00e0 la recherche de l'actu mode, beaut\u00e9, lifestyle et de ses meilleurs bons plans.","sameAs":["https:\/\/www.facebook.com\/Marie-Gurin-1721050434849149\/","https:\/\/www.instagram.com\/marie_elle_be\/","https:\/\/x.com\/marie_elle_be"],"url":"https:\/\/www.elle.be\/fr\/author\/marie"}]}},"_links":{"self":[{"href":"https:\/\/www.elle.be\/fr\/wp-json\/wp\/v2\/posts\/169881","targetHints":{"allow":["GET"]}}],"collection":[{"href":"https:\/\/www.elle.be\/fr\/wp-json\/wp\/v2\/posts"}],"about":[{"href":"https:\/\/www.elle.be\/fr\/wp-json\/wp\/v2\/types\/post"}],"author":[{"embeddable":true,"href":"https:\/\/www.elle.be\/fr\/wp-json\/wp\/v2\/users\/3"}],"replies":[{"embeddable":true,"href":"https:\/\/www.elle.be\/fr\/wp-json\/wp\/v2\/comments?post=169881"}],"version-history":[{"count":16,"href":"https:\/\/www.elle.be\/fr\/wp-json\/wp\/v2\/posts\/169881\/revisions"}],"predecessor-version":[{"id":173045,"href":"https:\/\/www.elle.be\/fr\/wp-json\/wp\/v2\/posts\/169881\/revisions\/173045"}],"wp:featuredmedia":[{"embeddable":true,"href":"https:\/\/www.elle.be\/fr\/wp-json\/wp\/v2\/media\/172727"}],"wp:attachment":[{"href":"https:\/\/www.elle.be\/fr\/wp-json\/wp\/v2\/media?parent=169881"}],"wp:term":[{"taxonomy":"category","embeddable":true,"href":"https:\/\/www.elle.be\/fr\/wp-json\/wp\/v2\/categories?post=169881"},{"taxonomy":"post_tag","embeddable":true,"href":"https:\/\/www.elle.be\/fr\/wp-json\/wp\/v2\/tags?post=169881"}],"curies":[{"name":"wp","href":"https:\/\/api.w.org\/{rel}","templated":true}]}}