{"id":169189,"date":"2017-05-08T12:01:29","date_gmt":"2017-05-08T10:01:29","guid":{"rendered":"http:\/\/www.elle.be\/fr\/?p=169189"},"modified":"2018-02-19T10:48:40","modified_gmt":"2018-02-19T09:48:40","slug":"panthere-de-cartier-a-los-angeles-qui-etait-la-a-par-nous","status":"publish","type":"post","link":"https:\/\/www.elle.be\/fr\/169189-panthere-de-cartier-a-los-angeles-qui-etait-la-a-par-nous.html","title":{"rendered":"Panth\u00e8re Party de Cartier \u00e0 Los Angeles: qui \u00e9tait l\u00e0 (\u00e0 par nous)?"},"content":{"rendered":"","protected":false},"excerpt":{"rendered":"Ce vendredi Cartier d\u00e9voilait sa nouvelle montre Panth\u00e8re, au Milk Studios \u00e0 Los Angeles. ...","protected":false},"author":3,"featured_media":169259,"comment_status":"closed","ping_status":"closed","sticky":false,"template":"","format":"standard","meta":{"_acf_changed":false,"footnotes":""},"categories":[5,2202],"tags":[],"class_list":["post-169189","post","type-post","status-publish","format-standard","has-post-thumbnail","hentry","category-mode","category-news-actu"],"acf":[],"image_verticale":"","_yoast_wpseo_title":"Panth\u00e8re de Cartier: qui \u00e9tait \u00e0 la soir\u00e9e \u00e0 Los Angeles (\u00e0 part nous) ?","_yoast_wpseo_metadesc":"Ce vendredi le monde d\u00e9couvrait la nouvelle montre panth\u00e8re de Cartier. Le ELLE Belgique \u00e9tait l\u00e0. Quelles stars \u00e9taient pr\u00e9sentes ?","_yoast_wpseo_focuskw_text_input":"panth\u00e8re de cartier","_yoast_wpseo_opengraph-title":null,"yoast_head":"<!-- This site is optimized with the Yoast SEO plugin v27.4 - https:\/\/yoast.com\/product\/yoast-seo-wordpress\/ -->\n<title>Panth\u00e8re de Cartier: qui \u00e9tait \u00e0 la soir\u00e9e \u00e0 Los Angeles (\u00e0 part nous) ?<\/title>\n<meta name=\"description\" content=\"Ce vendredi le monde d\u00e9couvrait la nouvelle montre panth\u00e8re de Cartier. Le ELLE Belgique \u00e9tait l\u00e0. Quelles stars \u00e9taient pr\u00e9sentes ?\" \/>\n<meta name=\"robots\" content=\"index, follow, max-snippet:-1, max-image-preview:large, max-video-preview:-1\" \/>\n<link rel=\"canonical\" href=\"https:\/\/www.elle.be\/fr\/169189-panthere-de-cartier-a-los-angeles-qui-etait-la-a-par-nous.html\" \/>\n<meta property=\"og:locale\" content=\"fr_FR\" \/>\n<meta property=\"og:type\" content=\"article\" \/>\n<meta property=\"og:title\" content=\"Panth\u00e8re de Cartier: qui \u00e9tait \u00e0 la soir\u00e9e \u00e0 Los Angeles (\u00e0 part nous) ?\" \/>\n<meta property=\"og:description\" content=\"Ce vendredi le monde d\u00e9couvrait la nouvelle montre panth\u00e8re de Cartier. Le ELLE Belgique \u00e9tait l\u00e0. Quelles stars \u00e9taient pr\u00e9sentes ?\" \/>\n<meta property=\"og:url\" content=\"https:\/\/www.elle.be\/fr\/169189-panthere-de-cartier-a-los-angeles-qui-etait-la-a-par-nous.html\" \/>\n<meta property=\"og:site_name\" content=\"ELLE.be\" \/>\n<meta property=\"article:publisher\" content=\"https:\/\/www.facebook.com\/ELLEbelgium\/\" \/>\n<meta property=\"article:author\" content=\"https:\/\/www.facebook.com\/Marie-Gurin-1721050434849149\/\" \/>\n<meta property=\"article:published_time\" content=\"2017-05-08T10:01:29+00:00\" \/>\n<meta property=\"article:modified_time\" content=\"2018-02-19T09:48:40+00:00\" \/>\n<meta property=\"og:image\" content=\"https:\/\/www.elle.be\/fr\/wp-content\/uploads\/2017\/05\/panthere-de-cartier.jpg\" \/>\n\t<meta property=\"og:image:width\" content=\"670\" \/>\n\t<meta property=\"og:image:height\" content=\"351\" \/>\n\t<meta property=\"og:image:type\" content=\"image\/jpeg\" \/>\n<meta name=\"author\" content=\"Marie Gu\u00e9rin\" \/>\n<meta name=\"twitter:card\" content=\"summary_large_image\" \/>\n<meta name=\"twitter:creator\" content=\"@marie_elle_be\" \/>\n<meta name=\"twitter:site\" content=\"@ELLEBelgique\" \/>\n<meta name=\"twitter:label1\" content=\"\u00c9crit par\" \/>\n\t<meta name=\"twitter:data1\" content=\"Marie Gu\u00e9rin\" \/>\n\t<meta name=\"twitter:label2\" content=\"Dur\u00e9e de lecture estim\u00e9e\" \/>\n\t<meta name=\"twitter:data2\" content=\"1 minute\" \/>\n<script type=\"application\/ld+json\" class=\"yoast-schema-graph\">{\"@context\":\"https:\\\/\\\/schema.org\",\"@graph\":[{\"@type\":\"NewsArticle\",\"@id\":\"https:\\\/\\\/www.elle.be\\\/fr\\\/169189-panthere-de-cartier-a-los-angeles-qui-etait-la-a-par-nous.html#article\",\"isPartOf\":{\"@id\":\"https:\\\/\\\/www.elle.be\\\/fr\\\/169189-panthere-de-cartier-a-los-angeles-qui-etait-la-a-par-nous.html\"},\"author\":{\"name\":\"Marie Gu\u00e9rin\",\"@id\":\"https:\\\/\\\/www.elle.be\\\/fr\\\/#\\\/schema\\\/person\\\/aa4e257722b2e3dd300f8fbdb031db01\"},\"headline\":\"Panth\u00e8re Party de Cartier \u00e0 Los Angeles: qui \u00e9tait l\u00e0 (\u00e0 par nous)?\",\"datePublished\":\"2017-05-08T10:01:29+00:00\",\"dateModified\":\"2018-02-19T09:48:40+00:00\",\"mainEntityOfPage\":{\"@id\":\"https:\\\/\\\/www.elle.be\\\/fr\\\/169189-panthere-de-cartier-a-los-angeles-qui-etait-la-a-par-nous.html\"},\"wordCount\":119,\"publisher\":{\"@id\":\"https:\\\/\\\/www.elle.be\\\/fr\\\/#organization\"},\"image\":{\"@id\":\"https:\\\/\\\/www.elle.be\\\/fr\\\/169189-panthere-de-cartier-a-los-angeles-qui-etait-la-a-par-nous.html#primaryimage\"},\"thumbnailUrl\":\"https:\\\/\\\/www.elle.be\\\/fr\\\/wp-content\\\/uploads\\\/2017\\\/05\\\/panthere-de-cartier.jpg\",\"articleSection\":[\"Mode\",\"News Actu\"],\"inLanguage\":\"fr-FR\"},{\"@type\":\"WebPage\",\"@id\":\"https:\\\/\\\/www.elle.be\\\/fr\\\/169189-panthere-de-cartier-a-los-angeles-qui-etait-la-a-par-nous.html\",\"url\":\"https:\\\/\\\/www.elle.be\\\/fr\\\/169189-panthere-de-cartier-a-los-angeles-qui-etait-la-a-par-nous.html\",\"name\":\"Panth\u00e8re de Cartier: qui \u00e9tait \u00e0 la soir\u00e9e \u00e0 Los Angeles (\u00e0 part nous) ?\",\"isPartOf\":{\"@id\":\"https:\\\/\\\/www.elle.be\\\/fr\\\/#website\"},\"primaryImageOfPage\":{\"@id\":\"https:\\\/\\\/www.elle.be\\\/fr\\\/169189-panthere-de-cartier-a-los-angeles-qui-etait-la-a-par-nous.html#primaryimage\"},\"image\":{\"@id\":\"https:\\\/\\\/www.elle.be\\\/fr\\\/169189-panthere-de-cartier-a-los-angeles-qui-etait-la-a-par-nous.html#primaryimage\"},\"thumbnailUrl\":\"https:\\\/\\\/www.elle.be\\\/fr\\\/wp-content\\\/uploads\\\/2017\\\/05\\\/panthere-de-cartier.jpg\",\"datePublished\":\"2017-05-08T10:01:29+00:00\",\"dateModified\":\"2018-02-19T09:48:40+00:00\",\"description\":\"Ce vendredi le monde d\u00e9couvrait la nouvelle montre panth\u00e8re de Cartier. Le ELLE Belgique \u00e9tait l\u00e0. Quelles stars \u00e9taient pr\u00e9sentes ?\",\"breadcrumb\":{\"@id\":\"https:\\\/\\\/www.elle.be\\\/fr\\\/169189-panthere-de-cartier-a-los-angeles-qui-etait-la-a-par-nous.html#breadcrumb\"},\"inLanguage\":\"fr-FR\",\"potentialAction\":[{\"@type\":\"ReadAction\",\"target\":[\"https:\\\/\\\/www.elle.be\\\/fr\\\/169189-panthere-de-cartier-a-los-angeles-qui-etait-la-a-par-nous.html\"]}]},{\"@type\":\"ImageObject\",\"inLanguage\":\"fr-FR\",\"@id\":\"https:\\\/\\\/www.elle.be\\\/fr\\\/169189-panthere-de-cartier-a-los-angeles-qui-etait-la-a-par-nous.html#primaryimage\",\"url\":\"https:\\\/\\\/www.elle.be\\\/fr\\\/wp-content\\\/uploads\\\/2017\\\/05\\\/panthere-de-cartier.jpg\",\"contentUrl\":\"https:\\\/\\\/www.elle.be\\\/fr\\\/wp-content\\\/uploads\\\/2017\\\/05\\\/panthere-de-cartier.jpg\",\"width\":670,\"height\":351},{\"@type\":\"BreadcrumbList\",\"@id\":\"https:\\\/\\\/www.elle.be\\\/fr\\\/169189-panthere-de-cartier-a-los-angeles-qui-etait-la-a-par-nous.html#breadcrumb\",\"itemListElement\":[{\"@type\":\"ListItem\",\"position\":1,\"name\":\"FR\",\"item\":\"https:\\\/\\\/www.elle.be\\\/fr\"},{\"@type\":\"ListItem\",\"position\":2,\"name\":\"Mode\",\"item\":\"https:\\\/\\\/www.elle.be\\\/fr\\\/mode\"},{\"@type\":\"ListItem\",\"position\":3,\"name\":\"Panth\u00e8re Party de Cartier \u00e0 Los Angeles: qui \u00e9tait l\u00e0 (\u00e0 par nous)?\"}]},{\"@type\":\"WebSite\",\"@id\":\"https:\\\/\\\/www.elle.be\\\/fr\\\/#website\",\"url\":\"https:\\\/\\\/www.elle.be\\\/fr\\\/\",\"name\":\"ELLE.be\",\"description\":\"Toutes les infos mode, beaut\u00e9 et lifestyle les plus pointues ainsi qu&#039;un contenu 100% belge d\u00e9clin\u00e9 \u00e0 360\u00b0sur le site ELLE.be, nos r\u00e9seaux sociaux et notre cha\u00eene Youtube.\",\"publisher\":{\"@id\":\"https:\\\/\\\/www.elle.be\\\/fr\\\/#organization\"},\"potentialAction\":[{\"@type\":\"SearchAction\",\"target\":{\"@type\":\"EntryPoint\",\"urlTemplate\":\"https:\\\/\\\/www.elle.be\\\/fr\\\/?s={search_term_string}\"},\"query-input\":{\"@type\":\"PropertyValueSpecification\",\"valueRequired\":true,\"valueName\":\"search_term_string\"}}],\"inLanguage\":\"fr-FR\"},{\"@type\":\"Organization\",\"@id\":\"https:\\\/\\\/www.elle.be\\\/fr\\\/#organization\",\"name\":\"ELLE Belgique\",\"url\":\"https:\\\/\\\/www.elle.be\\\/fr\\\/\",\"logo\":{\"@type\":\"ImageObject\",\"inLanguage\":\"fr-FR\",\"@id\":\"https:\\\/\\\/www.elle.be\\\/fr\\\/#\\\/schema\\\/logo\\\/image\\\/\",\"url\":\"https:\\\/\\\/www.elle.be\\\/fr\\\/wp-content\\\/uploads\\\/2017\\\/03\\\/elle-icon-200px.jpeg\",\"contentUrl\":\"https:\\\/\\\/www.elle.be\\\/fr\\\/wp-content\\\/uploads\\\/2017\\\/03\\\/elle-icon-200px.jpeg\",\"width\":200,\"height\":200,\"caption\":\"ELLE Belgique\"},\"image\":{\"@id\":\"https:\\\/\\\/www.elle.be\\\/fr\\\/#\\\/schema\\\/logo\\\/image\\\/\"},\"sameAs\":[\"https:\\\/\\\/www.facebook.com\\\/ELLEbelgium\\\/\",\"https:\\\/\\\/x.com\\\/ELLEBelgique\",\"http:\\\/\\\/instagram.com\\\/ellebelgique\\\/\",\"https:\\\/\\\/www.pinterest.com\\\/ellebelgique\\\/\",\"https:\\\/\\\/www.youtube.com\\\/user\\\/ELLEbelgique1\"]},{\"@type\":\"Person\",\"@id\":\"https:\\\/\\\/www.elle.be\\\/fr\\\/#\\\/schema\\\/person\\\/aa4e257722b2e3dd300f8fbdb031db01\",\"name\":\"Marie Gu\u00e9rin\",\"image\":{\"@type\":\"ImageObject\",\"inLanguage\":\"fr-FR\",\"@id\":\"https:\\\/\\\/www.elle.be\\\/fr\\\/wp-content\\\/uploads\\\/2017\\\/03\\\/IMG_4442-96x96.jpg\",\"url\":\"https:\\\/\\\/www.elle.be\\\/fr\\\/wp-content\\\/uploads\\\/2017\\\/03\\\/IMG_4442-96x96.jpg\",\"contentUrl\":\"https:\\\/\\\/www.elle.be\\\/fr\\\/wp-content\\\/uploads\\\/2017\\\/03\\\/IMG_4442-96x96.jpg\",\"caption\":\"Marie Gu\u00e9rin\"},\"description\":\"Obs\u00e9d\u00e9e par les stilettos et tout ce qui facilite la marche \u00e0 pied, cette journaliste sportive (ou pas) sillonne pour vous le monde entier (et la Belgique le reste du temps) \u00e0 la recherche de l'actu mode, beaut\u00e9, lifestyle et de ses meilleurs bons plans.\",\"sameAs\":[\"https:\\\/\\\/www.facebook.com\\\/Marie-Gurin-1721050434849149\\\/\",\"https:\\\/\\\/www.instagram.com\\\/marie_elle_be\\\/\",\"https:\\\/\\\/x.com\\\/marie_elle_be\"],\"url\":\"https:\\\/\\\/www.elle.be\\\/fr\\\/author\\\/marie\"}]}<\/script>\n<!-- \/ Yoast SEO plugin. -->","yoast_head_json":{"title":"Panth\u00e8re de Cartier: qui \u00e9tait \u00e0 la soir\u00e9e \u00e0 Los Angeles (\u00e0 part nous) ?","description":"Ce vendredi le monde d\u00e9couvrait la nouvelle montre panth\u00e8re de Cartier. Le ELLE Belgique \u00e9tait l\u00e0. Quelles stars \u00e9taient pr\u00e9sentes ?","robots":{"index":"index","follow":"follow","max-snippet":"max-snippet:-1","max-image-preview":"max-image-preview:large","max-video-preview":"max-video-preview:-1"},"canonical":"https:\/\/www.elle.be\/fr\/169189-panthere-de-cartier-a-los-angeles-qui-etait-la-a-par-nous.html","og_locale":"fr_FR","og_type":"article","og_title":"Panth\u00e8re de Cartier: qui \u00e9tait \u00e0 la soir\u00e9e \u00e0 Los Angeles (\u00e0 part nous) ?","og_description":"Ce vendredi le monde d\u00e9couvrait la nouvelle montre panth\u00e8re de Cartier. Le ELLE Belgique \u00e9tait l\u00e0. Quelles stars \u00e9taient pr\u00e9sentes ?","og_url":"https:\/\/www.elle.be\/fr\/169189-panthere-de-cartier-a-los-angeles-qui-etait-la-a-par-nous.html","og_site_name":"ELLE.be","article_publisher":"https:\/\/www.facebook.com\/ELLEbelgium\/","article_author":"https:\/\/www.facebook.com\/Marie-Gurin-1721050434849149\/","article_published_time":"2017-05-08T10:01:29+00:00","article_modified_time":"2018-02-19T09:48:40+00:00","og_image":[{"width":670,"height":351,"url":"https:\/\/www.elle.be\/fr\/wp-content\/uploads\/2017\/05\/panthere-de-cartier.jpg","type":"image\/jpeg"}],"author":"Marie Gu\u00e9rin","twitter_card":"summary_large_image","twitter_creator":"@marie_elle_be","twitter_site":"@ELLEBelgique","twitter_misc":{"\u00c9crit par":"Marie Gu\u00e9rin","Dur\u00e9e de lecture estim\u00e9e":"1 minute"},"schema":{"@context":"https:\/\/schema.org","@graph":[{"@type":"NewsArticle","@id":"https:\/\/www.elle.be\/fr\/169189-panthere-de-cartier-a-los-angeles-qui-etait-la-a-par-nous.html#article","isPartOf":{"@id":"https:\/\/www.elle.be\/fr\/169189-panthere-de-cartier-a-los-angeles-qui-etait-la-a-par-nous.html"},"author":{"name":"Marie Gu\u00e9rin","@id":"https:\/\/www.elle.be\/fr\/#\/schema\/person\/aa4e257722b2e3dd300f8fbdb031db01"},"headline":"Panth\u00e8re Party de Cartier \u00e0 Los Angeles: qui \u00e9tait l\u00e0 (\u00e0 par nous)?","datePublished":"2017-05-08T10:01:29+00:00","dateModified":"2018-02-19T09:48:40+00:00","mainEntityOfPage":{"@id":"https:\/\/www.elle.be\/fr\/169189-panthere-de-cartier-a-los-angeles-qui-etait-la-a-par-nous.html"},"wordCount":119,"publisher":{"@id":"https:\/\/www.elle.be\/fr\/#organization"},"image":{"@id":"https:\/\/www.elle.be\/fr\/169189-panthere-de-cartier-a-los-angeles-qui-etait-la-a-par-nous.html#primaryimage"},"thumbnailUrl":"https:\/\/www.elle.be\/fr\/wp-content\/uploads\/2017\/05\/panthere-de-cartier.jpg","articleSection":["Mode","News Actu"],"inLanguage":"fr-FR"},{"@type":"WebPage","@id":"https:\/\/www.elle.be\/fr\/169189-panthere-de-cartier-a-los-angeles-qui-etait-la-a-par-nous.html","url":"https:\/\/www.elle.be\/fr\/169189-panthere-de-cartier-a-los-angeles-qui-etait-la-a-par-nous.html","name":"Panth\u00e8re de Cartier: qui \u00e9tait \u00e0 la soir\u00e9e \u00e0 Los Angeles (\u00e0 part nous) ?","isPartOf":{"@id":"https:\/\/www.elle.be\/fr\/#website"},"primaryImageOfPage":{"@id":"https:\/\/www.elle.be\/fr\/169189-panthere-de-cartier-a-los-angeles-qui-etait-la-a-par-nous.html#primaryimage"},"image":{"@id":"https:\/\/www.elle.be\/fr\/169189-panthere-de-cartier-a-los-angeles-qui-etait-la-a-par-nous.html#primaryimage"},"thumbnailUrl":"https:\/\/www.elle.be\/fr\/wp-content\/uploads\/2017\/05\/panthere-de-cartier.jpg","datePublished":"2017-05-08T10:01:29+00:00","dateModified":"2018-02-19T09:48:40+00:00","description":"Ce vendredi le monde d\u00e9couvrait la nouvelle montre panth\u00e8re de Cartier. Le ELLE Belgique \u00e9tait l\u00e0. Quelles stars \u00e9taient pr\u00e9sentes ?","breadcrumb":{"@id":"https:\/\/www.elle.be\/fr\/169189-panthere-de-cartier-a-los-angeles-qui-etait-la-a-par-nous.html#breadcrumb"},"inLanguage":"fr-FR","potentialAction":[{"@type":"ReadAction","target":["https:\/\/www.elle.be\/fr\/169189-panthere-de-cartier-a-los-angeles-qui-etait-la-a-par-nous.html"]}]},{"@type":"ImageObject","inLanguage":"fr-FR","@id":"https:\/\/www.elle.be\/fr\/169189-panthere-de-cartier-a-los-angeles-qui-etait-la-a-par-nous.html#primaryimage","url":"https:\/\/www.elle.be\/fr\/wp-content\/uploads\/2017\/05\/panthere-de-cartier.jpg","contentUrl":"https:\/\/www.elle.be\/fr\/wp-content\/uploads\/2017\/05\/panthere-de-cartier.jpg","width":670,"height":351},{"@type":"BreadcrumbList","@id":"https:\/\/www.elle.be\/fr\/169189-panthere-de-cartier-a-los-angeles-qui-etait-la-a-par-nous.html#breadcrumb","itemListElement":[{"@type":"ListItem","position":1,"name":"FR","item":"https:\/\/www.elle.be\/fr"},{"@type":"ListItem","position":2,"name":"Mode","item":"https:\/\/www.elle.be\/fr\/mode"},{"@type":"ListItem","position":3,"name":"Panth\u00e8re Party de Cartier \u00e0 Los Angeles: qui \u00e9tait l\u00e0 (\u00e0 par nous)?"}]},{"@type":"WebSite","@id":"https:\/\/www.elle.be\/fr\/#website","url":"https:\/\/www.elle.be\/fr\/","name":"ELLE.be","description":"Toutes les infos mode, beaut\u00e9 et lifestyle les plus pointues ainsi qu&#039;un contenu 100% belge d\u00e9clin\u00e9 \u00e0 360\u00b0sur le site ELLE.be, nos r\u00e9seaux sociaux et notre cha\u00eene Youtube.","publisher":{"@id":"https:\/\/www.elle.be\/fr\/#organization"},"potentialAction":[{"@type":"SearchAction","target":{"@type":"EntryPoint","urlTemplate":"https:\/\/www.elle.be\/fr\/?s={search_term_string}"},"query-input":{"@type":"PropertyValueSpecification","valueRequired":true,"valueName":"search_term_string"}}],"inLanguage":"fr-FR"},{"@type":"Organization","@id":"https:\/\/www.elle.be\/fr\/#organization","name":"ELLE Belgique","url":"https:\/\/www.elle.be\/fr\/","logo":{"@type":"ImageObject","inLanguage":"fr-FR","@id":"https:\/\/www.elle.be\/fr\/#\/schema\/logo\/image\/","url":"https:\/\/www.elle.be\/fr\/wp-content\/uploads\/2017\/03\/elle-icon-200px.jpeg","contentUrl":"https:\/\/www.elle.be\/fr\/wp-content\/uploads\/2017\/03\/elle-icon-200px.jpeg","width":200,"height":200,"caption":"ELLE Belgique"},"image":{"@id":"https:\/\/www.elle.be\/fr\/#\/schema\/logo\/image\/"},"sameAs":["https:\/\/www.facebook.com\/ELLEbelgium\/","https:\/\/x.com\/ELLEBelgique","http:\/\/instagram.com\/ellebelgique\/","https:\/\/www.pinterest.com\/ellebelgique\/","https:\/\/www.youtube.com\/user\/ELLEbelgique1"]},{"@type":"Person","@id":"https:\/\/www.elle.be\/fr\/#\/schema\/person\/aa4e257722b2e3dd300f8fbdb031db01","name":"Marie Gu\u00e9rin","image":{"@type":"ImageObject","inLanguage":"fr-FR","@id":"https:\/\/www.elle.be\/fr\/wp-content\/uploads\/2017\/03\/IMG_4442-96x96.jpg","url":"https:\/\/www.elle.be\/fr\/wp-content\/uploads\/2017\/03\/IMG_4442-96x96.jpg","contentUrl":"https:\/\/www.elle.be\/fr\/wp-content\/uploads\/2017\/03\/IMG_4442-96x96.jpg","caption":"Marie Gu\u00e9rin"},"description":"Obs\u00e9d\u00e9e par les stilettos et tout ce qui facilite la marche \u00e0 pied, cette journaliste sportive (ou pas) sillonne pour vous le monde entier (et la Belgique le reste du temps) \u00e0 la recherche de l'actu mode, beaut\u00e9, lifestyle et de ses meilleurs bons plans.","sameAs":["https:\/\/www.facebook.com\/Marie-Gurin-1721050434849149\/","https:\/\/www.instagram.com\/marie_elle_be\/","https:\/\/x.com\/marie_elle_be"],"url":"https:\/\/www.elle.be\/fr\/author\/marie"}]}},"_links":{"self":[{"href":"https:\/\/www.elle.be\/fr\/wp-json\/wp\/v2\/posts\/169189","targetHints":{"allow":["GET"]}}],"collection":[{"href":"https:\/\/www.elle.be\/fr\/wp-json\/wp\/v2\/posts"}],"about":[{"href":"https:\/\/www.elle.be\/fr\/wp-json\/wp\/v2\/types\/post"}],"author":[{"embeddable":true,"href":"https:\/\/www.elle.be\/fr\/wp-json\/wp\/v2\/users\/3"}],"replies":[{"embeddable":true,"href":"https:\/\/www.elle.be\/fr\/wp-json\/wp\/v2\/comments?post=169189"}],"version-history":[{"count":3,"href":"https:\/\/www.elle.be\/fr\/wp-json\/wp\/v2\/posts\/169189\/revisions"}],"predecessor-version":[{"id":169261,"href":"https:\/\/www.elle.be\/fr\/wp-json\/wp\/v2\/posts\/169189\/revisions\/169261"}],"wp:featuredmedia":[{"embeddable":true,"href":"https:\/\/www.elle.be\/fr\/wp-json\/wp\/v2\/media\/169259"}],"wp:attachment":[{"href":"https:\/\/www.elle.be\/fr\/wp-json\/wp\/v2\/media?parent=169189"}],"wp:term":[{"taxonomy":"category","embeddable":true,"href":"https:\/\/www.elle.be\/fr\/wp-json\/wp\/v2\/categories?post=169189"},{"taxonomy":"post_tag","embeddable":true,"href":"https:\/\/www.elle.be\/fr\/wp-json\/wp\/v2\/tags?post=169189"}],"curies":[{"name":"wp","href":"https:\/\/api.w.org\/{rel}","templated":true}]}}