{"id":16492,"date":"2013-11-27T15:24:30","date_gmt":"2013-11-27T14:24:30","guid":{"rendered":"http:\/\/www.elle.be\/fr\/?p=16492"},"modified":"2023-07-28T11:49:45","modified_gmt":"2023-07-28T09:49:45","slug":"6-trompe-loeil-pour-decorer-son-salon","status":"publish","type":"post","link":"https:\/\/www.elle.be\/fr\/16492-6-trompe-loeil-pour-decorer-son-salon.html","title":{"rendered":"6 trompe-l&#8217;oeil pour d\u00e9corer son salon"},"content":{"rendered":"","protected":false},"excerpt":{"rendered":"Il suffit parfois juste d&#8217;une bonne id\u00e9e, et d&#8217;un s\u00e9rieux coup de pinceau c&#8217;est vrai, pour tout changer. ...","protected":false},"author":4,"featured_media":16493,"comment_status":"closed","ping_status":"closed","sticky":false,"template":"","format":"standard","meta":{"_acf_changed":false,"footnotes":""},"categories":[3269,3272],"tags":[],"class_list":["post-16492","post","type-post","status-publish","format-standard","has-post-thumbnail","hentry","category-elle-decoration","category-astuces-deco"],"acf":[],"image_verticale":"","_yoast_wpseo_title":"6 trompe-l'oeil pour d\u00e9corer son salon - ELLE.be","_yoast_wpseo_metadesc":"Il suffit parfois juste d'une bonne id\u00e9e d\u00e9co , et d'un s\u00e9rieux coup de pinceau c'est vrai, pour tout changer.","_yoast_wpseo_focuskw_text_input":"d\u00e9co salon","_yoast_wpseo_opengraph-title":null,"yoast_head":"<!-- This site is optimized with the Yoast SEO plugin v27.4 - https:\/\/yoast.com\/product\/yoast-seo-wordpress\/ -->\n<title>6 trompe-l&#039;oeil pour d\u00e9corer son salon - ELLE.be<\/title>\n<meta name=\"description\" content=\"Il suffit parfois juste d&#039;une bonne id\u00e9e d\u00e9co , et d&#039;un s\u00e9rieux coup de pinceau c&#039;est vrai, pour tout changer.\" \/>\n<meta name=\"robots\" content=\"index, follow, max-snippet:-1, max-image-preview:large, max-video-preview:-1\" \/>\n<link rel=\"canonical\" href=\"https:\/\/www.elle.be\/fr\/16492-6-trompe-loeil-pour-decorer-son-salon.html\" \/>\n<link rel=\"next\" href=\"https:\/\/www.elle.be\/fr\/16492-6-trompe-loeil-pour-decorer-son-salon.html\/2\" \/>\n<meta property=\"og:locale\" content=\"fr_FR\" \/>\n<meta property=\"og:type\" content=\"article\" \/>\n<meta property=\"og:title\" content=\"6 trompe-l&#039;oeil pour d\u00e9corer son salon - ELLE.be\" \/>\n<meta property=\"og:description\" content=\"Il suffit parfois juste d&#039;une bonne id\u00e9e d\u00e9co , et d&#039;un s\u00e9rieux coup de pinceau c&#039;est vrai, pour tout changer.\" \/>\n<meta property=\"og:url\" content=\"https:\/\/www.elle.be\/fr\/16492-6-trompe-loeil-pour-decorer-son-salon.html\" \/>\n<meta property=\"og:site_name\" content=\"ELLE.be\" \/>\n<meta property=\"article:publisher\" content=\"https:\/\/www.facebook.com\/ELLEbelgium\/\" \/>\n<meta property=\"article:author\" content=\"https:\/\/www.facebook.com\/vekemans.mary\" \/>\n<meta property=\"article:published_time\" content=\"2013-11-27T14:24:30+00:00\" \/>\n<meta property=\"article:modified_time\" content=\"2023-07-28T09:49:45+00:00\" \/>\n<meta property=\"og:image\" content=\"https:\/\/www.elle.be\/fr\/wp-content\/uploads\/2013\/11\/paint.jpg\" \/>\n\t<meta property=\"og:image:width\" content=\"600\" \/>\n\t<meta property=\"og:image:height\" content=\"520\" \/>\n\t<meta property=\"og:image:type\" content=\"image\/jpeg\" \/>\n<meta name=\"author\" content=\"Marie-No\u00eblle Vekemans\" \/>\n<meta name=\"twitter:card\" content=\"summary_large_image\" \/>\n<meta name=\"twitter:creator\" content=\"@ELLEBelgique\" \/>\n<meta name=\"twitter:site\" content=\"@ELLEBelgique\" \/>\n<meta name=\"twitter:label1\" content=\"\u00c9crit par\" \/>\n\t<meta name=\"twitter:data1\" content=\"Marie-No\u00eblle Vekemans\" \/>\n\t<meta name=\"twitter:label2\" content=\"Dur\u00e9e de lecture estim\u00e9e\" \/>\n\t<meta name=\"twitter:data2\" content=\"1 minute\" \/>\n<script type=\"application\/ld+json\" class=\"yoast-schema-graph\">{\"@context\":\"https:\\\/\\\/schema.org\",\"@graph\":[{\"@type\":\"NewsArticle\",\"@id\":\"https:\\\/\\\/www.elle.be\\\/fr\\\/16492-6-trompe-loeil-pour-decorer-son-salon.html#article\",\"isPartOf\":{\"@id\":\"https:\\\/\\\/www.elle.be\\\/fr\\\/16492-6-trompe-loeil-pour-decorer-son-salon.html\"},\"author\":{\"name\":\"Marie-No\u00eblle Vekemans\",\"@id\":\"https:\\\/\\\/www.elle.be\\\/fr\\\/#\\\/schema\\\/person\\\/6bec7b95a22c85dde0b8e5c823ed7f1c\"},\"headline\":\"6 trompe-l&#8217;oeil pour d\u00e9corer son salon\",\"datePublished\":\"2013-11-27T14:24:30+00:00\",\"dateModified\":\"2023-07-28T09:49:45+00:00\",\"mainEntityOfPage\":{\"@id\":\"https:\\\/\\\/www.elle.be\\\/fr\\\/16492-6-trompe-loeil-pour-decorer-son-salon.html\"},\"wordCount\":250,\"publisher\":{\"@id\":\"https:\\\/\\\/www.elle.be\\\/fr\\\/#organization\"},\"image\":{\"@id\":\"https:\\\/\\\/www.elle.be\\\/fr\\\/16492-6-trompe-loeil-pour-decorer-son-salon.html#primaryimage\"},\"thumbnailUrl\":\"https:\\\/\\\/www.elle.be\\\/fr\\\/wp-content\\\/uploads\\\/2013\\\/11\\\/paint.jpg\",\"articleSection\":[\"ELLE d\u00e9coration\",\"Astuces D\u00e9co\"],\"inLanguage\":\"fr-FR\"},{\"@type\":\"WebPage\",\"@id\":\"https:\\\/\\\/www.elle.be\\\/fr\\\/16492-6-trompe-loeil-pour-decorer-son-salon.html\",\"url\":\"https:\\\/\\\/www.elle.be\\\/fr\\\/16492-6-trompe-loeil-pour-decorer-son-salon.html\",\"name\":\"6 trompe-l'oeil pour d\u00e9corer son salon - ELLE.be\",\"isPartOf\":{\"@id\":\"https:\\\/\\\/www.elle.be\\\/fr\\\/#website\"},\"primaryImageOfPage\":{\"@id\":\"https:\\\/\\\/www.elle.be\\\/fr\\\/16492-6-trompe-loeil-pour-decorer-son-salon.html#primaryimage\"},\"image\":{\"@id\":\"https:\\\/\\\/www.elle.be\\\/fr\\\/16492-6-trompe-loeil-pour-decorer-son-salon.html#primaryimage\"},\"thumbnailUrl\":\"https:\\\/\\\/www.elle.be\\\/fr\\\/wp-content\\\/uploads\\\/2013\\\/11\\\/paint.jpg\",\"datePublished\":\"2013-11-27T14:24:30+00:00\",\"dateModified\":\"2023-07-28T09:49:45+00:00\",\"description\":\"Il suffit parfois juste d'une bonne id\u00e9e d\u00e9co , et d'un s\u00e9rieux coup de pinceau c'est vrai, pour tout changer.\",\"breadcrumb\":{\"@id\":\"https:\\\/\\\/www.elle.be\\\/fr\\\/16492-6-trompe-loeil-pour-decorer-son-salon.html#breadcrumb\"},\"inLanguage\":\"fr-FR\",\"potentialAction\":[{\"@type\":\"ReadAction\",\"target\":[\"https:\\\/\\\/www.elle.be\\\/fr\\\/16492-6-trompe-loeil-pour-decorer-son-salon.html\"]}]},{\"@type\":\"ImageObject\",\"inLanguage\":\"fr-FR\",\"@id\":\"https:\\\/\\\/www.elle.be\\\/fr\\\/16492-6-trompe-loeil-pour-decorer-son-salon.html#primaryimage\",\"url\":\"https:\\\/\\\/www.elle.be\\\/fr\\\/wp-content\\\/uploads\\\/2013\\\/11\\\/paint.jpg\",\"contentUrl\":\"https:\\\/\\\/www.elle.be\\\/fr\\\/wp-content\\\/uploads\\\/2013\\\/11\\\/paint.jpg\",\"width\":600,\"height\":520},{\"@type\":\"BreadcrumbList\",\"@id\":\"https:\\\/\\\/www.elle.be\\\/fr\\\/16492-6-trompe-loeil-pour-decorer-son-salon.html#breadcrumb\",\"itemListElement\":[{\"@type\":\"ListItem\",\"position\":1,\"name\":\"FR\",\"item\":\"https:\\\/\\\/www.elle.be\\\/fr\"},{\"@type\":\"ListItem\",\"position\":2,\"name\":\"ELLE d\u00e9coration\"}]},{\"@type\":\"WebSite\",\"@id\":\"https:\\\/\\\/www.elle.be\\\/fr\\\/#website\",\"url\":\"https:\\\/\\\/www.elle.be\\\/fr\\\/\",\"name\":\"ELLE.be\",\"description\":\"Toutes les infos mode, beaut\u00e9 et lifestyle les plus pointues ainsi qu&#039;un contenu 100% belge d\u00e9clin\u00e9 \u00e0 360\u00b0sur le site ELLE.be, nos r\u00e9seaux sociaux et notre cha\u00eene Youtube.\",\"publisher\":{\"@id\":\"https:\\\/\\\/www.elle.be\\\/fr\\\/#organization\"},\"potentialAction\":[{\"@type\":\"SearchAction\",\"target\":{\"@type\":\"EntryPoint\",\"urlTemplate\":\"https:\\\/\\\/www.elle.be\\\/fr\\\/?s={search_term_string}\"},\"query-input\":{\"@type\":\"PropertyValueSpecification\",\"valueRequired\":true,\"valueName\":\"search_term_string\"}}],\"inLanguage\":\"fr-FR\"},{\"@type\":\"Organization\",\"@id\":\"https:\\\/\\\/www.elle.be\\\/fr\\\/#organization\",\"name\":\"ELLE Belgique\",\"url\":\"https:\\\/\\\/www.elle.be\\\/fr\\\/\",\"logo\":{\"@type\":\"ImageObject\",\"inLanguage\":\"fr-FR\",\"@id\":\"https:\\\/\\\/www.elle.be\\\/fr\\\/#\\\/schema\\\/logo\\\/image\\\/\",\"url\":\"https:\\\/\\\/www.elle.be\\\/fr\\\/wp-content\\\/uploads\\\/2017\\\/03\\\/elle-icon-200px.jpeg\",\"contentUrl\":\"https:\\\/\\\/www.elle.be\\\/fr\\\/wp-content\\\/uploads\\\/2017\\\/03\\\/elle-icon-200px.jpeg\",\"width\":200,\"height\":200,\"caption\":\"ELLE Belgique\"},\"image\":{\"@id\":\"https:\\\/\\\/www.elle.be\\\/fr\\\/#\\\/schema\\\/logo\\\/image\\\/\"},\"sameAs\":[\"https:\\\/\\\/www.facebook.com\\\/ELLEbelgium\\\/\",\"https:\\\/\\\/x.com\\\/ELLEBelgique\",\"http:\\\/\\\/instagram.com\\\/ellebelgique\\\/\",\"https:\\\/\\\/www.pinterest.com\\\/ellebelgique\\\/\",\"https:\\\/\\\/www.youtube.com\\\/user\\\/ELLEbelgique1\"]},{\"@type\":\"Person\",\"@id\":\"https:\\\/\\\/www.elle.be\\\/fr\\\/#\\\/schema\\\/person\\\/6bec7b95a22c85dde0b8e5c823ed7f1c\",\"name\":\"Marie-No\u00eblle Vekemans\",\"image\":{\"@type\":\"ImageObject\",\"inLanguage\":\"fr-FR\",\"@id\":\"https:\\\/\\\/www.elle.be\\\/fr\\\/wp-content\\\/uploads\\\/2017\\\/03\\\/elle_marie-noelle-96x96.jpg\",\"url\":\"https:\\\/\\\/www.elle.be\\\/fr\\\/wp-content\\\/uploads\\\/2017\\\/03\\\/elle_marie-noelle-96x96.jpg\",\"contentUrl\":\"https:\\\/\\\/www.elle.be\\\/fr\\\/wp-content\\\/uploads\\\/2017\\\/03\\\/elle_marie-noelle-96x96.jpg\",\"caption\":\"Marie-No\u00eblle Vekemans\"},\"sameAs\":[\"https:\\\/\\\/www.facebook.com\\\/vekemans.mary\",\"http:\\\/\\\/instagram.com\\\/maryvekemans\"],\"url\":\"https:\\\/\\\/www.elle.be\\\/fr\\\/author\\\/marie-noelle\"}]}<\/script>\n<!-- \/ Yoast SEO plugin. -->","yoast_head_json":{"title":"6 trompe-l'oeil pour d\u00e9corer son salon - ELLE.be","description":"Il suffit parfois juste d'une bonne id\u00e9e d\u00e9co , et d'un s\u00e9rieux coup de pinceau c'est vrai, pour tout changer.","robots":{"index":"index","follow":"follow","max-snippet":"max-snippet:-1","max-image-preview":"max-image-preview:large","max-video-preview":"max-video-preview:-1"},"canonical":"https:\/\/www.elle.be\/fr\/16492-6-trompe-loeil-pour-decorer-son-salon.html","next":"https:\/\/www.elle.be\/fr\/16492-6-trompe-loeil-pour-decorer-son-salon.html\/2","og_locale":"fr_FR","og_type":"article","og_title":"6 trompe-l'oeil pour d\u00e9corer son salon - ELLE.be","og_description":"Il suffit parfois juste d'une bonne id\u00e9e d\u00e9co , et d'un s\u00e9rieux coup de pinceau c'est vrai, pour tout changer.","og_url":"https:\/\/www.elle.be\/fr\/16492-6-trompe-loeil-pour-decorer-son-salon.html","og_site_name":"ELLE.be","article_publisher":"https:\/\/www.facebook.com\/ELLEbelgium\/","article_author":"https:\/\/www.facebook.com\/vekemans.mary","article_published_time":"2013-11-27T14:24:30+00:00","article_modified_time":"2023-07-28T09:49:45+00:00","og_image":[{"width":600,"height":520,"url":"https:\/\/www.elle.be\/fr\/wp-content\/uploads\/2013\/11\/paint.jpg","type":"image\/jpeg"}],"author":"Marie-No\u00eblle Vekemans","twitter_card":"summary_large_image","twitter_creator":"@ELLEBelgique","twitter_site":"@ELLEBelgique","twitter_misc":{"\u00c9crit par":"Marie-No\u00eblle Vekemans","Dur\u00e9e de lecture estim\u00e9e":"1 minute"},"schema":{"@context":"https:\/\/schema.org","@graph":[{"@type":"NewsArticle","@id":"https:\/\/www.elle.be\/fr\/16492-6-trompe-loeil-pour-decorer-son-salon.html#article","isPartOf":{"@id":"https:\/\/www.elle.be\/fr\/16492-6-trompe-loeil-pour-decorer-son-salon.html"},"author":{"name":"Marie-No\u00eblle Vekemans","@id":"https:\/\/www.elle.be\/fr\/#\/schema\/person\/6bec7b95a22c85dde0b8e5c823ed7f1c"},"headline":"6 trompe-l&#8217;oeil pour d\u00e9corer son salon","datePublished":"2013-11-27T14:24:30+00:00","dateModified":"2023-07-28T09:49:45+00:00","mainEntityOfPage":{"@id":"https:\/\/www.elle.be\/fr\/16492-6-trompe-loeil-pour-decorer-son-salon.html"},"wordCount":250,"publisher":{"@id":"https:\/\/www.elle.be\/fr\/#organization"},"image":{"@id":"https:\/\/www.elle.be\/fr\/16492-6-trompe-loeil-pour-decorer-son-salon.html#primaryimage"},"thumbnailUrl":"https:\/\/www.elle.be\/fr\/wp-content\/uploads\/2013\/11\/paint.jpg","articleSection":["ELLE d\u00e9coration","Astuces D\u00e9co"],"inLanguage":"fr-FR"},{"@type":"WebPage","@id":"https:\/\/www.elle.be\/fr\/16492-6-trompe-loeil-pour-decorer-son-salon.html","url":"https:\/\/www.elle.be\/fr\/16492-6-trompe-loeil-pour-decorer-son-salon.html","name":"6 trompe-l'oeil pour d\u00e9corer son salon - ELLE.be","isPartOf":{"@id":"https:\/\/www.elle.be\/fr\/#website"},"primaryImageOfPage":{"@id":"https:\/\/www.elle.be\/fr\/16492-6-trompe-loeil-pour-decorer-son-salon.html#primaryimage"},"image":{"@id":"https:\/\/www.elle.be\/fr\/16492-6-trompe-loeil-pour-decorer-son-salon.html#primaryimage"},"thumbnailUrl":"https:\/\/www.elle.be\/fr\/wp-content\/uploads\/2013\/11\/paint.jpg","datePublished":"2013-11-27T14:24:30+00:00","dateModified":"2023-07-28T09:49:45+00:00","description":"Il suffit parfois juste d'une bonne id\u00e9e d\u00e9co , et d'un s\u00e9rieux coup de pinceau c'est vrai, pour tout changer.","breadcrumb":{"@id":"https:\/\/www.elle.be\/fr\/16492-6-trompe-loeil-pour-decorer-son-salon.html#breadcrumb"},"inLanguage":"fr-FR","potentialAction":[{"@type":"ReadAction","target":["https:\/\/www.elle.be\/fr\/16492-6-trompe-loeil-pour-decorer-son-salon.html"]}]},{"@type":"ImageObject","inLanguage":"fr-FR","@id":"https:\/\/www.elle.be\/fr\/16492-6-trompe-loeil-pour-decorer-son-salon.html#primaryimage","url":"https:\/\/www.elle.be\/fr\/wp-content\/uploads\/2013\/11\/paint.jpg","contentUrl":"https:\/\/www.elle.be\/fr\/wp-content\/uploads\/2013\/11\/paint.jpg","width":600,"height":520},{"@type":"BreadcrumbList","@id":"https:\/\/www.elle.be\/fr\/16492-6-trompe-loeil-pour-decorer-son-salon.html#breadcrumb","itemListElement":[{"@type":"ListItem","position":1,"name":"FR","item":"https:\/\/www.elle.be\/fr"},{"@type":"ListItem","position":2,"name":"ELLE d\u00e9coration"}]},{"@type":"WebSite","@id":"https:\/\/www.elle.be\/fr\/#website","url":"https:\/\/www.elle.be\/fr\/","name":"ELLE.be","description":"Toutes les infos mode, beaut\u00e9 et lifestyle les plus pointues ainsi qu&#039;un contenu 100% belge d\u00e9clin\u00e9 \u00e0 360\u00b0sur le site ELLE.be, nos r\u00e9seaux sociaux et notre cha\u00eene Youtube.","publisher":{"@id":"https:\/\/www.elle.be\/fr\/#organization"},"potentialAction":[{"@type":"SearchAction","target":{"@type":"EntryPoint","urlTemplate":"https:\/\/www.elle.be\/fr\/?s={search_term_string}"},"query-input":{"@type":"PropertyValueSpecification","valueRequired":true,"valueName":"search_term_string"}}],"inLanguage":"fr-FR"},{"@type":"Organization","@id":"https:\/\/www.elle.be\/fr\/#organization","name":"ELLE Belgique","url":"https:\/\/www.elle.be\/fr\/","logo":{"@type":"ImageObject","inLanguage":"fr-FR","@id":"https:\/\/www.elle.be\/fr\/#\/schema\/logo\/image\/","url":"https:\/\/www.elle.be\/fr\/wp-content\/uploads\/2017\/03\/elle-icon-200px.jpeg","contentUrl":"https:\/\/www.elle.be\/fr\/wp-content\/uploads\/2017\/03\/elle-icon-200px.jpeg","width":200,"height":200,"caption":"ELLE Belgique"},"image":{"@id":"https:\/\/www.elle.be\/fr\/#\/schema\/logo\/image\/"},"sameAs":["https:\/\/www.facebook.com\/ELLEbelgium\/","https:\/\/x.com\/ELLEBelgique","http:\/\/instagram.com\/ellebelgique\/","https:\/\/www.pinterest.com\/ellebelgique\/","https:\/\/www.youtube.com\/user\/ELLEbelgique1"]},{"@type":"Person","@id":"https:\/\/www.elle.be\/fr\/#\/schema\/person\/6bec7b95a22c85dde0b8e5c823ed7f1c","name":"Marie-No\u00eblle Vekemans","image":{"@type":"ImageObject","inLanguage":"fr-FR","@id":"https:\/\/www.elle.be\/fr\/wp-content\/uploads\/2017\/03\/elle_marie-noelle-96x96.jpg","url":"https:\/\/www.elle.be\/fr\/wp-content\/uploads\/2017\/03\/elle_marie-noelle-96x96.jpg","contentUrl":"https:\/\/www.elle.be\/fr\/wp-content\/uploads\/2017\/03\/elle_marie-noelle-96x96.jpg","caption":"Marie-No\u00eblle Vekemans"},"sameAs":["https:\/\/www.facebook.com\/vekemans.mary","http:\/\/instagram.com\/maryvekemans"],"url":"https:\/\/www.elle.be\/fr\/author\/marie-noelle"}]}},"_links":{"self":[{"href":"https:\/\/www.elle.be\/fr\/wp-json\/wp\/v2\/posts\/16492","targetHints":{"allow":["GET"]}}],"collection":[{"href":"https:\/\/www.elle.be\/fr\/wp-json\/wp\/v2\/posts"}],"about":[{"href":"https:\/\/www.elle.be\/fr\/wp-json\/wp\/v2\/types\/post"}],"author":[{"embeddable":true,"href":"https:\/\/www.elle.be\/fr\/wp-json\/wp\/v2\/users\/4"}],"replies":[{"embeddable":true,"href":"https:\/\/www.elle.be\/fr\/wp-json\/wp\/v2\/comments?post=16492"}],"version-history":[{"count":2,"href":"https:\/\/www.elle.be\/fr\/wp-json\/wp\/v2\/posts\/16492\/revisions"}],"predecessor-version":[{"id":312602,"href":"https:\/\/www.elle.be\/fr\/wp-json\/wp\/v2\/posts\/16492\/revisions\/312602"}],"wp:featuredmedia":[{"embeddable":true,"href":"https:\/\/www.elle.be\/fr\/wp-json\/wp\/v2\/media\/16493"}],"wp:attachment":[{"href":"https:\/\/www.elle.be\/fr\/wp-json\/wp\/v2\/media?parent=16492"}],"wp:term":[{"taxonomy":"category","embeddable":true,"href":"https:\/\/www.elle.be\/fr\/wp-json\/wp\/v2\/categories?post=16492"},{"taxonomy":"post_tag","embeddable":true,"href":"https:\/\/www.elle.be\/fr\/wp-json\/wp\/v2\/tags?post=16492"}],"curies":[{"name":"wp","href":"https:\/\/api.w.org\/{rel}","templated":true}]}}