{"id":160262,"date":"2017-03-06T15:13:27","date_gmt":"2017-03-06T14:13:27","guid":{"rendered":"http:\/\/www.elle.be\/fr\/?p=160262"},"modified":"2019-08-21T16:22:46","modified_gmt":"2019-08-21T14:22:46","slug":"on-etre-feministe-poser-topless","status":"publish","type":"post","link":"https:\/\/www.elle.be\/fr\/160262-on-etre-feministe-poser-topless.html","title":{"rendered":"Peut-on \u00eatre f\u00e9ministe et poser topless?"},"content":{"rendered":"","protected":false},"excerpt":{"rendered":"C&#8217;est le d\u00e9bat qui agite les r\u00e9seaux sociaux en ce moment. ...","protected":false},"author":46,"featured_media":160295,"comment_status":"closed","ping_status":"closed","sticky":false,"template":"","format":"standard","meta":{"_acf_changed":false,"footnotes":""},"categories":[2202,1186],"tags":[],"class_list":["post-160262","post","type-post","status-publish","format-standard","has-post-thumbnail","hentry","category-news-actu","category-actu"],"acf":[],"image_verticale":null,"_yoast_wpseo_title":null,"_yoast_wpseo_metadesc":null,"_yoast_wpseo_focuskw_text_input":"emma watson","_yoast_wpseo_opengraph-title":null,"yoast_head":"<!-- This site is optimized with the Yoast SEO plugin v27.4 - https:\/\/yoast.com\/product\/yoast-seo-wordpress\/ -->\n<title>Peut-on \u00eatre f\u00e9ministe et poser topless? - ELLE.be<\/title>\n<meta name=\"description\" content=\"C&#039;est le d\u00e9bat qui agite les r\u00e9seaux sociaux en ce moment. En cause? Emma Watson et son d\u00e9collet\u00e9 plongeant dans les pages de Vanity Fair US. La star a\" \/>\n<meta name=\"robots\" content=\"index, follow, max-snippet:-1, max-image-preview:large, max-video-preview:-1\" \/>\n<link rel=\"canonical\" href=\"https:\/\/www.elle.be\/fr\/160262-on-etre-feministe-poser-topless.html\" \/>\n<meta property=\"og:locale\" content=\"fr_FR\" \/>\n<meta property=\"og:type\" content=\"article\" \/>\n<meta property=\"og:title\" content=\"Peut-on \u00eatre f\u00e9ministe et poser topless? - ELLE.be\" \/>\n<meta property=\"og:description\" content=\"C&#039;est le d\u00e9bat qui agite les r\u00e9seaux sociaux en ce moment. En cause? Emma Watson et son d\u00e9collet\u00e9 plongeant dans les pages de Vanity Fair US. La star a\" \/>\n<meta property=\"og:url\" content=\"https:\/\/www.elle.be\/fr\/160262-on-etre-feministe-poser-topless.html\" \/>\n<meta property=\"og:site_name\" content=\"ELLE.be\" \/>\n<meta property=\"article:publisher\" content=\"https:\/\/www.facebook.com\/ELLEbelgium\/\" \/>\n<meta property=\"article:published_time\" content=\"2017-03-06T14:13:27+00:00\" \/>\n<meta property=\"article:modified_time\" content=\"2019-08-21T14:22:46+00:00\" \/>\n<meta property=\"og:image\" content=\"https:\/\/www.elle.be\/fr\/wp-content\/uploads\/2017\/03\/emma-watson.jpg\" \/>\n\t<meta property=\"og:image:width\" content=\"670\" \/>\n\t<meta property=\"og:image:height\" content=\"351\" \/>\n\t<meta property=\"og:image:type\" content=\"image\/jpeg\" \/>\n<meta name=\"author\" content=\"Laurence Donis\" \/>\n<meta name=\"twitter:card\" content=\"summary_large_image\" \/>\n<meta name=\"twitter:creator\" content=\"@DonisLaurence\" \/>\n<meta name=\"twitter:site\" content=\"@ELLEBelgique\" \/>\n<meta name=\"twitter:label1\" content=\"\u00c9crit par\" \/>\n\t<meta name=\"twitter:data1\" content=\"Laurence Donis\" \/>\n\t<meta name=\"twitter:label2\" content=\"Dur\u00e9e de lecture estim\u00e9e\" \/>\n\t<meta name=\"twitter:data2\" content=\"3 minutes\" \/>\n<script type=\"application\/ld+json\" class=\"yoast-schema-graph\">{\"@context\":\"https:\\\/\\\/schema.org\",\"@graph\":[{\"@type\":\"NewsArticle\",\"@id\":\"https:\\\/\\\/www.elle.be\\\/fr\\\/160262-on-etre-feministe-poser-topless.html#article\",\"isPartOf\":{\"@id\":\"https:\\\/\\\/www.elle.be\\\/fr\\\/160262-on-etre-feministe-poser-topless.html\"},\"author\":{\"name\":\"Laurence Donis\",\"@id\":\"https:\\\/\\\/www.elle.be\\\/fr\\\/#\\\/schema\\\/person\\\/517177ad0a70e8c475948fa3169deacd\"},\"headline\":\"Peut-on \u00eatre f\u00e9ministe et poser topless?\",\"datePublished\":\"2017-03-06T14:13:27+00:00\",\"dateModified\":\"2019-08-21T14:22:46+00:00\",\"mainEntityOfPage\":{\"@id\":\"https:\\\/\\\/www.elle.be\\\/fr\\\/160262-on-etre-feministe-poser-topless.html\"},\"wordCount\":682,\"publisher\":{\"@id\":\"https:\\\/\\\/www.elle.be\\\/fr\\\/#organization\"},\"image\":{\"@id\":\"https:\\\/\\\/www.elle.be\\\/fr\\\/160262-on-etre-feministe-poser-topless.html#primaryimage\"},\"thumbnailUrl\":\"https:\\\/\\\/www.elle.be\\\/fr\\\/wp-content\\\/uploads\\\/2017\\\/03\\\/emma-watson.jpg\",\"articleSection\":[\"News Actu\",\"Actu\"],\"inLanguage\":\"fr-FR\"},{\"@type\":\"WebPage\",\"@id\":\"https:\\\/\\\/www.elle.be\\\/fr\\\/160262-on-etre-feministe-poser-topless.html\",\"url\":\"https:\\\/\\\/www.elle.be\\\/fr\\\/160262-on-etre-feministe-poser-topless.html\",\"name\":\"Peut-on \u00eatre f\u00e9ministe et poser topless? - ELLE.be\",\"isPartOf\":{\"@id\":\"https:\\\/\\\/www.elle.be\\\/fr\\\/#website\"},\"primaryImageOfPage\":{\"@id\":\"https:\\\/\\\/www.elle.be\\\/fr\\\/160262-on-etre-feministe-poser-topless.html#primaryimage\"},\"image\":{\"@id\":\"https:\\\/\\\/www.elle.be\\\/fr\\\/160262-on-etre-feministe-poser-topless.html#primaryimage\"},\"thumbnailUrl\":\"https:\\\/\\\/www.elle.be\\\/fr\\\/wp-content\\\/uploads\\\/2017\\\/03\\\/emma-watson.jpg\",\"datePublished\":\"2017-03-06T14:13:27+00:00\",\"dateModified\":\"2019-08-21T14:22:46+00:00\",\"description\":\"C'est le d\u00e9bat qui agite les r\u00e9seaux sociaux en ce moment. En cause? Emma Watson et son d\u00e9collet\u00e9 plongeant dans les pages de Vanity Fair US. La star a\",\"breadcrumb\":{\"@id\":\"https:\\\/\\\/www.elle.be\\\/fr\\\/160262-on-etre-feministe-poser-topless.html#breadcrumb\"},\"inLanguage\":\"fr-FR\",\"potentialAction\":[{\"@type\":\"ReadAction\",\"target\":[\"https:\\\/\\\/www.elle.be\\\/fr\\\/160262-on-etre-feministe-poser-topless.html\"]}]},{\"@type\":\"ImageObject\",\"inLanguage\":\"fr-FR\",\"@id\":\"https:\\\/\\\/www.elle.be\\\/fr\\\/160262-on-etre-feministe-poser-topless.html#primaryimage\",\"url\":\"https:\\\/\\\/www.elle.be\\\/fr\\\/wp-content\\\/uploads\\\/2017\\\/03\\\/emma-watson.jpg\",\"contentUrl\":\"https:\\\/\\\/www.elle.be\\\/fr\\\/wp-content\\\/uploads\\\/2017\\\/03\\\/emma-watson.jpg\",\"width\":670,\"height\":351},{\"@type\":\"BreadcrumbList\",\"@id\":\"https:\\\/\\\/www.elle.be\\\/fr\\\/160262-on-etre-feministe-poser-topless.html#breadcrumb\",\"itemListElement\":[{\"@type\":\"ListItem\",\"position\":1,\"name\":\"FR\",\"item\":\"https:\\\/\\\/www.elle.be\\\/fr\"},{\"@type\":\"ListItem\",\"position\":2,\"name\":\"Actu\",\"item\":\"https:\\\/\\\/www.elle.be\\\/fr\\\/actu\"},{\"@type\":\"ListItem\",\"position\":3,\"name\":\"Peut-on \u00eatre f\u00e9ministe et poser topless?\"}]},{\"@type\":\"WebSite\",\"@id\":\"https:\\\/\\\/www.elle.be\\\/fr\\\/#website\",\"url\":\"https:\\\/\\\/www.elle.be\\\/fr\\\/\",\"name\":\"ELLE.be\",\"description\":\"Toutes les infos mode, beaut\u00e9 et lifestyle les plus pointues ainsi qu&#039;un contenu 100% belge d\u00e9clin\u00e9 \u00e0 360\u00b0sur le site ELLE.be, nos r\u00e9seaux sociaux et notre cha\u00eene Youtube.\",\"publisher\":{\"@id\":\"https:\\\/\\\/www.elle.be\\\/fr\\\/#organization\"},\"potentialAction\":[{\"@type\":\"SearchAction\",\"target\":{\"@type\":\"EntryPoint\",\"urlTemplate\":\"https:\\\/\\\/www.elle.be\\\/fr\\\/?s={search_term_string}\"},\"query-input\":{\"@type\":\"PropertyValueSpecification\",\"valueRequired\":true,\"valueName\":\"search_term_string\"}}],\"inLanguage\":\"fr-FR\"},{\"@type\":\"Organization\",\"@id\":\"https:\\\/\\\/www.elle.be\\\/fr\\\/#organization\",\"name\":\"ELLE Belgique\",\"url\":\"https:\\\/\\\/www.elle.be\\\/fr\\\/\",\"logo\":{\"@type\":\"ImageObject\",\"inLanguage\":\"fr-FR\",\"@id\":\"https:\\\/\\\/www.elle.be\\\/fr\\\/#\\\/schema\\\/logo\\\/image\\\/\",\"url\":\"https:\\\/\\\/www.elle.be\\\/fr\\\/wp-content\\\/uploads\\\/2017\\\/03\\\/elle-icon-200px.jpeg\",\"contentUrl\":\"https:\\\/\\\/www.elle.be\\\/fr\\\/wp-content\\\/uploads\\\/2017\\\/03\\\/elle-icon-200px.jpeg\",\"width\":200,\"height\":200,\"caption\":\"ELLE Belgique\"},\"image\":{\"@id\":\"https:\\\/\\\/www.elle.be\\\/fr\\\/#\\\/schema\\\/logo\\\/image\\\/\"},\"sameAs\":[\"https:\\\/\\\/www.facebook.com\\\/ELLEbelgium\\\/\",\"https:\\\/\\\/x.com\\\/ELLEBelgique\",\"http:\\\/\\\/instagram.com\\\/ellebelgique\\\/\",\"https:\\\/\\\/www.pinterest.com\\\/ellebelgique\\\/\",\"https:\\\/\\\/www.youtube.com\\\/user\\\/ELLEbelgique1\"]},{\"@type\":\"Person\",\"@id\":\"https:\\\/\\\/www.elle.be\\\/fr\\\/#\\\/schema\\\/person\\\/517177ad0a70e8c475948fa3169deacd\",\"name\":\"Laurence Donis\",\"image\":{\"@type\":\"ImageObject\",\"inLanguage\":\"fr-FR\",\"@id\":\"https:\\\/\\\/www.elle.be\\\/fr\\\/wp-content\\\/uploads\\\/2017\\\/03\\\/moii-96x96.jpg\",\"url\":\"https:\\\/\\\/www.elle.be\\\/fr\\\/wp-content\\\/uploads\\\/2017\\\/03\\\/moii-96x96.jpg\",\"contentUrl\":\"https:\\\/\\\/www.elle.be\\\/fr\\\/wp-content\\\/uploads\\\/2017\\\/03\\\/moii-96x96.jpg\",\"caption\":\"Laurence Donis\"},\"description\":\"Convaincue que le f\u00e9minisme n'est pas un gros mot (ou un combat d\u00e9pass\u00e9) mais que l'on peut aussi en parler d'une mani\u00e8re moderne, fun et d\u00e9cal\u00e9e. Gourmande inv\u00e9t\u00e9r\u00e9e, elle reste aussi \u00e0 l'aff\u00fbt des bons plans food toute l'ann\u00e9e.\",\"sameAs\":[\"https:\\\/\\\/www.instagram.com\\\/laurence.donis\\\/\",\"https:\\\/\\\/x.com\\\/DonisLaurence\"],\"url\":\"https:\\\/\\\/www.elle.be\\\/fr\\\/author\\\/laurenced\"}]}<\/script>\n<!-- \/ Yoast SEO plugin. -->","yoast_head_json":{"title":"Peut-on \u00eatre f\u00e9ministe et poser topless? - ELLE.be","description":"C'est le d\u00e9bat qui agite les r\u00e9seaux sociaux en ce moment. En cause? Emma Watson et son d\u00e9collet\u00e9 plongeant dans les pages de Vanity Fair US. La star a","robots":{"index":"index","follow":"follow","max-snippet":"max-snippet:-1","max-image-preview":"max-image-preview:large","max-video-preview":"max-video-preview:-1"},"canonical":"https:\/\/www.elle.be\/fr\/160262-on-etre-feministe-poser-topless.html","og_locale":"fr_FR","og_type":"article","og_title":"Peut-on \u00eatre f\u00e9ministe et poser topless? - ELLE.be","og_description":"C'est le d\u00e9bat qui agite les r\u00e9seaux sociaux en ce moment. En cause? Emma Watson et son d\u00e9collet\u00e9 plongeant dans les pages de Vanity Fair US. La star a","og_url":"https:\/\/www.elle.be\/fr\/160262-on-etre-feministe-poser-topless.html","og_site_name":"ELLE.be","article_publisher":"https:\/\/www.facebook.com\/ELLEbelgium\/","article_published_time":"2017-03-06T14:13:27+00:00","article_modified_time":"2019-08-21T14:22:46+00:00","og_image":[{"width":670,"height":351,"url":"https:\/\/www.elle.be\/fr\/wp-content\/uploads\/2017\/03\/emma-watson.jpg","type":"image\/jpeg"}],"author":"Laurence Donis","twitter_card":"summary_large_image","twitter_creator":"@DonisLaurence","twitter_site":"@ELLEBelgique","twitter_misc":{"\u00c9crit par":"Laurence Donis","Dur\u00e9e de lecture estim\u00e9e":"3 minutes"},"schema":{"@context":"https:\/\/schema.org","@graph":[{"@type":"NewsArticle","@id":"https:\/\/www.elle.be\/fr\/160262-on-etre-feministe-poser-topless.html#article","isPartOf":{"@id":"https:\/\/www.elle.be\/fr\/160262-on-etre-feministe-poser-topless.html"},"author":{"name":"Laurence Donis","@id":"https:\/\/www.elle.be\/fr\/#\/schema\/person\/517177ad0a70e8c475948fa3169deacd"},"headline":"Peut-on \u00eatre f\u00e9ministe et poser topless?","datePublished":"2017-03-06T14:13:27+00:00","dateModified":"2019-08-21T14:22:46+00:00","mainEntityOfPage":{"@id":"https:\/\/www.elle.be\/fr\/160262-on-etre-feministe-poser-topless.html"},"wordCount":682,"publisher":{"@id":"https:\/\/www.elle.be\/fr\/#organization"},"image":{"@id":"https:\/\/www.elle.be\/fr\/160262-on-etre-feministe-poser-topless.html#primaryimage"},"thumbnailUrl":"https:\/\/www.elle.be\/fr\/wp-content\/uploads\/2017\/03\/emma-watson.jpg","articleSection":["News Actu","Actu"],"inLanguage":"fr-FR"},{"@type":"WebPage","@id":"https:\/\/www.elle.be\/fr\/160262-on-etre-feministe-poser-topless.html","url":"https:\/\/www.elle.be\/fr\/160262-on-etre-feministe-poser-topless.html","name":"Peut-on \u00eatre f\u00e9ministe et poser topless? - ELLE.be","isPartOf":{"@id":"https:\/\/www.elle.be\/fr\/#website"},"primaryImageOfPage":{"@id":"https:\/\/www.elle.be\/fr\/160262-on-etre-feministe-poser-topless.html#primaryimage"},"image":{"@id":"https:\/\/www.elle.be\/fr\/160262-on-etre-feministe-poser-topless.html#primaryimage"},"thumbnailUrl":"https:\/\/www.elle.be\/fr\/wp-content\/uploads\/2017\/03\/emma-watson.jpg","datePublished":"2017-03-06T14:13:27+00:00","dateModified":"2019-08-21T14:22:46+00:00","description":"C'est le d\u00e9bat qui agite les r\u00e9seaux sociaux en ce moment. En cause? Emma Watson et son d\u00e9collet\u00e9 plongeant dans les pages de Vanity Fair US. La star a","breadcrumb":{"@id":"https:\/\/www.elle.be\/fr\/160262-on-etre-feministe-poser-topless.html#breadcrumb"},"inLanguage":"fr-FR","potentialAction":[{"@type":"ReadAction","target":["https:\/\/www.elle.be\/fr\/160262-on-etre-feministe-poser-topless.html"]}]},{"@type":"ImageObject","inLanguage":"fr-FR","@id":"https:\/\/www.elle.be\/fr\/160262-on-etre-feministe-poser-topless.html#primaryimage","url":"https:\/\/www.elle.be\/fr\/wp-content\/uploads\/2017\/03\/emma-watson.jpg","contentUrl":"https:\/\/www.elle.be\/fr\/wp-content\/uploads\/2017\/03\/emma-watson.jpg","width":670,"height":351},{"@type":"BreadcrumbList","@id":"https:\/\/www.elle.be\/fr\/160262-on-etre-feministe-poser-topless.html#breadcrumb","itemListElement":[{"@type":"ListItem","position":1,"name":"FR","item":"https:\/\/www.elle.be\/fr"},{"@type":"ListItem","position":2,"name":"Actu","item":"https:\/\/www.elle.be\/fr\/actu"},{"@type":"ListItem","position":3,"name":"Peut-on \u00eatre f\u00e9ministe et poser topless?"}]},{"@type":"WebSite","@id":"https:\/\/www.elle.be\/fr\/#website","url":"https:\/\/www.elle.be\/fr\/","name":"ELLE.be","description":"Toutes les infos mode, beaut\u00e9 et lifestyle les plus pointues ainsi qu&#039;un contenu 100% belge d\u00e9clin\u00e9 \u00e0 360\u00b0sur le site ELLE.be, nos r\u00e9seaux sociaux et notre cha\u00eene Youtube.","publisher":{"@id":"https:\/\/www.elle.be\/fr\/#organization"},"potentialAction":[{"@type":"SearchAction","target":{"@type":"EntryPoint","urlTemplate":"https:\/\/www.elle.be\/fr\/?s={search_term_string}"},"query-input":{"@type":"PropertyValueSpecification","valueRequired":true,"valueName":"search_term_string"}}],"inLanguage":"fr-FR"},{"@type":"Organization","@id":"https:\/\/www.elle.be\/fr\/#organization","name":"ELLE Belgique","url":"https:\/\/www.elle.be\/fr\/","logo":{"@type":"ImageObject","inLanguage":"fr-FR","@id":"https:\/\/www.elle.be\/fr\/#\/schema\/logo\/image\/","url":"https:\/\/www.elle.be\/fr\/wp-content\/uploads\/2017\/03\/elle-icon-200px.jpeg","contentUrl":"https:\/\/www.elle.be\/fr\/wp-content\/uploads\/2017\/03\/elle-icon-200px.jpeg","width":200,"height":200,"caption":"ELLE Belgique"},"image":{"@id":"https:\/\/www.elle.be\/fr\/#\/schema\/logo\/image\/"},"sameAs":["https:\/\/www.facebook.com\/ELLEbelgium\/","https:\/\/x.com\/ELLEBelgique","http:\/\/instagram.com\/ellebelgique\/","https:\/\/www.pinterest.com\/ellebelgique\/","https:\/\/www.youtube.com\/user\/ELLEbelgique1"]},{"@type":"Person","@id":"https:\/\/www.elle.be\/fr\/#\/schema\/person\/517177ad0a70e8c475948fa3169deacd","name":"Laurence Donis","image":{"@type":"ImageObject","inLanguage":"fr-FR","@id":"https:\/\/www.elle.be\/fr\/wp-content\/uploads\/2017\/03\/moii-96x96.jpg","url":"https:\/\/www.elle.be\/fr\/wp-content\/uploads\/2017\/03\/moii-96x96.jpg","contentUrl":"https:\/\/www.elle.be\/fr\/wp-content\/uploads\/2017\/03\/moii-96x96.jpg","caption":"Laurence Donis"},"description":"Convaincue que le f\u00e9minisme n'est pas un gros mot (ou un combat d\u00e9pass\u00e9) mais que l'on peut aussi en parler d'une mani\u00e8re moderne, fun et d\u00e9cal\u00e9e. Gourmande inv\u00e9t\u00e9r\u00e9e, elle reste aussi \u00e0 l'aff\u00fbt des bons plans food toute l'ann\u00e9e.","sameAs":["https:\/\/www.instagram.com\/laurence.donis\/","https:\/\/x.com\/DonisLaurence"],"url":"https:\/\/www.elle.be\/fr\/author\/laurenced"}]}},"_links":{"self":[{"href":"https:\/\/www.elle.be\/fr\/wp-json\/wp\/v2\/posts\/160262","targetHints":{"allow":["GET"]}}],"collection":[{"href":"https:\/\/www.elle.be\/fr\/wp-json\/wp\/v2\/posts"}],"about":[{"href":"https:\/\/www.elle.be\/fr\/wp-json\/wp\/v2\/types\/post"}],"author":[{"embeddable":true,"href":"https:\/\/www.elle.be\/fr\/wp-json\/wp\/v2\/users\/46"}],"replies":[{"embeddable":true,"href":"https:\/\/www.elle.be\/fr\/wp-json\/wp\/v2\/comments?post=160262"}],"version-history":[{"count":12,"href":"https:\/\/www.elle.be\/fr\/wp-json\/wp\/v2\/posts\/160262\/revisions"}],"predecessor-version":[{"id":274327,"href":"https:\/\/www.elle.be\/fr\/wp-json\/wp\/v2\/posts\/160262\/revisions\/274327"}],"wp:featuredmedia":[{"embeddable":true,"href":"https:\/\/www.elle.be\/fr\/wp-json\/wp\/v2\/media\/160295"}],"wp:attachment":[{"href":"https:\/\/www.elle.be\/fr\/wp-json\/wp\/v2\/media?parent=160262"}],"wp:term":[{"taxonomy":"category","embeddable":true,"href":"https:\/\/www.elle.be\/fr\/wp-json\/wp\/v2\/categories?post=160262"},{"taxonomy":"post_tag","embeddable":true,"href":"https:\/\/www.elle.be\/fr\/wp-json\/wp\/v2\/tags?post=160262"}],"curies":[{"name":"wp","href":"https:\/\/api.w.org\/{rel}","templated":true}]}}