{"id":155566,"date":"2017-02-22T11:18:07","date_gmt":"2017-02-22T10:18:07","guid":{"rendered":"http:\/\/www.elle.be\/fr\/?p=155566"},"modified":"2021-02-23T18:04:43","modified_gmt":"2021-02-23T17:04:43","slug":"courchevel-nos-adresses-sejour-exceptionnel","status":"publish","type":"post","link":"https:\/\/www.elle.be\/fr\/155566-courchevel-nos-adresses-sejour-exceptionnel.html","title":{"rendered":"Courchevel: nos adresses pour un s\u00e9jour exceptionnel"},"content":{"rendered":"","protected":false},"excerpt":{"rendered":"O\u00f9 dormir comme un b\u00e9b\u00e9, manger une cr\u00eape pour se r\u00e9chauffer et danser jusqu&#8217;\u00e0 en avoir mal aux pieds? D\u00e9couvrez les bons plans de la r\u00e9dac!\nLes vacances de Carnaval approchent et vous partez skier \u00e0 Courchevel? Petite chanceuse.","protected":false},"author":46,"featured_media":159572,"comment_status":"closed","ping_status":"closed","sticky":false,"template":"","format":"standard","meta":{"_acf_changed":false,"footnotes":""},"categories":[3269,3361,1150],"tags":[1176],"class_list":["post-155566","post","type-post","status-publish","format-standard","has-post-thumbnail","hentry","category-elle-decoration","category-hotels","category-adresses","tag-hotel"],"acf":[],"image_verticale":"","_yoast_wpseo_title":null,"_yoast_wpseo_metadesc":null,"_yoast_wpseo_focuskw_text_input":"Courchevel","_yoast_wpseo_opengraph-title":null,"yoast_head":"<!-- This site is optimized with the Yoast SEO plugin v27.4 - https:\/\/yoast.com\/product\/yoast-seo-wordpress\/ -->\n<title>Courchevel: nos adresses pour un s\u00e9jour exceptionnel - ELLE.be<\/title>\n<meta name=\"description\" content=\"O\u00f9 dormir comme un b\u00e9b\u00e9, manger une cr\u00eape pour se r\u00e9chauffer et danser jusqu&#039;\u00e0 en avoir mal aux pieds? D\u00e9couvrez les bons plans de la r\u00e9dac! Les vacances\" \/>\n<meta name=\"robots\" content=\"index, follow, max-snippet:-1, max-image-preview:large, max-video-preview:-1\" \/>\n<link rel=\"canonical\" href=\"https:\/\/www.elle.be\/fr\/155566-courchevel-nos-adresses-sejour-exceptionnel.html\" \/>\n<link rel=\"next\" href=\"https:\/\/www.elle.be\/fr\/155566-courchevel-nos-adresses-sejour-exceptionnel.html\/2\" \/>\n<meta property=\"og:locale\" content=\"fr_FR\" \/>\n<meta property=\"og:type\" content=\"article\" \/>\n<meta property=\"og:title\" content=\"Courchevel: nos adresses pour un s\u00e9jour exceptionnel - ELLE.be\" \/>\n<meta property=\"og:description\" content=\"O\u00f9 dormir comme un b\u00e9b\u00e9, manger une cr\u00eape pour se r\u00e9chauffer et danser jusqu&#039;\u00e0 en avoir mal aux pieds? D\u00e9couvrez les bons plans de la r\u00e9dac! Les vacances\" \/>\n<meta property=\"og:url\" content=\"https:\/\/www.elle.be\/fr\/155566-courchevel-nos-adresses-sejour-exceptionnel.html\" \/>\n<meta property=\"og:site_name\" content=\"ELLE.be\" \/>\n<meta property=\"article:publisher\" content=\"https:\/\/www.facebook.com\/ELLEbelgium\/\" \/>\n<meta property=\"article:published_time\" content=\"2017-02-22T10:18:07+00:00\" \/>\n<meta property=\"article:modified_time\" content=\"2021-02-23T17:04:43+00:00\" \/>\n<meta property=\"og:image\" content=\"https:\/\/www.elle.be\/fr\/wp-content\/uploads\/2017\/02\/courchevel2-1.jpg\" \/>\n\t<meta property=\"og:image:width\" content=\"670\" \/>\n\t<meta property=\"og:image:height\" content=\"351\" \/>\n\t<meta property=\"og:image:type\" content=\"image\/jpeg\" \/>\n<meta name=\"author\" content=\"Laurence Donis\" \/>\n<meta name=\"twitter:card\" content=\"summary_large_image\" \/>\n<meta name=\"twitter:creator\" content=\"@DonisLaurence\" \/>\n<meta name=\"twitter:site\" content=\"@ELLEBelgique\" \/>\n<meta name=\"twitter:label1\" content=\"\u00c9crit par\" \/>\n\t<meta name=\"twitter:data1\" content=\"Laurence Donis\" \/>\n\t<meta name=\"twitter:label2\" content=\"Dur\u00e9e de lecture estim\u00e9e\" \/>\n\t<meta name=\"twitter:data2\" content=\"5 minutes\" \/>\n<script type=\"application\/ld+json\" class=\"yoast-schema-graph\">{\"@context\":\"https:\\\/\\\/schema.org\",\"@graph\":[{\"@type\":\"NewsArticle\",\"@id\":\"https:\\\/\\\/www.elle.be\\\/fr\\\/155566-courchevel-nos-adresses-sejour-exceptionnel.html#article\",\"isPartOf\":{\"@id\":\"https:\\\/\\\/www.elle.be\\\/fr\\\/155566-courchevel-nos-adresses-sejour-exceptionnel.html\"},\"author\":{\"name\":\"Laurence Donis\",\"@id\":\"https:\\\/\\\/www.elle.be\\\/fr\\\/#\\\/schema\\\/person\\\/517177ad0a70e8c475948fa3169deacd\"},\"headline\":\"Courchevel: nos adresses pour un s\u00e9jour exceptionnel\",\"datePublished\":\"2017-02-22T10:18:07+00:00\",\"dateModified\":\"2021-02-23T17:04:43+00:00\",\"mainEntityOfPage\":{\"@id\":\"https:\\\/\\\/www.elle.be\\\/fr\\\/155566-courchevel-nos-adresses-sejour-exceptionnel.html\"},\"wordCount\":924,\"publisher\":{\"@id\":\"https:\\\/\\\/www.elle.be\\\/fr\\\/#organization\"},\"image\":{\"@id\":\"https:\\\/\\\/www.elle.be\\\/fr\\\/155566-courchevel-nos-adresses-sejour-exceptionnel.html#primaryimage\"},\"thumbnailUrl\":\"https:\\\/\\\/www.elle.be\\\/fr\\\/wp-content\\\/uploads\\\/2017\\\/02\\\/courchevel2-1.jpg\",\"keywords\":[\"Hotel\"],\"articleSection\":[\"ELLE d\u00e9coration\",\"H\u00f4tels\",\"Adresses\"],\"inLanguage\":\"fr-FR\"},{\"@type\":\"WebPage\",\"@id\":\"https:\\\/\\\/www.elle.be\\\/fr\\\/155566-courchevel-nos-adresses-sejour-exceptionnel.html\",\"url\":\"https:\\\/\\\/www.elle.be\\\/fr\\\/155566-courchevel-nos-adresses-sejour-exceptionnel.html\",\"name\":\"Courchevel: nos adresses pour un s\u00e9jour exceptionnel - ELLE.be\",\"isPartOf\":{\"@id\":\"https:\\\/\\\/www.elle.be\\\/fr\\\/#website\"},\"primaryImageOfPage\":{\"@id\":\"https:\\\/\\\/www.elle.be\\\/fr\\\/155566-courchevel-nos-adresses-sejour-exceptionnel.html#primaryimage\"},\"image\":{\"@id\":\"https:\\\/\\\/www.elle.be\\\/fr\\\/155566-courchevel-nos-adresses-sejour-exceptionnel.html#primaryimage\"},\"thumbnailUrl\":\"https:\\\/\\\/www.elle.be\\\/fr\\\/wp-content\\\/uploads\\\/2017\\\/02\\\/courchevel2-1.jpg\",\"datePublished\":\"2017-02-22T10:18:07+00:00\",\"dateModified\":\"2021-02-23T17:04:43+00:00\",\"description\":\"O\u00f9 dormir comme un b\u00e9b\u00e9, manger une cr\u00eape pour se r\u00e9chauffer et danser jusqu'\u00e0 en avoir mal aux pieds? D\u00e9couvrez les bons plans de la r\u00e9dac! Les vacances\",\"breadcrumb\":{\"@id\":\"https:\\\/\\\/www.elle.be\\\/fr\\\/155566-courchevel-nos-adresses-sejour-exceptionnel.html#breadcrumb\"},\"inLanguage\":\"fr-FR\",\"potentialAction\":[{\"@type\":\"ReadAction\",\"target\":[\"https:\\\/\\\/www.elle.be\\\/fr\\\/155566-courchevel-nos-adresses-sejour-exceptionnel.html\"]}]},{\"@type\":\"ImageObject\",\"inLanguage\":\"fr-FR\",\"@id\":\"https:\\\/\\\/www.elle.be\\\/fr\\\/155566-courchevel-nos-adresses-sejour-exceptionnel.html#primaryimage\",\"url\":\"https:\\\/\\\/www.elle.be\\\/fr\\\/wp-content\\\/uploads\\\/2017\\\/02\\\/courchevel2-1.jpg\",\"contentUrl\":\"https:\\\/\\\/www.elle.be\\\/fr\\\/wp-content\\\/uploads\\\/2017\\\/02\\\/courchevel2-1.jpg\",\"width\":670,\"height\":351},{\"@type\":\"BreadcrumbList\",\"@id\":\"https:\\\/\\\/www.elle.be\\\/fr\\\/155566-courchevel-nos-adresses-sejour-exceptionnel.html#breadcrumb\",\"itemListElement\":[{\"@type\":\"ListItem\",\"position\":1,\"name\":\"FR\",\"item\":\"https:\\\/\\\/www.elle.be\\\/fr\"},{\"@type\":\"ListItem\",\"position\":2,\"name\":\"Adresses\"}]},{\"@type\":\"WebSite\",\"@id\":\"https:\\\/\\\/www.elle.be\\\/fr\\\/#website\",\"url\":\"https:\\\/\\\/www.elle.be\\\/fr\\\/\",\"name\":\"ELLE.be\",\"description\":\"Toutes les infos mode, beaut\u00e9 et lifestyle les plus pointues ainsi qu&#039;un contenu 100% belge d\u00e9clin\u00e9 \u00e0 360\u00b0sur le site ELLE.be, nos r\u00e9seaux sociaux et notre cha\u00eene Youtube.\",\"publisher\":{\"@id\":\"https:\\\/\\\/www.elle.be\\\/fr\\\/#organization\"},\"potentialAction\":[{\"@type\":\"SearchAction\",\"target\":{\"@type\":\"EntryPoint\",\"urlTemplate\":\"https:\\\/\\\/www.elle.be\\\/fr\\\/?s={search_term_string}\"},\"query-input\":{\"@type\":\"PropertyValueSpecification\",\"valueRequired\":true,\"valueName\":\"search_term_string\"}}],\"inLanguage\":\"fr-FR\"},{\"@type\":\"Organization\",\"@id\":\"https:\\\/\\\/www.elle.be\\\/fr\\\/#organization\",\"name\":\"ELLE Belgique\",\"url\":\"https:\\\/\\\/www.elle.be\\\/fr\\\/\",\"logo\":{\"@type\":\"ImageObject\",\"inLanguage\":\"fr-FR\",\"@id\":\"https:\\\/\\\/www.elle.be\\\/fr\\\/#\\\/schema\\\/logo\\\/image\\\/\",\"url\":\"https:\\\/\\\/www.elle.be\\\/fr\\\/wp-content\\\/uploads\\\/2017\\\/03\\\/elle-icon-200px.jpeg\",\"contentUrl\":\"https:\\\/\\\/www.elle.be\\\/fr\\\/wp-content\\\/uploads\\\/2017\\\/03\\\/elle-icon-200px.jpeg\",\"width\":200,\"height\":200,\"caption\":\"ELLE Belgique\"},\"image\":{\"@id\":\"https:\\\/\\\/www.elle.be\\\/fr\\\/#\\\/schema\\\/logo\\\/image\\\/\"},\"sameAs\":[\"https:\\\/\\\/www.facebook.com\\\/ELLEbelgium\\\/\",\"https:\\\/\\\/x.com\\\/ELLEBelgique\",\"http:\\\/\\\/instagram.com\\\/ellebelgique\\\/\",\"https:\\\/\\\/www.pinterest.com\\\/ellebelgique\\\/\",\"https:\\\/\\\/www.youtube.com\\\/user\\\/ELLEbelgique1\"]},{\"@type\":\"Person\",\"@id\":\"https:\\\/\\\/www.elle.be\\\/fr\\\/#\\\/schema\\\/person\\\/517177ad0a70e8c475948fa3169deacd\",\"name\":\"Laurence Donis\",\"image\":{\"@type\":\"ImageObject\",\"inLanguage\":\"fr-FR\",\"@id\":\"https:\\\/\\\/www.elle.be\\\/fr\\\/wp-content\\\/uploads\\\/2017\\\/03\\\/moii-96x96.jpg\",\"url\":\"https:\\\/\\\/www.elle.be\\\/fr\\\/wp-content\\\/uploads\\\/2017\\\/03\\\/moii-96x96.jpg\",\"contentUrl\":\"https:\\\/\\\/www.elle.be\\\/fr\\\/wp-content\\\/uploads\\\/2017\\\/03\\\/moii-96x96.jpg\",\"caption\":\"Laurence Donis\"},\"description\":\"Convaincue que le f\u00e9minisme n'est pas un gros mot (ou un combat d\u00e9pass\u00e9) mais que l'on peut aussi en parler d'une mani\u00e8re moderne, fun et d\u00e9cal\u00e9e. Gourmande inv\u00e9t\u00e9r\u00e9e, elle reste aussi \u00e0 l'aff\u00fbt des bons plans food toute l'ann\u00e9e.\",\"sameAs\":[\"https:\\\/\\\/www.instagram.com\\\/laurence.donis\\\/\",\"https:\\\/\\\/x.com\\\/DonisLaurence\"],\"url\":\"https:\\\/\\\/www.elle.be\\\/fr\\\/author\\\/laurenced\"}]}<\/script>\n<!-- \/ Yoast SEO plugin. -->","yoast_head_json":{"title":"Courchevel: nos adresses pour un s\u00e9jour exceptionnel - ELLE.be","description":"O\u00f9 dormir comme un b\u00e9b\u00e9, manger une cr\u00eape pour se r\u00e9chauffer et danser jusqu'\u00e0 en avoir mal aux pieds? D\u00e9couvrez les bons plans de la r\u00e9dac! Les vacances","robots":{"index":"index","follow":"follow","max-snippet":"max-snippet:-1","max-image-preview":"max-image-preview:large","max-video-preview":"max-video-preview:-1"},"canonical":"https:\/\/www.elle.be\/fr\/155566-courchevel-nos-adresses-sejour-exceptionnel.html","next":"https:\/\/www.elle.be\/fr\/155566-courchevel-nos-adresses-sejour-exceptionnel.html\/2","og_locale":"fr_FR","og_type":"article","og_title":"Courchevel: nos adresses pour un s\u00e9jour exceptionnel - ELLE.be","og_description":"O\u00f9 dormir comme un b\u00e9b\u00e9, manger une cr\u00eape pour se r\u00e9chauffer et danser jusqu'\u00e0 en avoir mal aux pieds? D\u00e9couvrez les bons plans de la r\u00e9dac! Les vacances","og_url":"https:\/\/www.elle.be\/fr\/155566-courchevel-nos-adresses-sejour-exceptionnel.html","og_site_name":"ELLE.be","article_publisher":"https:\/\/www.facebook.com\/ELLEbelgium\/","article_published_time":"2017-02-22T10:18:07+00:00","article_modified_time":"2021-02-23T17:04:43+00:00","og_image":[{"width":670,"height":351,"url":"https:\/\/www.elle.be\/fr\/wp-content\/uploads\/2017\/02\/courchevel2-1.jpg","type":"image\/jpeg"}],"author":"Laurence Donis","twitter_card":"summary_large_image","twitter_creator":"@DonisLaurence","twitter_site":"@ELLEBelgique","twitter_misc":{"\u00c9crit par":"Laurence Donis","Dur\u00e9e de lecture estim\u00e9e":"5 minutes"},"schema":{"@context":"https:\/\/schema.org","@graph":[{"@type":"NewsArticle","@id":"https:\/\/www.elle.be\/fr\/155566-courchevel-nos-adresses-sejour-exceptionnel.html#article","isPartOf":{"@id":"https:\/\/www.elle.be\/fr\/155566-courchevel-nos-adresses-sejour-exceptionnel.html"},"author":{"name":"Laurence Donis","@id":"https:\/\/www.elle.be\/fr\/#\/schema\/person\/517177ad0a70e8c475948fa3169deacd"},"headline":"Courchevel: nos adresses pour un s\u00e9jour exceptionnel","datePublished":"2017-02-22T10:18:07+00:00","dateModified":"2021-02-23T17:04:43+00:00","mainEntityOfPage":{"@id":"https:\/\/www.elle.be\/fr\/155566-courchevel-nos-adresses-sejour-exceptionnel.html"},"wordCount":924,"publisher":{"@id":"https:\/\/www.elle.be\/fr\/#organization"},"image":{"@id":"https:\/\/www.elle.be\/fr\/155566-courchevel-nos-adresses-sejour-exceptionnel.html#primaryimage"},"thumbnailUrl":"https:\/\/www.elle.be\/fr\/wp-content\/uploads\/2017\/02\/courchevel2-1.jpg","keywords":["Hotel"],"articleSection":["ELLE d\u00e9coration","H\u00f4tels","Adresses"],"inLanguage":"fr-FR"},{"@type":"WebPage","@id":"https:\/\/www.elle.be\/fr\/155566-courchevel-nos-adresses-sejour-exceptionnel.html","url":"https:\/\/www.elle.be\/fr\/155566-courchevel-nos-adresses-sejour-exceptionnel.html","name":"Courchevel: nos adresses pour un s\u00e9jour exceptionnel - ELLE.be","isPartOf":{"@id":"https:\/\/www.elle.be\/fr\/#website"},"primaryImageOfPage":{"@id":"https:\/\/www.elle.be\/fr\/155566-courchevel-nos-adresses-sejour-exceptionnel.html#primaryimage"},"image":{"@id":"https:\/\/www.elle.be\/fr\/155566-courchevel-nos-adresses-sejour-exceptionnel.html#primaryimage"},"thumbnailUrl":"https:\/\/www.elle.be\/fr\/wp-content\/uploads\/2017\/02\/courchevel2-1.jpg","datePublished":"2017-02-22T10:18:07+00:00","dateModified":"2021-02-23T17:04:43+00:00","description":"O\u00f9 dormir comme un b\u00e9b\u00e9, manger une cr\u00eape pour se r\u00e9chauffer et danser jusqu'\u00e0 en avoir mal aux pieds? D\u00e9couvrez les bons plans de la r\u00e9dac! Les vacances","breadcrumb":{"@id":"https:\/\/www.elle.be\/fr\/155566-courchevel-nos-adresses-sejour-exceptionnel.html#breadcrumb"},"inLanguage":"fr-FR","potentialAction":[{"@type":"ReadAction","target":["https:\/\/www.elle.be\/fr\/155566-courchevel-nos-adresses-sejour-exceptionnel.html"]}]},{"@type":"ImageObject","inLanguage":"fr-FR","@id":"https:\/\/www.elle.be\/fr\/155566-courchevel-nos-adresses-sejour-exceptionnel.html#primaryimage","url":"https:\/\/www.elle.be\/fr\/wp-content\/uploads\/2017\/02\/courchevel2-1.jpg","contentUrl":"https:\/\/www.elle.be\/fr\/wp-content\/uploads\/2017\/02\/courchevel2-1.jpg","width":670,"height":351},{"@type":"BreadcrumbList","@id":"https:\/\/www.elle.be\/fr\/155566-courchevel-nos-adresses-sejour-exceptionnel.html#breadcrumb","itemListElement":[{"@type":"ListItem","position":1,"name":"FR","item":"https:\/\/www.elle.be\/fr"},{"@type":"ListItem","position":2,"name":"Adresses"}]},{"@type":"WebSite","@id":"https:\/\/www.elle.be\/fr\/#website","url":"https:\/\/www.elle.be\/fr\/","name":"ELLE.be","description":"Toutes les infos mode, beaut\u00e9 et lifestyle les plus pointues ainsi qu&#039;un contenu 100% belge d\u00e9clin\u00e9 \u00e0 360\u00b0sur le site ELLE.be, nos r\u00e9seaux sociaux et notre cha\u00eene Youtube.","publisher":{"@id":"https:\/\/www.elle.be\/fr\/#organization"},"potentialAction":[{"@type":"SearchAction","target":{"@type":"EntryPoint","urlTemplate":"https:\/\/www.elle.be\/fr\/?s={search_term_string}"},"query-input":{"@type":"PropertyValueSpecification","valueRequired":true,"valueName":"search_term_string"}}],"inLanguage":"fr-FR"},{"@type":"Organization","@id":"https:\/\/www.elle.be\/fr\/#organization","name":"ELLE Belgique","url":"https:\/\/www.elle.be\/fr\/","logo":{"@type":"ImageObject","inLanguage":"fr-FR","@id":"https:\/\/www.elle.be\/fr\/#\/schema\/logo\/image\/","url":"https:\/\/www.elle.be\/fr\/wp-content\/uploads\/2017\/03\/elle-icon-200px.jpeg","contentUrl":"https:\/\/www.elle.be\/fr\/wp-content\/uploads\/2017\/03\/elle-icon-200px.jpeg","width":200,"height":200,"caption":"ELLE Belgique"},"image":{"@id":"https:\/\/www.elle.be\/fr\/#\/schema\/logo\/image\/"},"sameAs":["https:\/\/www.facebook.com\/ELLEbelgium\/","https:\/\/x.com\/ELLEBelgique","http:\/\/instagram.com\/ellebelgique\/","https:\/\/www.pinterest.com\/ellebelgique\/","https:\/\/www.youtube.com\/user\/ELLEbelgique1"]},{"@type":"Person","@id":"https:\/\/www.elle.be\/fr\/#\/schema\/person\/517177ad0a70e8c475948fa3169deacd","name":"Laurence Donis","image":{"@type":"ImageObject","inLanguage":"fr-FR","@id":"https:\/\/www.elle.be\/fr\/wp-content\/uploads\/2017\/03\/moii-96x96.jpg","url":"https:\/\/www.elle.be\/fr\/wp-content\/uploads\/2017\/03\/moii-96x96.jpg","contentUrl":"https:\/\/www.elle.be\/fr\/wp-content\/uploads\/2017\/03\/moii-96x96.jpg","caption":"Laurence Donis"},"description":"Convaincue que le f\u00e9minisme n'est pas un gros mot (ou un combat d\u00e9pass\u00e9) mais que l'on peut aussi en parler d'une mani\u00e8re moderne, fun et d\u00e9cal\u00e9e. Gourmande inv\u00e9t\u00e9r\u00e9e, elle reste aussi \u00e0 l'aff\u00fbt des bons plans food toute l'ann\u00e9e.","sameAs":["https:\/\/www.instagram.com\/laurence.donis\/","https:\/\/x.com\/DonisLaurence"],"url":"https:\/\/www.elle.be\/fr\/author\/laurenced"}]}},"_links":{"self":[{"href":"https:\/\/www.elle.be\/fr\/wp-json\/wp\/v2\/posts\/155566","targetHints":{"allow":["GET"]}}],"collection":[{"href":"https:\/\/www.elle.be\/fr\/wp-json\/wp\/v2\/posts"}],"about":[{"href":"https:\/\/www.elle.be\/fr\/wp-json\/wp\/v2\/types\/post"}],"author":[{"embeddable":true,"href":"https:\/\/www.elle.be\/fr\/wp-json\/wp\/v2\/users\/46"}],"replies":[{"embeddable":true,"href":"https:\/\/www.elle.be\/fr\/wp-json\/wp\/v2\/comments?post=155566"}],"version-history":[{"count":23,"href":"https:\/\/www.elle.be\/fr\/wp-json\/wp\/v2\/posts\/155566\/revisions"}],"predecessor-version":[{"id":324526,"href":"https:\/\/www.elle.be\/fr\/wp-json\/wp\/v2\/posts\/155566\/revisions\/324526"}],"wp:featuredmedia":[{"embeddable":true,"href":"https:\/\/www.elle.be\/fr\/wp-json\/wp\/v2\/media\/159572"}],"wp:attachment":[{"href":"https:\/\/www.elle.be\/fr\/wp-json\/wp\/v2\/media?parent=155566"}],"wp:term":[{"taxonomy":"category","embeddable":true,"href":"https:\/\/www.elle.be\/fr\/wp-json\/wp\/v2\/categories?post=155566"},{"taxonomy":"post_tag","embeddable":true,"href":"https:\/\/www.elle.be\/fr\/wp-json\/wp\/v2\/tags?post=155566"}],"curies":[{"name":"wp","href":"https:\/\/api.w.org\/{rel}","templated":true}]}}