{"id":152500,"date":"2016-12-19T15:47:53","date_gmt":"2016-12-19T14:47:53","guid":{"rendered":"http:\/\/www.elle.be\/fr\/?p=152500"},"modified":"2018-02-21T15:40:09","modified_gmt":"2018-02-21T14:40:09","slug":"shopping-valise-parfaite-etre-canon-ski","status":"publish","type":"post","link":"https:\/\/www.elle.be\/fr\/152500-shopping-valise-parfaite-etre-canon-ski.html","title":{"rendered":"Shopping: la valise parfaite pour \u00eatre canon au ski"},"content":{"rendered":"","protected":false},"excerpt":{"rendered":"Que porter sur et en dehors des pistes, comment se maquiller, comment survivre au froid, quels produits glisser dans les poches de sa combi ?\nLa ELLE Team vous livre toutes ses astuces\u00a0pour \u00eatre la plus belle\u00a0lors de vos vacances au ski.","protected":false},"author":37,"featured_media":152530,"comment_status":"closed","ping_status":"closed","sticky":false,"template":"","format":"standard","meta":{"_acf_changed":false,"footnotes":""},"categories":[5,2040],"tags":[865],"class_list":["post-152500","post","type-post","status-publish","format-standard","has-post-thumbnail","hentry","category-mode","category-shopping","tag-elle-snow-club"],"acf":[],"image_verticale":"","_yoast_wpseo_title":null,"_yoast_wpseo_metadesc":null,"_yoast_wpseo_focuskw_text_input":"shopping ski","_yoast_wpseo_opengraph-title":null,"yoast_head":"<!-- This site is optimized with the Yoast SEO plugin v27.4 - https:\/\/yoast.com\/product\/yoast-seo-wordpress\/ -->\n<title>Shopping: la valise parfaite pour \u00eatre canon au ski - ELLE.be<\/title>\n<meta name=\"description\" content=\"Que porter sur et en dehors des pistes, comment se maquiller, comment survivre au froid, quels produits glisser dans les poches de sa combi ? La ELLE Team\" \/>\n<meta name=\"robots\" content=\"index, follow, max-snippet:-1, max-image-preview:large, max-video-preview:-1\" \/>\n<link rel=\"canonical\" href=\"https:\/\/www.elle.be\/fr\/152500-shopping-valise-parfaite-etre-canon-ski.html\" \/>\n<link rel=\"next\" href=\"https:\/\/www.elle.be\/fr\/152500-shopping-valise-parfaite-etre-canon-ski.html\/2\" \/>\n<meta property=\"og:locale\" content=\"fr_FR\" \/>\n<meta property=\"og:type\" content=\"article\" \/>\n<meta property=\"og:title\" content=\"Shopping: la valise parfaite pour \u00eatre canon au ski - ELLE.be\" \/>\n<meta property=\"og:description\" content=\"Que porter sur et en dehors des pistes, comment se maquiller, comment survivre au froid, quels produits glisser dans les poches de sa combi ? La ELLE Team\" \/>\n<meta property=\"og:url\" content=\"https:\/\/www.elle.be\/fr\/152500-shopping-valise-parfaite-etre-canon-ski.html\" \/>\n<meta property=\"og:site_name\" content=\"ELLE.be\" \/>\n<meta property=\"article:publisher\" content=\"https:\/\/www.facebook.com\/ELLEbelgium\/\" \/>\n<meta property=\"article:published_time\" content=\"2016-12-19T14:47:53+00:00\" \/>\n<meta property=\"article:modified_time\" content=\"2018-02-21T14:40:09+00:00\" \/>\n<meta property=\"og:image\" content=\"https:\/\/www.elle.be\/fr\/wp-content\/uploads\/2016\/12\/valiseski.jpg\" \/>\n\t<meta property=\"og:image:width\" content=\"1200\" \/>\n\t<meta property=\"og:image:height\" content=\"628\" \/>\n\t<meta property=\"og:image:type\" content=\"image\/jpeg\" \/>\n<meta name=\"author\" content=\"ELLE Snow Club\" \/>\n<meta name=\"twitter:card\" content=\"summary_large_image\" \/>\n<meta name=\"twitter:creator\" content=\"@ELLEBelgique\" \/>\n<meta name=\"twitter:site\" content=\"@ELLEBelgique\" \/>\n<meta name=\"twitter:label1\" content=\"\u00c9crit par\" \/>\n\t<meta name=\"twitter:data1\" content=\"ELLE Snow Club\" \/>\n\t<meta name=\"twitter:label2\" content=\"Dur\u00e9e de lecture estim\u00e9e\" \/>\n\t<meta name=\"twitter:data2\" content=\"3 minutes\" \/>\n<script type=\"application\/ld+json\" class=\"yoast-schema-graph\">{\"@context\":\"https:\\\/\\\/schema.org\",\"@graph\":[{\"@type\":\"NewsArticle\",\"@id\":\"https:\\\/\\\/www.elle.be\\\/fr\\\/152500-shopping-valise-parfaite-etre-canon-ski.html#article\",\"isPartOf\":{\"@id\":\"https:\\\/\\\/www.elle.be\\\/fr\\\/152500-shopping-valise-parfaite-etre-canon-ski.html\"},\"author\":{\"name\":\"ELLE Snow Club\",\"@id\":\"https:\\\/\\\/www.elle.be\\\/fr\\\/#\\\/schema\\\/person\\\/518b4c9d3f4d8ac433ffa3cabf802c9b\"},\"headline\":\"Shopping: la valise parfaite pour \u00eatre canon au ski\",\"datePublished\":\"2016-12-19T14:47:53+00:00\",\"dateModified\":\"2018-02-21T14:40:09+00:00\",\"mainEntityOfPage\":{\"@id\":\"https:\\\/\\\/www.elle.be\\\/fr\\\/152500-shopping-valise-parfaite-etre-canon-ski.html\"},\"wordCount\":574,\"publisher\":{\"@id\":\"https:\\\/\\\/www.elle.be\\\/fr\\\/#organization\"},\"image\":{\"@id\":\"https:\\\/\\\/www.elle.be\\\/fr\\\/152500-shopping-valise-parfaite-etre-canon-ski.html#primaryimage\"},\"thumbnailUrl\":\"https:\\\/\\\/www.elle.be\\\/fr\\\/wp-content\\\/uploads\\\/2016\\\/12\\\/valiseski.jpg\",\"keywords\":[\"elle snow club\"],\"articleSection\":[\"Mode\",\"Shopping\"],\"inLanguage\":\"fr-FR\"},{\"@type\":\"WebPage\",\"@id\":\"https:\\\/\\\/www.elle.be\\\/fr\\\/152500-shopping-valise-parfaite-etre-canon-ski.html\",\"url\":\"https:\\\/\\\/www.elle.be\\\/fr\\\/152500-shopping-valise-parfaite-etre-canon-ski.html\",\"name\":\"Shopping: la valise parfaite pour \u00eatre canon au ski - ELLE.be\",\"isPartOf\":{\"@id\":\"https:\\\/\\\/www.elle.be\\\/fr\\\/#website\"},\"primaryImageOfPage\":{\"@id\":\"https:\\\/\\\/www.elle.be\\\/fr\\\/152500-shopping-valise-parfaite-etre-canon-ski.html#primaryimage\"},\"image\":{\"@id\":\"https:\\\/\\\/www.elle.be\\\/fr\\\/152500-shopping-valise-parfaite-etre-canon-ski.html#primaryimage\"},\"thumbnailUrl\":\"https:\\\/\\\/www.elle.be\\\/fr\\\/wp-content\\\/uploads\\\/2016\\\/12\\\/valiseski.jpg\",\"datePublished\":\"2016-12-19T14:47:53+00:00\",\"dateModified\":\"2018-02-21T14:40:09+00:00\",\"description\":\"Que porter sur et en dehors des pistes, comment se maquiller, comment survivre au froid, quels produits glisser dans les poches de sa combi ? La ELLE Team\",\"breadcrumb\":{\"@id\":\"https:\\\/\\\/www.elle.be\\\/fr\\\/152500-shopping-valise-parfaite-etre-canon-ski.html#breadcrumb\"},\"inLanguage\":\"fr-FR\",\"potentialAction\":[{\"@type\":\"ReadAction\",\"target\":[\"https:\\\/\\\/www.elle.be\\\/fr\\\/152500-shopping-valise-parfaite-etre-canon-ski.html\"]}]},{\"@type\":\"ImageObject\",\"inLanguage\":\"fr-FR\",\"@id\":\"https:\\\/\\\/www.elle.be\\\/fr\\\/152500-shopping-valise-parfaite-etre-canon-ski.html#primaryimage\",\"url\":\"https:\\\/\\\/www.elle.be\\\/fr\\\/wp-content\\\/uploads\\\/2016\\\/12\\\/valiseski.jpg\",\"contentUrl\":\"https:\\\/\\\/www.elle.be\\\/fr\\\/wp-content\\\/uploads\\\/2016\\\/12\\\/valiseski.jpg\",\"width\":1200,\"height\":628},{\"@type\":\"BreadcrumbList\",\"@id\":\"https:\\\/\\\/www.elle.be\\\/fr\\\/152500-shopping-valise-parfaite-etre-canon-ski.html#breadcrumb\",\"itemListElement\":[{\"@type\":\"ListItem\",\"position\":1,\"name\":\"FR\",\"item\":\"https:\\\/\\\/www.elle.be\\\/fr\"},{\"@type\":\"ListItem\",\"position\":2,\"name\":\"Mode\",\"item\":\"https:\\\/\\\/www.elle.be\\\/fr\\\/mode\"},{\"@type\":\"ListItem\",\"position\":3,\"name\":\"Shopping\"}]},{\"@type\":\"WebSite\",\"@id\":\"https:\\\/\\\/www.elle.be\\\/fr\\\/#website\",\"url\":\"https:\\\/\\\/www.elle.be\\\/fr\\\/\",\"name\":\"ELLE.be\",\"description\":\"Toutes les infos mode, beaut\u00e9 et lifestyle les plus pointues ainsi qu&#039;un contenu 100% belge d\u00e9clin\u00e9 \u00e0 360\u00b0sur le site ELLE.be, nos r\u00e9seaux sociaux et notre cha\u00eene Youtube.\",\"publisher\":{\"@id\":\"https:\\\/\\\/www.elle.be\\\/fr\\\/#organization\"},\"potentialAction\":[{\"@type\":\"SearchAction\",\"target\":{\"@type\":\"EntryPoint\",\"urlTemplate\":\"https:\\\/\\\/www.elle.be\\\/fr\\\/?s={search_term_string}\"},\"query-input\":{\"@type\":\"PropertyValueSpecification\",\"valueRequired\":true,\"valueName\":\"search_term_string\"}}],\"inLanguage\":\"fr-FR\"},{\"@type\":\"Organization\",\"@id\":\"https:\\\/\\\/www.elle.be\\\/fr\\\/#organization\",\"name\":\"ELLE Belgique\",\"url\":\"https:\\\/\\\/www.elle.be\\\/fr\\\/\",\"logo\":{\"@type\":\"ImageObject\",\"inLanguage\":\"fr-FR\",\"@id\":\"https:\\\/\\\/www.elle.be\\\/fr\\\/#\\\/schema\\\/logo\\\/image\\\/\",\"url\":\"https:\\\/\\\/www.elle.be\\\/fr\\\/wp-content\\\/uploads\\\/2017\\\/03\\\/elle-icon-200px.jpeg\",\"contentUrl\":\"https:\\\/\\\/www.elle.be\\\/fr\\\/wp-content\\\/uploads\\\/2017\\\/03\\\/elle-icon-200px.jpeg\",\"width\":200,\"height\":200,\"caption\":\"ELLE Belgique\"},\"image\":{\"@id\":\"https:\\\/\\\/www.elle.be\\\/fr\\\/#\\\/schema\\\/logo\\\/image\\\/\"},\"sameAs\":[\"https:\\\/\\\/www.facebook.com\\\/ELLEbelgium\\\/\",\"https:\\\/\\\/x.com\\\/ELLEBelgique\",\"http:\\\/\\\/instagram.com\\\/ellebelgique\\\/\",\"https:\\\/\\\/www.pinterest.com\\\/ellebelgique\\\/\",\"https:\\\/\\\/www.youtube.com\\\/user\\\/ELLEbelgique1\"]},{\"@type\":\"Person\",\"@id\":\"https:\\\/\\\/www.elle.be\\\/fr\\\/#\\\/schema\\\/person\\\/518b4c9d3f4d8ac433ffa3cabf802c9b\",\"name\":\"ELLE Snow Club\",\"image\":{\"@type\":\"ImageObject\",\"inLanguage\":\"fr-FR\",\"@id\":\"https:\\\/\\\/secure.gravatar.com\\\/avatar\\\/c36f34268edc10f173b8f25da1fac1fb28de95921a6313e97389e8e4b4a45313?s=96&r=g\",\"url\":\"https:\\\/\\\/secure.gravatar.com\\\/avatar\\\/c36f34268edc10f173b8f25da1fac1fb28de95921a6313e97389e8e4b4a45313?s=96&r=g\",\"contentUrl\":\"https:\\\/\\\/secure.gravatar.com\\\/avatar\\\/c36f34268edc10f173b8f25da1fac1fb28de95921a6313e97389e8e4b4a45313?s=96&r=g\",\"caption\":\"ELLE Snow Club\"},\"url\":\"https:\\\/\\\/www.elle.be\\\/fr\\\/author\\\/ellesnowclub\"}]}<\/script>\n<!-- \/ Yoast SEO plugin. -->","yoast_head_json":{"title":"Shopping: la valise parfaite pour \u00eatre canon au ski - ELLE.be","description":"Que porter sur et en dehors des pistes, comment se maquiller, comment survivre au froid, quels produits glisser dans les poches de sa combi ? La ELLE Team","robots":{"index":"index","follow":"follow","max-snippet":"max-snippet:-1","max-image-preview":"max-image-preview:large","max-video-preview":"max-video-preview:-1"},"canonical":"https:\/\/www.elle.be\/fr\/152500-shopping-valise-parfaite-etre-canon-ski.html","next":"https:\/\/www.elle.be\/fr\/152500-shopping-valise-parfaite-etre-canon-ski.html\/2","og_locale":"fr_FR","og_type":"article","og_title":"Shopping: la valise parfaite pour \u00eatre canon au ski - ELLE.be","og_description":"Que porter sur et en dehors des pistes, comment se maquiller, comment survivre au froid, quels produits glisser dans les poches de sa combi ? La ELLE Team","og_url":"https:\/\/www.elle.be\/fr\/152500-shopping-valise-parfaite-etre-canon-ski.html","og_site_name":"ELLE.be","article_publisher":"https:\/\/www.facebook.com\/ELLEbelgium\/","article_published_time":"2016-12-19T14:47:53+00:00","article_modified_time":"2018-02-21T14:40:09+00:00","og_image":[{"width":1200,"height":628,"url":"https:\/\/www.elle.be\/fr\/wp-content\/uploads\/2016\/12\/valiseski.jpg","type":"image\/jpeg"}],"author":"ELLE Snow Club","twitter_card":"summary_large_image","twitter_creator":"@ELLEBelgique","twitter_site":"@ELLEBelgique","twitter_misc":{"\u00c9crit par":"ELLE Snow Club","Dur\u00e9e de lecture estim\u00e9e":"3 minutes"},"schema":{"@context":"https:\/\/schema.org","@graph":[{"@type":"NewsArticle","@id":"https:\/\/www.elle.be\/fr\/152500-shopping-valise-parfaite-etre-canon-ski.html#article","isPartOf":{"@id":"https:\/\/www.elle.be\/fr\/152500-shopping-valise-parfaite-etre-canon-ski.html"},"author":{"name":"ELLE Snow Club","@id":"https:\/\/www.elle.be\/fr\/#\/schema\/person\/518b4c9d3f4d8ac433ffa3cabf802c9b"},"headline":"Shopping: la valise parfaite pour \u00eatre canon au ski","datePublished":"2016-12-19T14:47:53+00:00","dateModified":"2018-02-21T14:40:09+00:00","mainEntityOfPage":{"@id":"https:\/\/www.elle.be\/fr\/152500-shopping-valise-parfaite-etre-canon-ski.html"},"wordCount":574,"publisher":{"@id":"https:\/\/www.elle.be\/fr\/#organization"},"image":{"@id":"https:\/\/www.elle.be\/fr\/152500-shopping-valise-parfaite-etre-canon-ski.html#primaryimage"},"thumbnailUrl":"https:\/\/www.elle.be\/fr\/wp-content\/uploads\/2016\/12\/valiseski.jpg","keywords":["elle snow club"],"articleSection":["Mode","Shopping"],"inLanguage":"fr-FR"},{"@type":"WebPage","@id":"https:\/\/www.elle.be\/fr\/152500-shopping-valise-parfaite-etre-canon-ski.html","url":"https:\/\/www.elle.be\/fr\/152500-shopping-valise-parfaite-etre-canon-ski.html","name":"Shopping: la valise parfaite pour \u00eatre canon au ski - ELLE.be","isPartOf":{"@id":"https:\/\/www.elle.be\/fr\/#website"},"primaryImageOfPage":{"@id":"https:\/\/www.elle.be\/fr\/152500-shopping-valise-parfaite-etre-canon-ski.html#primaryimage"},"image":{"@id":"https:\/\/www.elle.be\/fr\/152500-shopping-valise-parfaite-etre-canon-ski.html#primaryimage"},"thumbnailUrl":"https:\/\/www.elle.be\/fr\/wp-content\/uploads\/2016\/12\/valiseski.jpg","datePublished":"2016-12-19T14:47:53+00:00","dateModified":"2018-02-21T14:40:09+00:00","description":"Que porter sur et en dehors des pistes, comment se maquiller, comment survivre au froid, quels produits glisser dans les poches de sa combi ? La ELLE Team","breadcrumb":{"@id":"https:\/\/www.elle.be\/fr\/152500-shopping-valise-parfaite-etre-canon-ski.html#breadcrumb"},"inLanguage":"fr-FR","potentialAction":[{"@type":"ReadAction","target":["https:\/\/www.elle.be\/fr\/152500-shopping-valise-parfaite-etre-canon-ski.html"]}]},{"@type":"ImageObject","inLanguage":"fr-FR","@id":"https:\/\/www.elle.be\/fr\/152500-shopping-valise-parfaite-etre-canon-ski.html#primaryimage","url":"https:\/\/www.elle.be\/fr\/wp-content\/uploads\/2016\/12\/valiseski.jpg","contentUrl":"https:\/\/www.elle.be\/fr\/wp-content\/uploads\/2016\/12\/valiseski.jpg","width":1200,"height":628},{"@type":"BreadcrumbList","@id":"https:\/\/www.elle.be\/fr\/152500-shopping-valise-parfaite-etre-canon-ski.html#breadcrumb","itemListElement":[{"@type":"ListItem","position":1,"name":"FR","item":"https:\/\/www.elle.be\/fr"},{"@type":"ListItem","position":2,"name":"Mode","item":"https:\/\/www.elle.be\/fr\/mode"},{"@type":"ListItem","position":3,"name":"Shopping"}]},{"@type":"WebSite","@id":"https:\/\/www.elle.be\/fr\/#website","url":"https:\/\/www.elle.be\/fr\/","name":"ELLE.be","description":"Toutes les infos mode, beaut\u00e9 et lifestyle les plus pointues ainsi qu&#039;un contenu 100% belge d\u00e9clin\u00e9 \u00e0 360\u00b0sur le site ELLE.be, nos r\u00e9seaux sociaux et notre cha\u00eene Youtube.","publisher":{"@id":"https:\/\/www.elle.be\/fr\/#organization"},"potentialAction":[{"@type":"SearchAction","target":{"@type":"EntryPoint","urlTemplate":"https:\/\/www.elle.be\/fr\/?s={search_term_string}"},"query-input":{"@type":"PropertyValueSpecification","valueRequired":true,"valueName":"search_term_string"}}],"inLanguage":"fr-FR"},{"@type":"Organization","@id":"https:\/\/www.elle.be\/fr\/#organization","name":"ELLE Belgique","url":"https:\/\/www.elle.be\/fr\/","logo":{"@type":"ImageObject","inLanguage":"fr-FR","@id":"https:\/\/www.elle.be\/fr\/#\/schema\/logo\/image\/","url":"https:\/\/www.elle.be\/fr\/wp-content\/uploads\/2017\/03\/elle-icon-200px.jpeg","contentUrl":"https:\/\/www.elle.be\/fr\/wp-content\/uploads\/2017\/03\/elle-icon-200px.jpeg","width":200,"height":200,"caption":"ELLE Belgique"},"image":{"@id":"https:\/\/www.elle.be\/fr\/#\/schema\/logo\/image\/"},"sameAs":["https:\/\/www.facebook.com\/ELLEbelgium\/","https:\/\/x.com\/ELLEBelgique","http:\/\/instagram.com\/ellebelgique\/","https:\/\/www.pinterest.com\/ellebelgique\/","https:\/\/www.youtube.com\/user\/ELLEbelgique1"]},{"@type":"Person","@id":"https:\/\/www.elle.be\/fr\/#\/schema\/person\/518b4c9d3f4d8ac433ffa3cabf802c9b","name":"ELLE Snow Club","image":{"@type":"ImageObject","inLanguage":"fr-FR","@id":"https:\/\/secure.gravatar.com\/avatar\/c36f34268edc10f173b8f25da1fac1fb28de95921a6313e97389e8e4b4a45313?s=96&r=g","url":"https:\/\/secure.gravatar.com\/avatar\/c36f34268edc10f173b8f25da1fac1fb28de95921a6313e97389e8e4b4a45313?s=96&r=g","contentUrl":"https:\/\/secure.gravatar.com\/avatar\/c36f34268edc10f173b8f25da1fac1fb28de95921a6313e97389e8e4b4a45313?s=96&r=g","caption":"ELLE Snow Club"},"url":"https:\/\/www.elle.be\/fr\/author\/ellesnowclub"}]}},"_links":{"self":[{"href":"https:\/\/www.elle.be\/fr\/wp-json\/wp\/v2\/posts\/152500","targetHints":{"allow":["GET"]}}],"collection":[{"href":"https:\/\/www.elle.be\/fr\/wp-json\/wp\/v2\/posts"}],"about":[{"href":"https:\/\/www.elle.be\/fr\/wp-json\/wp\/v2\/types\/post"}],"author":[{"embeddable":true,"href":"https:\/\/www.elle.be\/fr\/wp-json\/wp\/v2\/users\/37"}],"replies":[{"embeddable":true,"href":"https:\/\/www.elle.be\/fr\/wp-json\/wp\/v2\/comments?post=152500"}],"version-history":[{"count":4,"href":"https:\/\/www.elle.be\/fr\/wp-json\/wp\/v2\/posts\/152500\/revisions"}],"predecessor-version":[{"id":206793,"href":"https:\/\/www.elle.be\/fr\/wp-json\/wp\/v2\/posts\/152500\/revisions\/206793"}],"wp:featuredmedia":[{"embeddable":true,"href":"https:\/\/www.elle.be\/fr\/wp-json\/wp\/v2\/media\/152530"}],"wp:attachment":[{"href":"https:\/\/www.elle.be\/fr\/wp-json\/wp\/v2\/media?parent=152500"}],"wp:term":[{"taxonomy":"category","embeddable":true,"href":"https:\/\/www.elle.be\/fr\/wp-json\/wp\/v2\/categories?post=152500"},{"taxonomy":"post_tag","embeddable":true,"href":"https:\/\/www.elle.be\/fr\/wp-json\/wp\/v2\/tags?post=152500"}],"curies":[{"name":"wp","href":"https:\/\/api.w.org\/{rel}","templated":true}]}}