{"id":144633,"date":"2016-10-11T10:36:32","date_gmt":"2016-10-11T08:36:32","guid":{"rendered":"http:\/\/www.elle.be\/fr\/?p=144633"},"modified":"2018-02-16T10:30:00","modified_gmt":"2018-02-16T09:30:00","slug":"simpliquer-lutte-contre-cancer","status":"publish","type":"post","link":"https:\/\/www.elle.be\/fr\/144633-simpliquer-lutte-contre-cancer.html","title":{"rendered":"Un tattoo et une expo pour s&#8217;impliquer dans la lutte contre le cancer"},"content":{"rendered":"","protected":false},"excerpt":{"rendered":"C&#8217;est utile, c&#8217;est sexy. ...","protected":false},"author":13,"featured_media":144640,"comment_status":"closed","ping_status":"closed","sticky":false,"template":"","format":"standard","meta":{"_acf_changed":false,"footnotes":""},"categories":[1186,2220],"tags":[],"class_list":["post-144633","post","type-post","status-publish","format-standard","has-post-thumbnail","hentry","category-actu","category-societe"],"acf":[],"image_verticale":"","_yoast_wpseo_title":null,"_yoast_wpseo_metadesc":null,"_yoast_wpseo_focuskw_text_input":"femmes fatales","_yoast_wpseo_opengraph-title":null,"yoast_head":"<!-- This site is optimized with the Yoast SEO plugin v27.4 - https:\/\/yoast.com\/product\/yoast-seo-wordpress\/ -->\n<title>Un tattoo et une expo pour s&#039;impliquer dans la lutte contre le cancer - ELLE.be<\/title>\n<meta name=\"description\" content=\"C&#039;est utile, c&#039;est sexy. BIG Against Breast Cancer soutient &quot;Femmes Fatales&quot;, la magnifique expo de Jurgen Rogiers du 19 au 23 octobre au Square Brussels Meeting Centre, et lance des tattoos \u00e9ph\u00e9m\u00e8res \u00e0 appliquer o\u00f9 on veut, mais \u00e0 partager sur les r\u00e9seaux sociaux.\" \/>\n<meta name=\"robots\" content=\"index, follow, max-snippet:-1, max-image-preview:large, max-video-preview:-1\" \/>\n<link rel=\"canonical\" href=\"https:\/\/www.elle.be\/fr\/144633-simpliquer-lutte-contre-cancer.html\" \/>\n<link rel=\"next\" href=\"https:\/\/www.elle.be\/fr\/144633-simpliquer-lutte-contre-cancer.html\/2\" \/>\n<meta property=\"og:locale\" content=\"fr_FR\" \/>\n<meta property=\"og:type\" content=\"article\" \/>\n<meta property=\"og:title\" content=\"Un tattoo et une expo pour s&#039;impliquer dans la lutte contre le cancer - ELLE.be\" \/>\n<meta property=\"og:description\" content=\"C&#039;est utile, c&#039;est sexy. BIG Against Breast Cancer soutient &quot;Femmes Fatales&quot;, la magnifique expo de Jurgen Rogiers du 19 au 23 octobre au Square Brussels Meeting Centre, et lance des tattoos \u00e9ph\u00e9m\u00e8res \u00e0 appliquer o\u00f9 on veut, mais \u00e0 partager sur les r\u00e9seaux sociaux.\" \/>\n<meta property=\"og:url\" content=\"https:\/\/www.elle.be\/fr\/144633-simpliquer-lutte-contre-cancer.html\" \/>\n<meta property=\"og:site_name\" content=\"ELLE.be\" \/>\n<meta property=\"article:publisher\" content=\"https:\/\/www.facebook.com\/ELLEbelgium\/\" \/>\n<meta property=\"article:author\" content=\"http:\/\/www.facebook.com\/elisabethclausspage\/\" \/>\n<meta property=\"article:published_time\" content=\"2016-10-11T08:36:32+00:00\" \/>\n<meta property=\"article:modified_time\" content=\"2018-02-16T09:30:00+00:00\" \/>\n<meta property=\"og:image\" content=\"https:\/\/www.elle.be\/fr\/wp-content\/uploads\/2016\/10\/cover_cancer.jpg\" \/>\n\t<meta property=\"og:image:width\" content=\"1200\" \/>\n\t<meta property=\"og:image:height\" content=\"628\" \/>\n\t<meta property=\"og:image:type\" content=\"image\/jpeg\" \/>\n<meta name=\"author\" content=\"Elisabeth Clauss\" \/>\n<meta name=\"twitter:card\" content=\"summary_large_image\" \/>\n<meta name=\"twitter:creator\" content=\"@eliclauss\" \/>\n<meta name=\"twitter:site\" content=\"@ELLEBelgique\" \/>\n<meta name=\"twitter:label1\" content=\"\u00c9crit par\" \/>\n\t<meta name=\"twitter:data1\" content=\"Elisabeth Clauss\" \/>\n\t<meta name=\"twitter:label2\" content=\"Dur\u00e9e de lecture estim\u00e9e\" \/>\n\t<meta name=\"twitter:data2\" content=\"5 minutes\" \/>\n<script type=\"application\/ld+json\" class=\"yoast-schema-graph\">{\"@context\":\"https:\\\/\\\/schema.org\",\"@graph\":[{\"@type\":\"NewsArticle\",\"@id\":\"https:\\\/\\\/www.elle.be\\\/fr\\\/144633-simpliquer-lutte-contre-cancer.html#article\",\"isPartOf\":{\"@id\":\"https:\\\/\\\/www.elle.be\\\/fr\\\/144633-simpliquer-lutte-contre-cancer.html\"},\"author\":{\"name\":\"Elisabeth Clauss\",\"@id\":\"https:\\\/\\\/www.elle.be\\\/fr\\\/#\\\/schema\\\/person\\\/731dc88a91a1cebdbc692c487314efaf\"},\"headline\":\"Un tattoo et une expo pour s&#8217;impliquer dans la lutte contre le cancer\",\"datePublished\":\"2016-10-11T08:36:32+00:00\",\"dateModified\":\"2018-02-16T09:30:00+00:00\",\"mainEntityOfPage\":{\"@id\":\"https:\\\/\\\/www.elle.be\\\/fr\\\/144633-simpliquer-lutte-contre-cancer.html\"},\"wordCount\":1094,\"publisher\":{\"@id\":\"https:\\\/\\\/www.elle.be\\\/fr\\\/#organization\"},\"image\":{\"@id\":\"https:\\\/\\\/www.elle.be\\\/fr\\\/144633-simpliquer-lutte-contre-cancer.html#primaryimage\"},\"thumbnailUrl\":\"https:\\\/\\\/www.elle.be\\\/fr\\\/wp-content\\\/uploads\\\/2016\\\/10\\\/cover_cancer.jpg\",\"articleSection\":[\"Actu\",\"Soci\u00e9t\u00e9\"],\"inLanguage\":\"fr-FR\"},{\"@type\":\"WebPage\",\"@id\":\"https:\\\/\\\/www.elle.be\\\/fr\\\/144633-simpliquer-lutte-contre-cancer.html\",\"url\":\"https:\\\/\\\/www.elle.be\\\/fr\\\/144633-simpliquer-lutte-contre-cancer.html\",\"name\":\"Un tattoo et une expo pour s'impliquer dans la lutte contre le cancer - ELLE.be\",\"isPartOf\":{\"@id\":\"https:\\\/\\\/www.elle.be\\\/fr\\\/#website\"},\"primaryImageOfPage\":{\"@id\":\"https:\\\/\\\/www.elle.be\\\/fr\\\/144633-simpliquer-lutte-contre-cancer.html#primaryimage\"},\"image\":{\"@id\":\"https:\\\/\\\/www.elle.be\\\/fr\\\/144633-simpliquer-lutte-contre-cancer.html#primaryimage\"},\"thumbnailUrl\":\"https:\\\/\\\/www.elle.be\\\/fr\\\/wp-content\\\/uploads\\\/2016\\\/10\\\/cover_cancer.jpg\",\"datePublished\":\"2016-10-11T08:36:32+00:00\",\"dateModified\":\"2018-02-16T09:30:00+00:00\",\"description\":\"C'est utile, c'est sexy. BIG Against Breast Cancer soutient \\\"Femmes Fatales\\\", la magnifique expo de Jurgen Rogiers du 19 au 23 octobre au Square Brussels Meeting Centre, et lance des tattoos \u00e9ph\u00e9m\u00e8res \u00e0 appliquer o\u00f9 on veut, mais \u00e0 partager sur les r\u00e9seaux sociaux.\",\"breadcrumb\":{\"@id\":\"https:\\\/\\\/www.elle.be\\\/fr\\\/144633-simpliquer-lutte-contre-cancer.html#breadcrumb\"},\"inLanguage\":\"fr-FR\",\"potentialAction\":[{\"@type\":\"ReadAction\",\"target\":[\"https:\\\/\\\/www.elle.be\\\/fr\\\/144633-simpliquer-lutte-contre-cancer.html\"]}]},{\"@type\":\"ImageObject\",\"inLanguage\":\"fr-FR\",\"@id\":\"https:\\\/\\\/www.elle.be\\\/fr\\\/144633-simpliquer-lutte-contre-cancer.html#primaryimage\",\"url\":\"https:\\\/\\\/www.elle.be\\\/fr\\\/wp-content\\\/uploads\\\/2016\\\/10\\\/cover_cancer.jpg\",\"contentUrl\":\"https:\\\/\\\/www.elle.be\\\/fr\\\/wp-content\\\/uploads\\\/2016\\\/10\\\/cover_cancer.jpg\",\"width\":1200,\"height\":628},{\"@type\":\"BreadcrumbList\",\"@id\":\"https:\\\/\\\/www.elle.be\\\/fr\\\/144633-simpliquer-lutte-contre-cancer.html#breadcrumb\",\"itemListElement\":[{\"@type\":\"ListItem\",\"position\":1,\"name\":\"FR\",\"item\":\"https:\\\/\\\/www.elle.be\\\/fr\"},{\"@type\":\"ListItem\",\"position\":2,\"name\":\"Actu\",\"item\":\"https:\\\/\\\/www.elle.be\\\/fr\\\/actu\"},{\"@type\":\"ListItem\",\"position\":3,\"name\":\"Soci\u00e9t\u00e9\"}]},{\"@type\":\"WebSite\",\"@id\":\"https:\\\/\\\/www.elle.be\\\/fr\\\/#website\",\"url\":\"https:\\\/\\\/www.elle.be\\\/fr\\\/\",\"name\":\"ELLE.be\",\"description\":\"Toutes les infos mode, beaut\u00e9 et lifestyle les plus pointues ainsi qu&#039;un contenu 100% belge d\u00e9clin\u00e9 \u00e0 360\u00b0sur le site ELLE.be, nos r\u00e9seaux sociaux et notre cha\u00eene Youtube.\",\"publisher\":{\"@id\":\"https:\\\/\\\/www.elle.be\\\/fr\\\/#organization\"},\"potentialAction\":[{\"@type\":\"SearchAction\",\"target\":{\"@type\":\"EntryPoint\",\"urlTemplate\":\"https:\\\/\\\/www.elle.be\\\/fr\\\/?s={search_term_string}\"},\"query-input\":{\"@type\":\"PropertyValueSpecification\",\"valueRequired\":true,\"valueName\":\"search_term_string\"}}],\"inLanguage\":\"fr-FR\"},{\"@type\":\"Organization\",\"@id\":\"https:\\\/\\\/www.elle.be\\\/fr\\\/#organization\",\"name\":\"ELLE Belgique\",\"url\":\"https:\\\/\\\/www.elle.be\\\/fr\\\/\",\"logo\":{\"@type\":\"ImageObject\",\"inLanguage\":\"fr-FR\",\"@id\":\"https:\\\/\\\/www.elle.be\\\/fr\\\/#\\\/schema\\\/logo\\\/image\\\/\",\"url\":\"https:\\\/\\\/www.elle.be\\\/fr\\\/wp-content\\\/uploads\\\/2017\\\/03\\\/elle-icon-200px.jpeg\",\"contentUrl\":\"https:\\\/\\\/www.elle.be\\\/fr\\\/wp-content\\\/uploads\\\/2017\\\/03\\\/elle-icon-200px.jpeg\",\"width\":200,\"height\":200,\"caption\":\"ELLE Belgique\"},\"image\":{\"@id\":\"https:\\\/\\\/www.elle.be\\\/fr\\\/#\\\/schema\\\/logo\\\/image\\\/\"},\"sameAs\":[\"https:\\\/\\\/www.facebook.com\\\/ELLEbelgium\\\/\",\"https:\\\/\\\/x.com\\\/ELLEBelgique\",\"http:\\\/\\\/instagram.com\\\/ellebelgique\\\/\",\"https:\\\/\\\/www.pinterest.com\\\/ellebelgique\\\/\",\"https:\\\/\\\/www.youtube.com\\\/user\\\/ELLEbelgique1\"]},{\"@type\":\"Person\",\"@id\":\"https:\\\/\\\/www.elle.be\\\/fr\\\/#\\\/schema\\\/person\\\/731dc88a91a1cebdbc692c487314efaf\",\"name\":\"Elisabeth Clauss\",\"image\":{\"@type\":\"ImageObject\",\"inLanguage\":\"fr-FR\",\"@id\":\"https:\\\/\\\/www.elle.be\\\/fr\\\/wp-content\\\/uploads\\\/2017\\\/03\\\/v-elisabeth-clauss-credit-isabelle-mertens-23-e1738239761687-96x96.jpg\",\"url\":\"https:\\\/\\\/www.elle.be\\\/fr\\\/wp-content\\\/uploads\\\/2017\\\/03\\\/v-elisabeth-clauss-credit-isabelle-mertens-23-e1738239761687-96x96.jpg\",\"contentUrl\":\"https:\\\/\\\/www.elle.be\\\/fr\\\/wp-content\\\/uploads\\\/2017\\\/03\\\/v-elisabeth-clauss-credit-isabelle-mertens-23-e1738239761687-96x96.jpg\",\"caption\":\"Elisabeth Clauss\"},\"description\":\"Elle pense que des chaussures, c'est soit beau, soit confortable et raconte la mode, ceux qui la font, ceux qui la portent, ceux qui la supportent.\",\"sameAs\":[\"http:\\\/\\\/www.elisabethclauss.com\",\"http:\\\/\\\/www.facebook.com\\\/elisabethclausspage\\\/\",\"http:\\\/\\\/instagram.com\\\/elisabethclauss\",\"https:\\\/\\\/x.com\\\/eliclauss\"],\"url\":\"https:\\\/\\\/www.elle.be\\\/fr\\\/author\\\/elisabeth\"}]}<\/script>\n<!-- \/ Yoast SEO plugin. -->","yoast_head_json":{"title":"Un tattoo et une expo pour s'impliquer dans la lutte contre le cancer - ELLE.be","description":"C'est utile, c'est sexy. BIG Against Breast Cancer soutient \"Femmes Fatales\", la magnifique expo de Jurgen Rogiers du 19 au 23 octobre au Square Brussels Meeting Centre, et lance des tattoos \u00e9ph\u00e9m\u00e8res \u00e0 appliquer o\u00f9 on veut, mais \u00e0 partager sur les r\u00e9seaux sociaux.","robots":{"index":"index","follow":"follow","max-snippet":"max-snippet:-1","max-image-preview":"max-image-preview:large","max-video-preview":"max-video-preview:-1"},"canonical":"https:\/\/www.elle.be\/fr\/144633-simpliquer-lutte-contre-cancer.html","next":"https:\/\/www.elle.be\/fr\/144633-simpliquer-lutte-contre-cancer.html\/2","og_locale":"fr_FR","og_type":"article","og_title":"Un tattoo et une expo pour s'impliquer dans la lutte contre le cancer - ELLE.be","og_description":"C'est utile, c'est sexy. BIG Against Breast Cancer soutient \"Femmes Fatales\", la magnifique expo de Jurgen Rogiers du 19 au 23 octobre au Square Brussels Meeting Centre, et lance des tattoos \u00e9ph\u00e9m\u00e8res \u00e0 appliquer o\u00f9 on veut, mais \u00e0 partager sur les r\u00e9seaux sociaux.","og_url":"https:\/\/www.elle.be\/fr\/144633-simpliquer-lutte-contre-cancer.html","og_site_name":"ELLE.be","article_publisher":"https:\/\/www.facebook.com\/ELLEbelgium\/","article_author":"http:\/\/www.facebook.com\/elisabethclausspage\/","article_published_time":"2016-10-11T08:36:32+00:00","article_modified_time":"2018-02-16T09:30:00+00:00","og_image":[{"width":1200,"height":628,"url":"https:\/\/www.elle.be\/fr\/wp-content\/uploads\/2016\/10\/cover_cancer.jpg","type":"image\/jpeg"}],"author":"Elisabeth Clauss","twitter_card":"summary_large_image","twitter_creator":"@eliclauss","twitter_site":"@ELLEBelgique","twitter_misc":{"\u00c9crit par":"Elisabeth Clauss","Dur\u00e9e de lecture estim\u00e9e":"5 minutes"},"schema":{"@context":"https:\/\/schema.org","@graph":[{"@type":"NewsArticle","@id":"https:\/\/www.elle.be\/fr\/144633-simpliquer-lutte-contre-cancer.html#article","isPartOf":{"@id":"https:\/\/www.elle.be\/fr\/144633-simpliquer-lutte-contre-cancer.html"},"author":{"name":"Elisabeth Clauss","@id":"https:\/\/www.elle.be\/fr\/#\/schema\/person\/731dc88a91a1cebdbc692c487314efaf"},"headline":"Un tattoo et une expo pour s&#8217;impliquer dans la lutte contre le cancer","datePublished":"2016-10-11T08:36:32+00:00","dateModified":"2018-02-16T09:30:00+00:00","mainEntityOfPage":{"@id":"https:\/\/www.elle.be\/fr\/144633-simpliquer-lutte-contre-cancer.html"},"wordCount":1094,"publisher":{"@id":"https:\/\/www.elle.be\/fr\/#organization"},"image":{"@id":"https:\/\/www.elle.be\/fr\/144633-simpliquer-lutte-contre-cancer.html#primaryimage"},"thumbnailUrl":"https:\/\/www.elle.be\/fr\/wp-content\/uploads\/2016\/10\/cover_cancer.jpg","articleSection":["Actu","Soci\u00e9t\u00e9"],"inLanguage":"fr-FR"},{"@type":"WebPage","@id":"https:\/\/www.elle.be\/fr\/144633-simpliquer-lutte-contre-cancer.html","url":"https:\/\/www.elle.be\/fr\/144633-simpliquer-lutte-contre-cancer.html","name":"Un tattoo et une expo pour s'impliquer dans la lutte contre le cancer - ELLE.be","isPartOf":{"@id":"https:\/\/www.elle.be\/fr\/#website"},"primaryImageOfPage":{"@id":"https:\/\/www.elle.be\/fr\/144633-simpliquer-lutte-contre-cancer.html#primaryimage"},"image":{"@id":"https:\/\/www.elle.be\/fr\/144633-simpliquer-lutte-contre-cancer.html#primaryimage"},"thumbnailUrl":"https:\/\/www.elle.be\/fr\/wp-content\/uploads\/2016\/10\/cover_cancer.jpg","datePublished":"2016-10-11T08:36:32+00:00","dateModified":"2018-02-16T09:30:00+00:00","description":"C'est utile, c'est sexy. BIG Against Breast Cancer soutient \"Femmes Fatales\", la magnifique expo de Jurgen Rogiers du 19 au 23 octobre au Square Brussels Meeting Centre, et lance des tattoos \u00e9ph\u00e9m\u00e8res \u00e0 appliquer o\u00f9 on veut, mais \u00e0 partager sur les r\u00e9seaux sociaux.","breadcrumb":{"@id":"https:\/\/www.elle.be\/fr\/144633-simpliquer-lutte-contre-cancer.html#breadcrumb"},"inLanguage":"fr-FR","potentialAction":[{"@type":"ReadAction","target":["https:\/\/www.elle.be\/fr\/144633-simpliquer-lutte-contre-cancer.html"]}]},{"@type":"ImageObject","inLanguage":"fr-FR","@id":"https:\/\/www.elle.be\/fr\/144633-simpliquer-lutte-contre-cancer.html#primaryimage","url":"https:\/\/www.elle.be\/fr\/wp-content\/uploads\/2016\/10\/cover_cancer.jpg","contentUrl":"https:\/\/www.elle.be\/fr\/wp-content\/uploads\/2016\/10\/cover_cancer.jpg","width":1200,"height":628},{"@type":"BreadcrumbList","@id":"https:\/\/www.elle.be\/fr\/144633-simpliquer-lutte-contre-cancer.html#breadcrumb","itemListElement":[{"@type":"ListItem","position":1,"name":"FR","item":"https:\/\/www.elle.be\/fr"},{"@type":"ListItem","position":2,"name":"Actu","item":"https:\/\/www.elle.be\/fr\/actu"},{"@type":"ListItem","position":3,"name":"Soci\u00e9t\u00e9"}]},{"@type":"WebSite","@id":"https:\/\/www.elle.be\/fr\/#website","url":"https:\/\/www.elle.be\/fr\/","name":"ELLE.be","description":"Toutes les infos mode, beaut\u00e9 et lifestyle les plus pointues ainsi qu&#039;un contenu 100% belge d\u00e9clin\u00e9 \u00e0 360\u00b0sur le site ELLE.be, nos r\u00e9seaux sociaux et notre cha\u00eene Youtube.","publisher":{"@id":"https:\/\/www.elle.be\/fr\/#organization"},"potentialAction":[{"@type":"SearchAction","target":{"@type":"EntryPoint","urlTemplate":"https:\/\/www.elle.be\/fr\/?s={search_term_string}"},"query-input":{"@type":"PropertyValueSpecification","valueRequired":true,"valueName":"search_term_string"}}],"inLanguage":"fr-FR"},{"@type":"Organization","@id":"https:\/\/www.elle.be\/fr\/#organization","name":"ELLE Belgique","url":"https:\/\/www.elle.be\/fr\/","logo":{"@type":"ImageObject","inLanguage":"fr-FR","@id":"https:\/\/www.elle.be\/fr\/#\/schema\/logo\/image\/","url":"https:\/\/www.elle.be\/fr\/wp-content\/uploads\/2017\/03\/elle-icon-200px.jpeg","contentUrl":"https:\/\/www.elle.be\/fr\/wp-content\/uploads\/2017\/03\/elle-icon-200px.jpeg","width":200,"height":200,"caption":"ELLE Belgique"},"image":{"@id":"https:\/\/www.elle.be\/fr\/#\/schema\/logo\/image\/"},"sameAs":["https:\/\/www.facebook.com\/ELLEbelgium\/","https:\/\/x.com\/ELLEBelgique","http:\/\/instagram.com\/ellebelgique\/","https:\/\/www.pinterest.com\/ellebelgique\/","https:\/\/www.youtube.com\/user\/ELLEbelgique1"]},{"@type":"Person","@id":"https:\/\/www.elle.be\/fr\/#\/schema\/person\/731dc88a91a1cebdbc692c487314efaf","name":"Elisabeth Clauss","image":{"@type":"ImageObject","inLanguage":"fr-FR","@id":"https:\/\/www.elle.be\/fr\/wp-content\/uploads\/2017\/03\/v-elisabeth-clauss-credit-isabelle-mertens-23-e1738239761687-96x96.jpg","url":"https:\/\/www.elle.be\/fr\/wp-content\/uploads\/2017\/03\/v-elisabeth-clauss-credit-isabelle-mertens-23-e1738239761687-96x96.jpg","contentUrl":"https:\/\/www.elle.be\/fr\/wp-content\/uploads\/2017\/03\/v-elisabeth-clauss-credit-isabelle-mertens-23-e1738239761687-96x96.jpg","caption":"Elisabeth Clauss"},"description":"Elle pense que des chaussures, c'est soit beau, soit confortable et raconte la mode, ceux qui la font, ceux qui la portent, ceux qui la supportent.","sameAs":["http:\/\/www.elisabethclauss.com","http:\/\/www.facebook.com\/elisabethclausspage\/","http:\/\/instagram.com\/elisabethclauss","https:\/\/x.com\/eliclauss"],"url":"https:\/\/www.elle.be\/fr\/author\/elisabeth"}]}},"_links":{"self":[{"href":"https:\/\/www.elle.be\/fr\/wp-json\/wp\/v2\/posts\/144633","targetHints":{"allow":["GET"]}}],"collection":[{"href":"https:\/\/www.elle.be\/fr\/wp-json\/wp\/v2\/posts"}],"about":[{"href":"https:\/\/www.elle.be\/fr\/wp-json\/wp\/v2\/types\/post"}],"author":[{"embeddable":true,"href":"https:\/\/www.elle.be\/fr\/wp-json\/wp\/v2\/users\/13"}],"replies":[{"embeddable":true,"href":"https:\/\/www.elle.be\/fr\/wp-json\/wp\/v2\/comments?post=144633"}],"version-history":[{"count":5,"href":"https:\/\/www.elle.be\/fr\/wp-json\/wp\/v2\/posts\/144633\/revisions"}],"predecessor-version":[{"id":204230,"href":"https:\/\/www.elle.be\/fr\/wp-json\/wp\/v2\/posts\/144633\/revisions\/204230"}],"wp:featuredmedia":[{"embeddable":true,"href":"https:\/\/www.elle.be\/fr\/wp-json\/wp\/v2\/media\/144640"}],"wp:attachment":[{"href":"https:\/\/www.elle.be\/fr\/wp-json\/wp\/v2\/media?parent=144633"}],"wp:term":[{"taxonomy":"category","embeddable":true,"href":"https:\/\/www.elle.be\/fr\/wp-json\/wp\/v2\/categories?post=144633"},{"taxonomy":"post_tag","embeddable":true,"href":"https:\/\/www.elle.be\/fr\/wp-json\/wp\/v2\/tags?post=144633"}],"curies":[{"name":"wp","href":"https:\/\/api.w.org\/{rel}","templated":true}]}}