{"id":14000,"date":"2013-10-28T15:12:51","date_gmt":"2013-10-28T14:12:51","guid":{"rendered":"http:\/\/www.elle.be\/fr\/?p=14000"},"modified":"2019-06-19T10:27:41","modified_gmt":"2019-06-19T08:27:41","slug":"tles-femmes-idees","status":"publish","type":"post","link":"https:\/\/www.elle.be\/fr\/14000-tles-femmes-idees.html","title":{"rendered":"TEDxBrussels: Les femmes ont aussi des id\u00e9es."},"content":{"rendered":"","protected":false},"excerpt":{"rendered":"\u00c9clairer le pr\u00e9sent et penser l&#8217;avenir, c&#8217;est la mission que s&#8217;est fix\u00e9e TED. ...","protected":false},"author":15,"featured_media":14005,"comment_status":"closed","ping_status":"closed","sticky":false,"template":"","format":"standard","meta":{"_acf_changed":false,"footnotes":""},"categories":[3015,1186,2220],"tags":[403],"class_list":["post-14000","post","type-post","status-publish","format-standard","has-post-thumbnail","hentry","category-elle-active","category-actu","category-societe","tag-feminisme"],"acf":[],"image_verticale":"","_yoast_wpseo_title":null,"_yoast_wpseo_metadesc":"\u00c9clairer le pr\u00e9sent et penser l'avenir, c'est la mission que s'est fix\u00e9e TED. TED ? Une s\u00e9rie de conf\u00e9rences organis\u00e9es par la fondation Sapling qui donne la parole \u00e0 des acteurs de l'innovation. Formidable ! Y ont d\u00e9fil\u00e9 Steve Jobs, le patron d\u2019Apple, Sheryl Sandberg, la vice-pr\u00e9sidente de Facebook\u2026 Donn\u00e9s en public, les interventions font ensuite le tour du monde en vid\u00e9o sur Youtube.","_yoast_wpseo_focuskw_text_input":"tedxbrussels","_yoast_wpseo_opengraph-title":null,"yoast_head":"<!-- This site is optimized with the Yoast SEO plugin v27.4 - https:\/\/yoast.com\/product\/yoast-seo-wordpress\/ -->\n<title>TEDxBrussels: Les femmes ont aussi des id\u00e9es. - ELLE.be<\/title>\n<meta name=\"description\" content=\"\u00c9clairer le pr\u00e9sent et penser l&#039;avenir, c&#039;est la mission que s&#039;est fix\u00e9e TED. TED ? Une s\u00e9rie de conf\u00e9rences organis\u00e9es par la fondation Sapling qui donne la parole \u00e0 des acteurs de l&#039;innovation. Formidable ! Y ont d\u00e9fil\u00e9 Steve Jobs, le patron d\u2019Apple, Sheryl Sandberg, la vice-pr\u00e9sidente de Facebook\u2026 Donn\u00e9s en public, les interventions font ensuite le tour du monde en vid\u00e9o sur Youtube.\" \/>\n<meta name=\"robots\" content=\"index, follow, max-snippet:-1, max-image-preview:large, max-video-preview:-1\" \/>\n<link rel=\"canonical\" href=\"https:\/\/www.elle.be\/fr\/14000-tles-femmes-idees.html\" \/>\n<meta property=\"og:locale\" content=\"fr_FR\" \/>\n<meta property=\"og:type\" content=\"article\" \/>\n<meta property=\"og:title\" content=\"TEDxBrussels: Les femmes ont aussi des id\u00e9es. - ELLE.be\" \/>\n<meta property=\"og:description\" content=\"\u00c9clairer le pr\u00e9sent et penser l&#039;avenir, c&#039;est la mission que s&#039;est fix\u00e9e TED. TED ? Une s\u00e9rie de conf\u00e9rences organis\u00e9es par la fondation Sapling qui donne la parole \u00e0 des acteurs de l&#039;innovation. Formidable ! Y ont d\u00e9fil\u00e9 Steve Jobs, le patron d\u2019Apple, Sheryl Sandberg, la vice-pr\u00e9sidente de Facebook\u2026 Donn\u00e9s en public, les interventions font ensuite le tour du monde en vid\u00e9o sur Youtube.\" \/>\n<meta property=\"og:url\" content=\"https:\/\/www.elle.be\/fr\/14000-tles-femmes-idees.html\" \/>\n<meta property=\"og:site_name\" content=\"ELLE.be\" \/>\n<meta property=\"article:publisher\" content=\"https:\/\/www.facebook.com\/ELLEbelgium\/\" \/>\n<meta property=\"article:author\" content=\"https:\/\/www.facebook.com\/bea.ercolini.3\" \/>\n<meta property=\"article:published_time\" content=\"2013-10-28T14:12:51+00:00\" \/>\n<meta property=\"article:modified_time\" content=\"2019-06-19T08:27:41+00:00\" \/>\n<meta property=\"og:image\" content=\"https:\/\/www.elle.be\/fr\/wp-content\/uploads\/2013\/10\/tedxbrussels.jpg\" \/>\n\t<meta property=\"og:image:width\" content=\"600\" \/>\n\t<meta property=\"og:image:height\" content=\"520\" \/>\n\t<meta property=\"og:image:type\" content=\"image\/jpeg\" \/>\n<meta name=\"author\" content=\"B\u00e9atrice Ercolini\" \/>\n<meta name=\"twitter:card\" content=\"summary_large_image\" \/>\n<meta name=\"twitter:creator\" content=\"@Bea_Ercolini\" \/>\n<meta name=\"twitter:site\" content=\"@ELLEBelgique\" \/>\n<meta name=\"twitter:label1\" content=\"\u00c9crit par\" \/>\n\t<meta name=\"twitter:data1\" content=\"B\u00e9atrice Ercolini\" \/>\n\t<meta name=\"twitter:label2\" content=\"Dur\u00e9e de lecture estim\u00e9e\" \/>\n\t<meta name=\"twitter:data2\" content=\"2 minutes\" \/>\n<script type=\"application\/ld+json\" class=\"yoast-schema-graph\">{\"@context\":\"https:\\\/\\\/schema.org\",\"@graph\":[{\"@type\":\"NewsArticle\",\"@id\":\"https:\\\/\\\/www.elle.be\\\/fr\\\/14000-tles-femmes-idees.html#article\",\"isPartOf\":{\"@id\":\"https:\\\/\\\/www.elle.be\\\/fr\\\/14000-tles-femmes-idees.html\"},\"author\":{\"name\":\"B\u00e9atrice Ercolini\",\"@id\":\"https:\\\/\\\/www.elle.be\\\/fr\\\/#\\\/schema\\\/person\\\/c7301f3fbc3bf6611ba39e18a9177f09\"},\"headline\":\"TEDxBrussels: Les femmes ont aussi des id\u00e9es.\",\"datePublished\":\"2013-10-28T14:12:51+00:00\",\"dateModified\":\"2019-06-19T08:27:41+00:00\",\"mainEntityOfPage\":{\"@id\":\"https:\\\/\\\/www.elle.be\\\/fr\\\/14000-tles-femmes-idees.html\"},\"wordCount\":421,\"publisher\":{\"@id\":\"https:\\\/\\\/www.elle.be\\\/fr\\\/#organization\"},\"image\":{\"@id\":\"https:\\\/\\\/www.elle.be\\\/fr\\\/14000-tles-femmes-idees.html#primaryimage\"},\"thumbnailUrl\":\"https:\\\/\\\/www.elle.be\\\/fr\\\/wp-content\\\/uploads\\\/2013\\\/10\\\/tedxbrussels.jpg\",\"keywords\":[\"f\u00e9minisme\"],\"articleSection\":[\"ELLE Active\",\"Actu\",\"Soci\u00e9t\u00e9\"],\"inLanguage\":\"fr-FR\"},{\"@type\":\"WebPage\",\"@id\":\"https:\\\/\\\/www.elle.be\\\/fr\\\/14000-tles-femmes-idees.html\",\"url\":\"https:\\\/\\\/www.elle.be\\\/fr\\\/14000-tles-femmes-idees.html\",\"name\":\"TEDxBrussels: Les femmes ont aussi des id\u00e9es. - ELLE.be\",\"isPartOf\":{\"@id\":\"https:\\\/\\\/www.elle.be\\\/fr\\\/#website\"},\"primaryImageOfPage\":{\"@id\":\"https:\\\/\\\/www.elle.be\\\/fr\\\/14000-tles-femmes-idees.html#primaryimage\"},\"image\":{\"@id\":\"https:\\\/\\\/www.elle.be\\\/fr\\\/14000-tles-femmes-idees.html#primaryimage\"},\"thumbnailUrl\":\"https:\\\/\\\/www.elle.be\\\/fr\\\/wp-content\\\/uploads\\\/2013\\\/10\\\/tedxbrussels.jpg\",\"datePublished\":\"2013-10-28T14:12:51+00:00\",\"dateModified\":\"2019-06-19T08:27:41+00:00\",\"description\":\"\u00c9clairer le pr\u00e9sent et penser l'avenir, c'est la mission que s'est fix\u00e9e TED. TED ? Une s\u00e9rie de conf\u00e9rences organis\u00e9es par la fondation Sapling qui donne la parole \u00e0 des acteurs de l'innovation. Formidable ! Y ont d\u00e9fil\u00e9 Steve Jobs, le patron d\u2019Apple, Sheryl Sandberg, la vice-pr\u00e9sidente de Facebook\u2026 Donn\u00e9s en public, les interventions font ensuite le tour du monde en vid\u00e9o sur Youtube.\",\"breadcrumb\":{\"@id\":\"https:\\\/\\\/www.elle.be\\\/fr\\\/14000-tles-femmes-idees.html#breadcrumb\"},\"inLanguage\":\"fr-FR\",\"potentialAction\":[{\"@type\":\"ReadAction\",\"target\":[\"https:\\\/\\\/www.elle.be\\\/fr\\\/14000-tles-femmes-idees.html\"]}]},{\"@type\":\"ImageObject\",\"inLanguage\":\"fr-FR\",\"@id\":\"https:\\\/\\\/www.elle.be\\\/fr\\\/14000-tles-femmes-idees.html#primaryimage\",\"url\":\"https:\\\/\\\/www.elle.be\\\/fr\\\/wp-content\\\/uploads\\\/2013\\\/10\\\/tedxbrussels.jpg\",\"contentUrl\":\"https:\\\/\\\/www.elle.be\\\/fr\\\/wp-content\\\/uploads\\\/2013\\\/10\\\/tedxbrussels.jpg\",\"width\":600,\"height\":520},{\"@type\":\"BreadcrumbList\",\"@id\":\"https:\\\/\\\/www.elle.be\\\/fr\\\/14000-tles-femmes-idees.html#breadcrumb\",\"itemListElement\":[{\"@type\":\"ListItem\",\"position\":1,\"name\":\"FR\",\"item\":\"https:\\\/\\\/www.elle.be\\\/fr\"},{\"@type\":\"ListItem\",\"position\":2,\"name\":\"Actu\",\"item\":\"https:\\\/\\\/www.elle.be\\\/fr\\\/actu\"},{\"@type\":\"ListItem\",\"position\":3,\"name\":\"Soci\u00e9t\u00e9\",\"item\":\"https:\\\/\\\/www.elle.be\\\/fr\\\/actu\\\/societe\"},{\"@type\":\"ListItem\",\"position\":4,\"name\":\"TEDxBrussels: Les femmes ont aussi des id\u00e9es.\"}]},{\"@type\":\"WebSite\",\"@id\":\"https:\\\/\\\/www.elle.be\\\/fr\\\/#website\",\"url\":\"https:\\\/\\\/www.elle.be\\\/fr\\\/\",\"name\":\"ELLE.be\",\"description\":\"Toutes les infos mode, beaut\u00e9 et lifestyle les plus pointues ainsi qu&#039;un contenu 100% belge d\u00e9clin\u00e9 \u00e0 360\u00b0sur le site ELLE.be, nos r\u00e9seaux sociaux et notre cha\u00eene Youtube.\",\"publisher\":{\"@id\":\"https:\\\/\\\/www.elle.be\\\/fr\\\/#organization\"},\"potentialAction\":[{\"@type\":\"SearchAction\",\"target\":{\"@type\":\"EntryPoint\",\"urlTemplate\":\"https:\\\/\\\/www.elle.be\\\/fr\\\/?s={search_term_string}\"},\"query-input\":{\"@type\":\"PropertyValueSpecification\",\"valueRequired\":true,\"valueName\":\"search_term_string\"}}],\"inLanguage\":\"fr-FR\"},{\"@type\":\"Organization\",\"@id\":\"https:\\\/\\\/www.elle.be\\\/fr\\\/#organization\",\"name\":\"ELLE Belgique\",\"url\":\"https:\\\/\\\/www.elle.be\\\/fr\\\/\",\"logo\":{\"@type\":\"ImageObject\",\"inLanguage\":\"fr-FR\",\"@id\":\"https:\\\/\\\/www.elle.be\\\/fr\\\/#\\\/schema\\\/logo\\\/image\\\/\",\"url\":\"https:\\\/\\\/www.elle.be\\\/fr\\\/wp-content\\\/uploads\\\/2017\\\/03\\\/elle-icon-200px.jpeg\",\"contentUrl\":\"https:\\\/\\\/www.elle.be\\\/fr\\\/wp-content\\\/uploads\\\/2017\\\/03\\\/elle-icon-200px.jpeg\",\"width\":200,\"height\":200,\"caption\":\"ELLE Belgique\"},\"image\":{\"@id\":\"https:\\\/\\\/www.elle.be\\\/fr\\\/#\\\/schema\\\/logo\\\/image\\\/\"},\"sameAs\":[\"https:\\\/\\\/www.facebook.com\\\/ELLEbelgium\\\/\",\"https:\\\/\\\/x.com\\\/ELLEBelgique\",\"http:\\\/\\\/instagram.com\\\/ellebelgique\\\/\",\"https:\\\/\\\/www.pinterest.com\\\/ellebelgique\\\/\",\"https:\\\/\\\/www.youtube.com\\\/user\\\/ELLEbelgique1\"]},{\"@type\":\"Person\",\"@id\":\"https:\\\/\\\/www.elle.be\\\/fr\\\/#\\\/schema\\\/person\\\/c7301f3fbc3bf6611ba39e18a9177f09\",\"name\":\"B\u00e9atrice Ercolini\",\"image\":{\"@type\":\"ImageObject\",\"inLanguage\":\"fr-FR\",\"@id\":\"https:\\\/\\\/secure.gravatar.com\\\/avatar\\\/df36b7c7bf5dbad234069c451b5973d87ba8c52c8c19a7d9745d412c3512702e?s=96&r=g\",\"url\":\"https:\\\/\\\/secure.gravatar.com\\\/avatar\\\/df36b7c7bf5dbad234069c451b5973d87ba8c52c8c19a7d9745d412c3512702e?s=96&r=g\",\"contentUrl\":\"https:\\\/\\\/secure.gravatar.com\\\/avatar\\\/df36b7c7bf5dbad234069c451b5973d87ba8c52c8c19a7d9745d412c3512702e?s=96&r=g\",\"caption\":\"B\u00e9atrice Ercolini\"},\"sameAs\":[\"https:\\\/\\\/www.facebook.com\\\/bea.ercolini.3\",\"http:\\\/\\\/instagram.com\\\/beaercolini#\",\"http:\\\/\\\/www.pinterest.com\\\/beaercolini\\\/pins\\\/\",\"https:\\\/\\\/x.com\\\/Bea_Ercolini\"],\"url\":\"https:\\\/\\\/www.elle.be\\\/fr\\\/author\\\/bea\"}]}<\/script>\n<!-- \/ Yoast SEO plugin. -->","yoast_head_json":{"title":"TEDxBrussels: Les femmes ont aussi des id\u00e9es. - ELLE.be","description":"\u00c9clairer le pr\u00e9sent et penser l'avenir, c'est la mission que s'est fix\u00e9e TED. TED ? Une s\u00e9rie de conf\u00e9rences organis\u00e9es par la fondation Sapling qui donne la parole \u00e0 des acteurs de l'innovation. Formidable ! Y ont d\u00e9fil\u00e9 Steve Jobs, le patron d\u2019Apple, Sheryl Sandberg, la vice-pr\u00e9sidente de Facebook\u2026 Donn\u00e9s en public, les interventions font ensuite le tour du monde en vid\u00e9o sur Youtube.","robots":{"index":"index","follow":"follow","max-snippet":"max-snippet:-1","max-image-preview":"max-image-preview:large","max-video-preview":"max-video-preview:-1"},"canonical":"https:\/\/www.elle.be\/fr\/14000-tles-femmes-idees.html","og_locale":"fr_FR","og_type":"article","og_title":"TEDxBrussels: Les femmes ont aussi des id\u00e9es. - ELLE.be","og_description":"\u00c9clairer le pr\u00e9sent et penser l'avenir, c'est la mission que s'est fix\u00e9e TED. TED ? Une s\u00e9rie de conf\u00e9rences organis\u00e9es par la fondation Sapling qui donne la parole \u00e0 des acteurs de l'innovation. Formidable ! Y ont d\u00e9fil\u00e9 Steve Jobs, le patron d\u2019Apple, Sheryl Sandberg, la vice-pr\u00e9sidente de Facebook\u2026 Donn\u00e9s en public, les interventions font ensuite le tour du monde en vid\u00e9o sur Youtube.","og_url":"https:\/\/www.elle.be\/fr\/14000-tles-femmes-idees.html","og_site_name":"ELLE.be","article_publisher":"https:\/\/www.facebook.com\/ELLEbelgium\/","article_author":"https:\/\/www.facebook.com\/bea.ercolini.3","article_published_time":"2013-10-28T14:12:51+00:00","article_modified_time":"2019-06-19T08:27:41+00:00","og_image":[{"width":600,"height":520,"url":"https:\/\/www.elle.be\/fr\/wp-content\/uploads\/2013\/10\/tedxbrussels.jpg","type":"image\/jpeg"}],"author":"B\u00e9atrice Ercolini","twitter_card":"summary_large_image","twitter_creator":"@Bea_Ercolini","twitter_site":"@ELLEBelgique","twitter_misc":{"\u00c9crit par":"B\u00e9atrice Ercolini","Dur\u00e9e de lecture estim\u00e9e":"2 minutes"},"schema":{"@context":"https:\/\/schema.org","@graph":[{"@type":"NewsArticle","@id":"https:\/\/www.elle.be\/fr\/14000-tles-femmes-idees.html#article","isPartOf":{"@id":"https:\/\/www.elle.be\/fr\/14000-tles-femmes-idees.html"},"author":{"name":"B\u00e9atrice Ercolini","@id":"https:\/\/www.elle.be\/fr\/#\/schema\/person\/c7301f3fbc3bf6611ba39e18a9177f09"},"headline":"TEDxBrussels: Les femmes ont aussi des id\u00e9es.","datePublished":"2013-10-28T14:12:51+00:00","dateModified":"2019-06-19T08:27:41+00:00","mainEntityOfPage":{"@id":"https:\/\/www.elle.be\/fr\/14000-tles-femmes-idees.html"},"wordCount":421,"publisher":{"@id":"https:\/\/www.elle.be\/fr\/#organization"},"image":{"@id":"https:\/\/www.elle.be\/fr\/14000-tles-femmes-idees.html#primaryimage"},"thumbnailUrl":"https:\/\/www.elle.be\/fr\/wp-content\/uploads\/2013\/10\/tedxbrussels.jpg","keywords":["f\u00e9minisme"],"articleSection":["ELLE Active","Actu","Soci\u00e9t\u00e9"],"inLanguage":"fr-FR"},{"@type":"WebPage","@id":"https:\/\/www.elle.be\/fr\/14000-tles-femmes-idees.html","url":"https:\/\/www.elle.be\/fr\/14000-tles-femmes-idees.html","name":"TEDxBrussels: Les femmes ont aussi des id\u00e9es. - ELLE.be","isPartOf":{"@id":"https:\/\/www.elle.be\/fr\/#website"},"primaryImageOfPage":{"@id":"https:\/\/www.elle.be\/fr\/14000-tles-femmes-idees.html#primaryimage"},"image":{"@id":"https:\/\/www.elle.be\/fr\/14000-tles-femmes-idees.html#primaryimage"},"thumbnailUrl":"https:\/\/www.elle.be\/fr\/wp-content\/uploads\/2013\/10\/tedxbrussels.jpg","datePublished":"2013-10-28T14:12:51+00:00","dateModified":"2019-06-19T08:27:41+00:00","description":"\u00c9clairer le pr\u00e9sent et penser l'avenir, c'est la mission que s'est fix\u00e9e TED. TED ? Une s\u00e9rie de conf\u00e9rences organis\u00e9es par la fondation Sapling qui donne la parole \u00e0 des acteurs de l'innovation. Formidable ! Y ont d\u00e9fil\u00e9 Steve Jobs, le patron d\u2019Apple, Sheryl Sandberg, la vice-pr\u00e9sidente de Facebook\u2026 Donn\u00e9s en public, les interventions font ensuite le tour du monde en vid\u00e9o sur Youtube.","breadcrumb":{"@id":"https:\/\/www.elle.be\/fr\/14000-tles-femmes-idees.html#breadcrumb"},"inLanguage":"fr-FR","potentialAction":[{"@type":"ReadAction","target":["https:\/\/www.elle.be\/fr\/14000-tles-femmes-idees.html"]}]},{"@type":"ImageObject","inLanguage":"fr-FR","@id":"https:\/\/www.elle.be\/fr\/14000-tles-femmes-idees.html#primaryimage","url":"https:\/\/www.elle.be\/fr\/wp-content\/uploads\/2013\/10\/tedxbrussels.jpg","contentUrl":"https:\/\/www.elle.be\/fr\/wp-content\/uploads\/2013\/10\/tedxbrussels.jpg","width":600,"height":520},{"@type":"BreadcrumbList","@id":"https:\/\/www.elle.be\/fr\/14000-tles-femmes-idees.html#breadcrumb","itemListElement":[{"@type":"ListItem","position":1,"name":"FR","item":"https:\/\/www.elle.be\/fr"},{"@type":"ListItem","position":2,"name":"Actu","item":"https:\/\/www.elle.be\/fr\/actu"},{"@type":"ListItem","position":3,"name":"Soci\u00e9t\u00e9","item":"https:\/\/www.elle.be\/fr\/actu\/societe"},{"@type":"ListItem","position":4,"name":"TEDxBrussels: Les femmes ont aussi des id\u00e9es."}]},{"@type":"WebSite","@id":"https:\/\/www.elle.be\/fr\/#website","url":"https:\/\/www.elle.be\/fr\/","name":"ELLE.be","description":"Toutes les infos mode, beaut\u00e9 et lifestyle les plus pointues ainsi qu&#039;un contenu 100% belge d\u00e9clin\u00e9 \u00e0 360\u00b0sur le site ELLE.be, nos r\u00e9seaux sociaux et notre cha\u00eene Youtube.","publisher":{"@id":"https:\/\/www.elle.be\/fr\/#organization"},"potentialAction":[{"@type":"SearchAction","target":{"@type":"EntryPoint","urlTemplate":"https:\/\/www.elle.be\/fr\/?s={search_term_string}"},"query-input":{"@type":"PropertyValueSpecification","valueRequired":true,"valueName":"search_term_string"}}],"inLanguage":"fr-FR"},{"@type":"Organization","@id":"https:\/\/www.elle.be\/fr\/#organization","name":"ELLE Belgique","url":"https:\/\/www.elle.be\/fr\/","logo":{"@type":"ImageObject","inLanguage":"fr-FR","@id":"https:\/\/www.elle.be\/fr\/#\/schema\/logo\/image\/","url":"https:\/\/www.elle.be\/fr\/wp-content\/uploads\/2017\/03\/elle-icon-200px.jpeg","contentUrl":"https:\/\/www.elle.be\/fr\/wp-content\/uploads\/2017\/03\/elle-icon-200px.jpeg","width":200,"height":200,"caption":"ELLE Belgique"},"image":{"@id":"https:\/\/www.elle.be\/fr\/#\/schema\/logo\/image\/"},"sameAs":["https:\/\/www.facebook.com\/ELLEbelgium\/","https:\/\/x.com\/ELLEBelgique","http:\/\/instagram.com\/ellebelgique\/","https:\/\/www.pinterest.com\/ellebelgique\/","https:\/\/www.youtube.com\/user\/ELLEbelgique1"]},{"@type":"Person","@id":"https:\/\/www.elle.be\/fr\/#\/schema\/person\/c7301f3fbc3bf6611ba39e18a9177f09","name":"B\u00e9atrice Ercolini","image":{"@type":"ImageObject","inLanguage":"fr-FR","@id":"https:\/\/secure.gravatar.com\/avatar\/df36b7c7bf5dbad234069c451b5973d87ba8c52c8c19a7d9745d412c3512702e?s=96&r=g","url":"https:\/\/secure.gravatar.com\/avatar\/df36b7c7bf5dbad234069c451b5973d87ba8c52c8c19a7d9745d412c3512702e?s=96&r=g","contentUrl":"https:\/\/secure.gravatar.com\/avatar\/df36b7c7bf5dbad234069c451b5973d87ba8c52c8c19a7d9745d412c3512702e?s=96&r=g","caption":"B\u00e9atrice Ercolini"},"sameAs":["https:\/\/www.facebook.com\/bea.ercolini.3","http:\/\/instagram.com\/beaercolini#","http:\/\/www.pinterest.com\/beaercolini\/pins\/","https:\/\/x.com\/Bea_Ercolini"],"url":"https:\/\/www.elle.be\/fr\/author\/bea"}]}},"_links":{"self":[{"href":"https:\/\/www.elle.be\/fr\/wp-json\/wp\/v2\/posts\/14000","targetHints":{"allow":["GET"]}}],"collection":[{"href":"https:\/\/www.elle.be\/fr\/wp-json\/wp\/v2\/posts"}],"about":[{"href":"https:\/\/www.elle.be\/fr\/wp-json\/wp\/v2\/types\/post"}],"author":[{"embeddable":true,"href":"https:\/\/www.elle.be\/fr\/wp-json\/wp\/v2\/users\/15"}],"replies":[{"embeddable":true,"href":"https:\/\/www.elle.be\/fr\/wp-json\/wp\/v2\/comments?post=14000"}],"version-history":[{"count":1,"href":"https:\/\/www.elle.be\/fr\/wp-json\/wp\/v2\/posts\/14000\/revisions"}],"predecessor-version":[{"id":204597,"href":"https:\/\/www.elle.be\/fr\/wp-json\/wp\/v2\/posts\/14000\/revisions\/204597"}],"wp:featuredmedia":[{"embeddable":true,"href":"https:\/\/www.elle.be\/fr\/wp-json\/wp\/v2\/media\/14005"}],"wp:attachment":[{"href":"https:\/\/www.elle.be\/fr\/wp-json\/wp\/v2\/media?parent=14000"}],"wp:term":[{"taxonomy":"category","embeddable":true,"href":"https:\/\/www.elle.be\/fr\/wp-json\/wp\/v2\/categories?post=14000"},{"taxonomy":"post_tag","embeddable":true,"href":"https:\/\/www.elle.be\/fr\/wp-json\/wp\/v2\/tags?post=14000"}],"curies":[{"name":"wp","href":"https:\/\/api.w.org\/{rel}","templated":true}]}}