{"id":131669,"date":"2016-10-26T09:23:51","date_gmt":"2016-10-26T07:23:51","guid":{"rendered":"http:\/\/www.elle.be\/fr\/?p=131669"},"modified":"2019-01-07T16:03:18","modified_gmt":"2019-01-07T15:03:18","slug":"airbnb-5-logements-de-reve-en-belgique","status":"publish","type":"post","link":"https:\/\/www.elle.be\/fr\/131669-airbnb-5-logements-de-reve-en-belgique.html","title":{"rendered":"Airbnb: 5 logements de r\u00eave en Belgique"},"content":{"rendered":"","protected":false},"excerpt":{"rendered":"Un long week-end de pr\u00e9vu, c&#8217;est l&#8217;occasion d&#8217;un petit city-trip en Belgique. ...","protected":false},"author":3,"featured_media":145549,"comment_status":"closed","ping_status":"closed","sticky":false,"template":"","format":"standard","meta":{"_acf_changed":false,"footnotes":""},"categories":[2202,2191,2218,1186],"tags":[],"class_list":["post-131669","post","type-post","status-publish","format-standard","has-post-thumbnail","hentry","category-news-actu","category-lifestyle","category-voyage","category-actu"],"acf":[],"image_verticale":"","_yoast_wpseo_title":null,"_yoast_wpseo_metadesc":null,"_yoast_wpseo_focuskw_text_input":null,"_yoast_wpseo_opengraph-title":null,"yoast_head":"<!-- This site is optimized with the Yoast SEO plugin v27.4 - https:\/\/yoast.com\/product\/yoast-seo-wordpress\/ -->\n<title>Airbnb: 5 logements de r\u00eave en Belgique - ELLE.be<\/title>\n<meta name=\"description\" content=\"Un long week-end de pr\u00e9vu, c&#039;est l&#039;occasion d&#039;un petit city-trip en Belgique. Bruxelles, Gand et Bruges: d\u00e9couvrez nos coups de coeur sur Airbnb ! \u00a0\" \/>\n<meta name=\"robots\" content=\"index, follow, max-snippet:-1, max-image-preview:large, max-video-preview:-1\" \/>\n<link rel=\"canonical\" href=\"https:\/\/www.elle.be\/fr\/131669-airbnb-5-logements-de-reve-en-belgique.html\" \/>\n<link rel=\"next\" href=\"https:\/\/www.elle.be\/fr\/131669-airbnb-5-logements-de-reve-en-belgique.html\/2\" \/>\n<meta property=\"og:locale\" content=\"fr_FR\" \/>\n<meta property=\"og:type\" content=\"article\" \/>\n<meta property=\"og:title\" content=\"Airbnb: 5 logements de r\u00eave en Belgique - ELLE.be\" \/>\n<meta property=\"og:description\" content=\"Un long week-end de pr\u00e9vu, c&#039;est l&#039;occasion d&#039;un petit city-trip en Belgique. Bruxelles, Gand et Bruges: d\u00e9couvrez nos coups de coeur sur Airbnb ! \u00a0\" \/>\n<meta property=\"og:url\" content=\"https:\/\/www.elle.be\/fr\/131669-airbnb-5-logements-de-reve-en-belgique.html\" \/>\n<meta property=\"og:site_name\" content=\"ELLE.be\" \/>\n<meta property=\"article:publisher\" content=\"https:\/\/www.facebook.com\/ELLEbelgium\/\" \/>\n<meta property=\"article:author\" content=\"https:\/\/www.facebook.com\/Marie-Gurin-1721050434849149\/\" \/>\n<meta property=\"article:published_time\" content=\"2016-10-26T07:23:51+00:00\" \/>\n<meta property=\"article:modified_time\" content=\"2019-01-07T15:03:18+00:00\" \/>\n<meta property=\"og:image\" content=\"https:\/\/www.elle.be\/fr\/wp-content\/uploads\/2016\/07\/airbnb-970x508-1.jpg\" \/>\n\t<meta property=\"og:image:width\" content=\"970\" \/>\n\t<meta property=\"og:image:height\" content=\"508\" \/>\n\t<meta property=\"og:image:type\" content=\"image\/jpeg\" \/>\n<meta name=\"author\" content=\"Marie Gu\u00e9rin\" \/>\n<meta name=\"twitter:card\" content=\"summary_large_image\" \/>\n<meta name=\"twitter:creator\" content=\"@marie_elle_be\" \/>\n<meta name=\"twitter:site\" content=\"@ELLEBelgique\" \/>\n<meta name=\"twitter:label1\" content=\"\u00c9crit par\" \/>\n\t<meta name=\"twitter:data1\" content=\"Marie Gu\u00e9rin\" \/>\n\t<meta name=\"twitter:label2\" content=\"Dur\u00e9e de lecture estim\u00e9e\" \/>\n\t<meta name=\"twitter:data2\" content=\"1 minute\" \/>\n<script type=\"application\/ld+json\" class=\"yoast-schema-graph\">{\"@context\":\"https:\\\/\\\/schema.org\",\"@graph\":[{\"@type\":\"NewsArticle\",\"@id\":\"https:\\\/\\\/www.elle.be\\\/fr\\\/131669-airbnb-5-logements-de-reve-en-belgique.html#article\",\"isPartOf\":{\"@id\":\"https:\\\/\\\/www.elle.be\\\/fr\\\/131669-airbnb-5-logements-de-reve-en-belgique.html\"},\"author\":{\"name\":\"Marie Gu\u00e9rin\",\"@id\":\"https:\\\/\\\/www.elle.be\\\/fr\\\/#\\\/schema\\\/person\\\/aa4e257722b2e3dd300f8fbdb031db01\"},\"headline\":\"Airbnb: 5 logements de r\u00eave en Belgique\",\"datePublished\":\"2016-10-26T07:23:51+00:00\",\"dateModified\":\"2019-01-07T15:03:18+00:00\",\"mainEntityOfPage\":{\"@id\":\"https:\\\/\\\/www.elle.be\\\/fr\\\/131669-airbnb-5-logements-de-reve-en-belgique.html\"},\"wordCount\":306,\"publisher\":{\"@id\":\"https:\\\/\\\/www.elle.be\\\/fr\\\/#organization\"},\"image\":{\"@id\":\"https:\\\/\\\/www.elle.be\\\/fr\\\/131669-airbnb-5-logements-de-reve-en-belgique.html#primaryimage\"},\"thumbnailUrl\":\"https:\\\/\\\/www.elle.be\\\/fr\\\/wp-content\\\/uploads\\\/2016\\\/07\\\/airbnb-970x508-1.jpg\",\"articleSection\":[\"News Actu\",\"Lifestyle\",\"Voyage\",\"Actu\"],\"inLanguage\":\"fr-FR\"},{\"@type\":\"WebPage\",\"@id\":\"https:\\\/\\\/www.elle.be\\\/fr\\\/131669-airbnb-5-logements-de-reve-en-belgique.html\",\"url\":\"https:\\\/\\\/www.elle.be\\\/fr\\\/131669-airbnb-5-logements-de-reve-en-belgique.html\",\"name\":\"Airbnb: 5 logements de r\u00eave en Belgique - ELLE.be\",\"isPartOf\":{\"@id\":\"https:\\\/\\\/www.elle.be\\\/fr\\\/#website\"},\"primaryImageOfPage\":{\"@id\":\"https:\\\/\\\/www.elle.be\\\/fr\\\/131669-airbnb-5-logements-de-reve-en-belgique.html#primaryimage\"},\"image\":{\"@id\":\"https:\\\/\\\/www.elle.be\\\/fr\\\/131669-airbnb-5-logements-de-reve-en-belgique.html#primaryimage\"},\"thumbnailUrl\":\"https:\\\/\\\/www.elle.be\\\/fr\\\/wp-content\\\/uploads\\\/2016\\\/07\\\/airbnb-970x508-1.jpg\",\"datePublished\":\"2016-10-26T07:23:51+00:00\",\"dateModified\":\"2019-01-07T15:03:18+00:00\",\"description\":\"Un long week-end de pr\u00e9vu, c'est l'occasion d'un petit city-trip en Belgique. Bruxelles, Gand et Bruges: d\u00e9couvrez nos coups de coeur sur Airbnb ! \u00a0\",\"breadcrumb\":{\"@id\":\"https:\\\/\\\/www.elle.be\\\/fr\\\/131669-airbnb-5-logements-de-reve-en-belgique.html#breadcrumb\"},\"inLanguage\":\"fr-FR\",\"potentialAction\":[{\"@type\":\"ReadAction\",\"target\":[\"https:\\\/\\\/www.elle.be\\\/fr\\\/131669-airbnb-5-logements-de-reve-en-belgique.html\"]}]},{\"@type\":\"ImageObject\",\"inLanguage\":\"fr-FR\",\"@id\":\"https:\\\/\\\/www.elle.be\\\/fr\\\/131669-airbnb-5-logements-de-reve-en-belgique.html#primaryimage\",\"url\":\"https:\\\/\\\/www.elle.be\\\/fr\\\/wp-content\\\/uploads\\\/2016\\\/07\\\/airbnb-970x508-1.jpg\",\"contentUrl\":\"https:\\\/\\\/www.elle.be\\\/fr\\\/wp-content\\\/uploads\\\/2016\\\/07\\\/airbnb-970x508-1.jpg\",\"width\":970,\"height\":508},{\"@type\":\"BreadcrumbList\",\"@id\":\"https:\\\/\\\/www.elle.be\\\/fr\\\/131669-airbnb-5-logements-de-reve-en-belgique.html#breadcrumb\",\"itemListElement\":[{\"@type\":\"ListItem\",\"position\":1,\"name\":\"FR\",\"item\":\"https:\\\/\\\/www.elle.be\\\/fr\"},{\"@type\":\"ListItem\",\"position\":2,\"name\":\"Lifestyle\",\"item\":\"https:\\\/\\\/www.elle.be\\\/fr\\\/lifestyle\"},{\"@type\":\"ListItem\",\"position\":3,\"name\":\"Voyage\"}]},{\"@type\":\"WebSite\",\"@id\":\"https:\\\/\\\/www.elle.be\\\/fr\\\/#website\",\"url\":\"https:\\\/\\\/www.elle.be\\\/fr\\\/\",\"name\":\"ELLE.be\",\"description\":\"Toutes les infos mode, beaut\u00e9 et lifestyle les plus pointues ainsi qu&#039;un contenu 100% belge d\u00e9clin\u00e9 \u00e0 360\u00b0sur le site ELLE.be, nos r\u00e9seaux sociaux et notre cha\u00eene Youtube.\",\"publisher\":{\"@id\":\"https:\\\/\\\/www.elle.be\\\/fr\\\/#organization\"},\"potentialAction\":[{\"@type\":\"SearchAction\",\"target\":{\"@type\":\"EntryPoint\",\"urlTemplate\":\"https:\\\/\\\/www.elle.be\\\/fr\\\/?s={search_term_string}\"},\"query-input\":{\"@type\":\"PropertyValueSpecification\",\"valueRequired\":true,\"valueName\":\"search_term_string\"}}],\"inLanguage\":\"fr-FR\"},{\"@type\":\"Organization\",\"@id\":\"https:\\\/\\\/www.elle.be\\\/fr\\\/#organization\",\"name\":\"ELLE Belgique\",\"url\":\"https:\\\/\\\/www.elle.be\\\/fr\\\/\",\"logo\":{\"@type\":\"ImageObject\",\"inLanguage\":\"fr-FR\",\"@id\":\"https:\\\/\\\/www.elle.be\\\/fr\\\/#\\\/schema\\\/logo\\\/image\\\/\",\"url\":\"https:\\\/\\\/www.elle.be\\\/fr\\\/wp-content\\\/uploads\\\/2017\\\/03\\\/elle-icon-200px.jpeg\",\"contentUrl\":\"https:\\\/\\\/www.elle.be\\\/fr\\\/wp-content\\\/uploads\\\/2017\\\/03\\\/elle-icon-200px.jpeg\",\"width\":200,\"height\":200,\"caption\":\"ELLE Belgique\"},\"image\":{\"@id\":\"https:\\\/\\\/www.elle.be\\\/fr\\\/#\\\/schema\\\/logo\\\/image\\\/\"},\"sameAs\":[\"https:\\\/\\\/www.facebook.com\\\/ELLEbelgium\\\/\",\"https:\\\/\\\/x.com\\\/ELLEBelgique\",\"http:\\\/\\\/instagram.com\\\/ellebelgique\\\/\",\"https:\\\/\\\/www.pinterest.com\\\/ellebelgique\\\/\",\"https:\\\/\\\/www.youtube.com\\\/user\\\/ELLEbelgique1\"]},{\"@type\":\"Person\",\"@id\":\"https:\\\/\\\/www.elle.be\\\/fr\\\/#\\\/schema\\\/person\\\/aa4e257722b2e3dd300f8fbdb031db01\",\"name\":\"Marie Gu\u00e9rin\",\"image\":{\"@type\":\"ImageObject\",\"inLanguage\":\"fr-FR\",\"@id\":\"https:\\\/\\\/www.elle.be\\\/fr\\\/wp-content\\\/uploads\\\/2017\\\/03\\\/IMG_4442-96x96.jpg\",\"url\":\"https:\\\/\\\/www.elle.be\\\/fr\\\/wp-content\\\/uploads\\\/2017\\\/03\\\/IMG_4442-96x96.jpg\",\"contentUrl\":\"https:\\\/\\\/www.elle.be\\\/fr\\\/wp-content\\\/uploads\\\/2017\\\/03\\\/IMG_4442-96x96.jpg\",\"caption\":\"Marie Gu\u00e9rin\"},\"description\":\"Obs\u00e9d\u00e9e par les stilettos et tout ce qui facilite la marche \u00e0 pied, cette journaliste sportive (ou pas) sillonne pour vous le monde entier (et la Belgique le reste du temps) \u00e0 la recherche de l'actu mode, beaut\u00e9, lifestyle et de ses meilleurs bons plans.\",\"sameAs\":[\"https:\\\/\\\/www.facebook.com\\\/Marie-Gurin-1721050434849149\\\/\",\"https:\\\/\\\/www.instagram.com\\\/marie_elle_be\\\/\",\"https:\\\/\\\/x.com\\\/marie_elle_be\"],\"url\":\"https:\\\/\\\/www.elle.be\\\/fr\\\/author\\\/marie\"}]}<\/script>\n<!-- \/ Yoast SEO plugin. -->","yoast_head_json":{"title":"Airbnb: 5 logements de r\u00eave en Belgique - ELLE.be","description":"Un long week-end de pr\u00e9vu, c'est l'occasion d'un petit city-trip en Belgique. Bruxelles, Gand et Bruges: d\u00e9couvrez nos coups de coeur sur Airbnb ! \u00a0","robots":{"index":"index","follow":"follow","max-snippet":"max-snippet:-1","max-image-preview":"max-image-preview:large","max-video-preview":"max-video-preview:-1"},"canonical":"https:\/\/www.elle.be\/fr\/131669-airbnb-5-logements-de-reve-en-belgique.html","next":"https:\/\/www.elle.be\/fr\/131669-airbnb-5-logements-de-reve-en-belgique.html\/2","og_locale":"fr_FR","og_type":"article","og_title":"Airbnb: 5 logements de r\u00eave en Belgique - ELLE.be","og_description":"Un long week-end de pr\u00e9vu, c'est l'occasion d'un petit city-trip en Belgique. Bruxelles, Gand et Bruges: d\u00e9couvrez nos coups de coeur sur Airbnb ! \u00a0","og_url":"https:\/\/www.elle.be\/fr\/131669-airbnb-5-logements-de-reve-en-belgique.html","og_site_name":"ELLE.be","article_publisher":"https:\/\/www.facebook.com\/ELLEbelgium\/","article_author":"https:\/\/www.facebook.com\/Marie-Gurin-1721050434849149\/","article_published_time":"2016-10-26T07:23:51+00:00","article_modified_time":"2019-01-07T15:03:18+00:00","og_image":[{"width":970,"height":508,"url":"https:\/\/www.elle.be\/fr\/wp-content\/uploads\/2016\/07\/airbnb-970x508-1.jpg","type":"image\/jpeg"}],"author":"Marie Gu\u00e9rin","twitter_card":"summary_large_image","twitter_creator":"@marie_elle_be","twitter_site":"@ELLEBelgique","twitter_misc":{"\u00c9crit par":"Marie Gu\u00e9rin","Dur\u00e9e de lecture estim\u00e9e":"1 minute"},"schema":{"@context":"https:\/\/schema.org","@graph":[{"@type":"NewsArticle","@id":"https:\/\/www.elle.be\/fr\/131669-airbnb-5-logements-de-reve-en-belgique.html#article","isPartOf":{"@id":"https:\/\/www.elle.be\/fr\/131669-airbnb-5-logements-de-reve-en-belgique.html"},"author":{"name":"Marie Gu\u00e9rin","@id":"https:\/\/www.elle.be\/fr\/#\/schema\/person\/aa4e257722b2e3dd300f8fbdb031db01"},"headline":"Airbnb: 5 logements de r\u00eave en Belgique","datePublished":"2016-10-26T07:23:51+00:00","dateModified":"2019-01-07T15:03:18+00:00","mainEntityOfPage":{"@id":"https:\/\/www.elle.be\/fr\/131669-airbnb-5-logements-de-reve-en-belgique.html"},"wordCount":306,"publisher":{"@id":"https:\/\/www.elle.be\/fr\/#organization"},"image":{"@id":"https:\/\/www.elle.be\/fr\/131669-airbnb-5-logements-de-reve-en-belgique.html#primaryimage"},"thumbnailUrl":"https:\/\/www.elle.be\/fr\/wp-content\/uploads\/2016\/07\/airbnb-970x508-1.jpg","articleSection":["News Actu","Lifestyle","Voyage","Actu"],"inLanguage":"fr-FR"},{"@type":"WebPage","@id":"https:\/\/www.elle.be\/fr\/131669-airbnb-5-logements-de-reve-en-belgique.html","url":"https:\/\/www.elle.be\/fr\/131669-airbnb-5-logements-de-reve-en-belgique.html","name":"Airbnb: 5 logements de r\u00eave en Belgique - ELLE.be","isPartOf":{"@id":"https:\/\/www.elle.be\/fr\/#website"},"primaryImageOfPage":{"@id":"https:\/\/www.elle.be\/fr\/131669-airbnb-5-logements-de-reve-en-belgique.html#primaryimage"},"image":{"@id":"https:\/\/www.elle.be\/fr\/131669-airbnb-5-logements-de-reve-en-belgique.html#primaryimage"},"thumbnailUrl":"https:\/\/www.elle.be\/fr\/wp-content\/uploads\/2016\/07\/airbnb-970x508-1.jpg","datePublished":"2016-10-26T07:23:51+00:00","dateModified":"2019-01-07T15:03:18+00:00","description":"Un long week-end de pr\u00e9vu, c'est l'occasion d'un petit city-trip en Belgique. Bruxelles, Gand et Bruges: d\u00e9couvrez nos coups de coeur sur Airbnb ! \u00a0","breadcrumb":{"@id":"https:\/\/www.elle.be\/fr\/131669-airbnb-5-logements-de-reve-en-belgique.html#breadcrumb"},"inLanguage":"fr-FR","potentialAction":[{"@type":"ReadAction","target":["https:\/\/www.elle.be\/fr\/131669-airbnb-5-logements-de-reve-en-belgique.html"]}]},{"@type":"ImageObject","inLanguage":"fr-FR","@id":"https:\/\/www.elle.be\/fr\/131669-airbnb-5-logements-de-reve-en-belgique.html#primaryimage","url":"https:\/\/www.elle.be\/fr\/wp-content\/uploads\/2016\/07\/airbnb-970x508-1.jpg","contentUrl":"https:\/\/www.elle.be\/fr\/wp-content\/uploads\/2016\/07\/airbnb-970x508-1.jpg","width":970,"height":508},{"@type":"BreadcrumbList","@id":"https:\/\/www.elle.be\/fr\/131669-airbnb-5-logements-de-reve-en-belgique.html#breadcrumb","itemListElement":[{"@type":"ListItem","position":1,"name":"FR","item":"https:\/\/www.elle.be\/fr"},{"@type":"ListItem","position":2,"name":"Lifestyle","item":"https:\/\/www.elle.be\/fr\/lifestyle"},{"@type":"ListItem","position":3,"name":"Voyage"}]},{"@type":"WebSite","@id":"https:\/\/www.elle.be\/fr\/#website","url":"https:\/\/www.elle.be\/fr\/","name":"ELLE.be","description":"Toutes les infos mode, beaut\u00e9 et lifestyle les plus pointues ainsi qu&#039;un contenu 100% belge d\u00e9clin\u00e9 \u00e0 360\u00b0sur le site ELLE.be, nos r\u00e9seaux sociaux et notre cha\u00eene Youtube.","publisher":{"@id":"https:\/\/www.elle.be\/fr\/#organization"},"potentialAction":[{"@type":"SearchAction","target":{"@type":"EntryPoint","urlTemplate":"https:\/\/www.elle.be\/fr\/?s={search_term_string}"},"query-input":{"@type":"PropertyValueSpecification","valueRequired":true,"valueName":"search_term_string"}}],"inLanguage":"fr-FR"},{"@type":"Organization","@id":"https:\/\/www.elle.be\/fr\/#organization","name":"ELLE Belgique","url":"https:\/\/www.elle.be\/fr\/","logo":{"@type":"ImageObject","inLanguage":"fr-FR","@id":"https:\/\/www.elle.be\/fr\/#\/schema\/logo\/image\/","url":"https:\/\/www.elle.be\/fr\/wp-content\/uploads\/2017\/03\/elle-icon-200px.jpeg","contentUrl":"https:\/\/www.elle.be\/fr\/wp-content\/uploads\/2017\/03\/elle-icon-200px.jpeg","width":200,"height":200,"caption":"ELLE Belgique"},"image":{"@id":"https:\/\/www.elle.be\/fr\/#\/schema\/logo\/image\/"},"sameAs":["https:\/\/www.facebook.com\/ELLEbelgium\/","https:\/\/x.com\/ELLEBelgique","http:\/\/instagram.com\/ellebelgique\/","https:\/\/www.pinterest.com\/ellebelgique\/","https:\/\/www.youtube.com\/user\/ELLEbelgique1"]},{"@type":"Person","@id":"https:\/\/www.elle.be\/fr\/#\/schema\/person\/aa4e257722b2e3dd300f8fbdb031db01","name":"Marie Gu\u00e9rin","image":{"@type":"ImageObject","inLanguage":"fr-FR","@id":"https:\/\/www.elle.be\/fr\/wp-content\/uploads\/2017\/03\/IMG_4442-96x96.jpg","url":"https:\/\/www.elle.be\/fr\/wp-content\/uploads\/2017\/03\/IMG_4442-96x96.jpg","contentUrl":"https:\/\/www.elle.be\/fr\/wp-content\/uploads\/2017\/03\/IMG_4442-96x96.jpg","caption":"Marie Gu\u00e9rin"},"description":"Obs\u00e9d\u00e9e par les stilettos et tout ce qui facilite la marche \u00e0 pied, cette journaliste sportive (ou pas) sillonne pour vous le monde entier (et la Belgique le reste du temps) \u00e0 la recherche de l'actu mode, beaut\u00e9, lifestyle et de ses meilleurs bons plans.","sameAs":["https:\/\/www.facebook.com\/Marie-Gurin-1721050434849149\/","https:\/\/www.instagram.com\/marie_elle_be\/","https:\/\/x.com\/marie_elle_be"],"url":"https:\/\/www.elle.be\/fr\/author\/marie"}]}},"_links":{"self":[{"href":"https:\/\/www.elle.be\/fr\/wp-json\/wp\/v2\/posts\/131669","targetHints":{"allow":["GET"]}}],"collection":[{"href":"https:\/\/www.elle.be\/fr\/wp-json\/wp\/v2\/posts"}],"about":[{"href":"https:\/\/www.elle.be\/fr\/wp-json\/wp\/v2\/types\/post"}],"author":[{"embeddable":true,"href":"https:\/\/www.elle.be\/fr\/wp-json\/wp\/v2\/users\/3"}],"replies":[{"embeddable":true,"href":"https:\/\/www.elle.be\/fr\/wp-json\/wp\/v2\/comments?post=131669"}],"version-history":[{"count":20,"href":"https:\/\/www.elle.be\/fr\/wp-json\/wp\/v2\/posts\/131669\/revisions"}],"predecessor-version":[{"id":247161,"href":"https:\/\/www.elle.be\/fr\/wp-json\/wp\/v2\/posts\/131669\/revisions\/247161"}],"wp:featuredmedia":[{"embeddable":true,"href":"https:\/\/www.elle.be\/fr\/wp-json\/wp\/v2\/media\/145549"}],"wp:attachment":[{"href":"https:\/\/www.elle.be\/fr\/wp-json\/wp\/v2\/media?parent=131669"}],"wp:term":[{"taxonomy":"category","embeddable":true,"href":"https:\/\/www.elle.be\/fr\/wp-json\/wp\/v2\/categories?post=131669"},{"taxonomy":"post_tag","embeddable":true,"href":"https:\/\/www.elle.be\/fr\/wp-json\/wp\/v2\/tags?post=131669"}],"curies":[{"name":"wp","href":"https:\/\/api.w.org\/{rel}","templated":true}]}}