{"id":120754,"date":"2016-04-04T13:53:08","date_gmt":"2016-04-04T11:53:08","guid":{"rendered":"http:\/\/www.elle.be\/fr\/?p=120754"},"modified":"2018-01-26T16:03:50","modified_gmt":"2018-01-26T15:03:50","slug":"flex-disque-menstruel-a-porter-pendant-lamour","status":"publish","type":"post","link":"https:\/\/www.elle.be\/fr\/120754-flex-disque-menstruel-a-porter-pendant-lamour.html","title":{"rendered":"Flex, le &#8220;disque menstruel&#8221; \u00e0 porter pendant l&#8217;amour"},"content":{"rendered":"","protected":false},"excerpt":{"rendered":"Le sexe pendant les r\u00e8gles, un sujet toujours tabou ? Une compagnie am\u00e9ricaine a cr\u00e9\u00e9 un \u00ab tampon \u00bb \u00e0 utiliser pendant l&#8217;amour afin de ne pas tacher nos\u00a0draps.","protected":false},"author":46,"featured_media":120839,"comment_status":"closed","ping_status":"closed","sticky":false,"template":"","format":"standard","meta":{"_acf_changed":false,"footnotes":""},"categories":[2191,1453],"tags":[34],"class_list":["post-120754","post","type-post","status-publish","format-standard","has-post-thumbnail","hentry","category-lifestyle","category-sexe","tag-sexe"],"acf":[],"image_verticale":null,"_yoast_wpseo_title":null,"_yoast_wpseo_metadesc":null,"_yoast_wpseo_focuskw_text_input":"Flex","_yoast_wpseo_opengraph-title":null,"yoast_head":"<!-- This site is optimized with the Yoast SEO plugin v27.4 - https:\/\/yoast.com\/product\/yoast-seo-wordpress\/ -->\n<title>Flex, le &quot;disque menstruel&quot; \u00e0 porter pendant l&#039;amour - ELLE.be<\/title>\n<meta name=\"description\" content=\"Le sexe pendant les r\u00e8gles, un sujet toujours tabou ? Une compagnie am\u00e9ricaine a cr\u00e9\u00e9 un \u00ab tampon \u00bb \u00e0 utiliser pendant l&#039;amour afin de ne pas tacher\" \/>\n<meta name=\"robots\" content=\"index, follow, max-snippet:-1, max-image-preview:large, max-video-preview:-1\" \/>\n<link rel=\"canonical\" href=\"https:\/\/www.elle.be\/fr\/120754-flex-disque-menstruel-a-porter-pendant-lamour.html\" \/>\n<meta property=\"og:locale\" content=\"fr_FR\" \/>\n<meta property=\"og:type\" content=\"article\" \/>\n<meta property=\"og:title\" content=\"Flex, le &quot;disque menstruel&quot; \u00e0 porter pendant l&#039;amour - ELLE.be\" \/>\n<meta property=\"og:description\" content=\"Le sexe pendant les r\u00e8gles, un sujet toujours tabou ? Une compagnie am\u00e9ricaine a cr\u00e9\u00e9 un \u00ab tampon \u00bb \u00e0 utiliser pendant l&#039;amour afin de ne pas tacher\" \/>\n<meta property=\"og:url\" content=\"https:\/\/www.elle.be\/fr\/120754-flex-disque-menstruel-a-porter-pendant-lamour.html\" \/>\n<meta property=\"og:site_name\" content=\"ELLE.be\" \/>\n<meta property=\"article:publisher\" content=\"https:\/\/www.facebook.com\/ELLEbelgium\/\" \/>\n<meta property=\"article:published_time\" content=\"2016-04-04T11:53:08+00:00\" \/>\n<meta property=\"article:modified_time\" content=\"2018-01-26T15:03:50+00:00\" \/>\n<meta property=\"og:image\" content=\"https:\/\/www.elle.be\/fr\/wp-content\/uploads\/2016\/04\/flex.jpg\" \/>\n\t<meta property=\"og:image:width\" content=\"1200\" \/>\n\t<meta property=\"og:image:height\" content=\"628\" \/>\n\t<meta property=\"og:image:type\" content=\"image\/jpeg\" \/>\n<meta name=\"author\" content=\"Laurence Donis\" \/>\n<meta name=\"twitter:card\" content=\"summary_large_image\" \/>\n<meta name=\"twitter:creator\" content=\"@DonisLaurence\" \/>\n<meta name=\"twitter:site\" content=\"@ELLEBelgique\" \/>\n<meta name=\"twitter:label1\" content=\"\u00c9crit par\" \/>\n\t<meta name=\"twitter:data1\" content=\"Laurence Donis\" \/>\n\t<meta name=\"twitter:label2\" content=\"Dur\u00e9e de lecture estim\u00e9e\" \/>\n\t<meta name=\"twitter:data2\" content=\"2 minutes\" \/>\n<script type=\"application\/ld+json\" class=\"yoast-schema-graph\">{\"@context\":\"https:\\\/\\\/schema.org\",\"@graph\":[{\"@type\":\"NewsArticle\",\"@id\":\"https:\\\/\\\/www.elle.be\\\/fr\\\/120754-flex-disque-menstruel-a-porter-pendant-lamour.html#article\",\"isPartOf\":{\"@id\":\"https:\\\/\\\/www.elle.be\\\/fr\\\/120754-flex-disque-menstruel-a-porter-pendant-lamour.html\"},\"author\":{\"name\":\"Laurence Donis\",\"@id\":\"https:\\\/\\\/www.elle.be\\\/fr\\\/#\\\/schema\\\/person\\\/517177ad0a70e8c475948fa3169deacd\"},\"headline\":\"Flex, le &#8220;disque menstruel&#8221; \u00e0 porter pendant l&#8217;amour\",\"datePublished\":\"2016-04-04T11:53:08+00:00\",\"dateModified\":\"2018-01-26T15:03:50+00:00\",\"mainEntityOfPage\":{\"@id\":\"https:\\\/\\\/www.elle.be\\\/fr\\\/120754-flex-disque-menstruel-a-porter-pendant-lamour.html\"},\"wordCount\":335,\"publisher\":{\"@id\":\"https:\\\/\\\/www.elle.be\\\/fr\\\/#organization\"},\"image\":{\"@id\":\"https:\\\/\\\/www.elle.be\\\/fr\\\/120754-flex-disque-menstruel-a-porter-pendant-lamour.html#primaryimage\"},\"thumbnailUrl\":\"https:\\\/\\\/www.elle.be\\\/fr\\\/wp-content\\\/uploads\\\/2016\\\/04\\\/flex.jpg\",\"keywords\":[\"sexe\"],\"articleSection\":[\"Lifestyle\",\"Psycho sexo\"],\"inLanguage\":\"fr-FR\"},{\"@type\":\"WebPage\",\"@id\":\"https:\\\/\\\/www.elle.be\\\/fr\\\/120754-flex-disque-menstruel-a-porter-pendant-lamour.html\",\"url\":\"https:\\\/\\\/www.elle.be\\\/fr\\\/120754-flex-disque-menstruel-a-porter-pendant-lamour.html\",\"name\":\"Flex, le \\\"disque menstruel\\\" \u00e0 porter pendant l'amour - ELLE.be\",\"isPartOf\":{\"@id\":\"https:\\\/\\\/www.elle.be\\\/fr\\\/#website\"},\"primaryImageOfPage\":{\"@id\":\"https:\\\/\\\/www.elle.be\\\/fr\\\/120754-flex-disque-menstruel-a-porter-pendant-lamour.html#primaryimage\"},\"image\":{\"@id\":\"https:\\\/\\\/www.elle.be\\\/fr\\\/120754-flex-disque-menstruel-a-porter-pendant-lamour.html#primaryimage\"},\"thumbnailUrl\":\"https:\\\/\\\/www.elle.be\\\/fr\\\/wp-content\\\/uploads\\\/2016\\\/04\\\/flex.jpg\",\"datePublished\":\"2016-04-04T11:53:08+00:00\",\"dateModified\":\"2018-01-26T15:03:50+00:00\",\"description\":\"Le sexe pendant les r\u00e8gles, un sujet toujours tabou ? Une compagnie am\u00e9ricaine a cr\u00e9\u00e9 un \u00ab tampon \u00bb \u00e0 utiliser pendant l'amour afin de ne pas tacher\",\"breadcrumb\":{\"@id\":\"https:\\\/\\\/www.elle.be\\\/fr\\\/120754-flex-disque-menstruel-a-porter-pendant-lamour.html#breadcrumb\"},\"inLanguage\":\"fr-FR\",\"potentialAction\":[{\"@type\":\"ReadAction\",\"target\":[\"https:\\\/\\\/www.elle.be\\\/fr\\\/120754-flex-disque-menstruel-a-porter-pendant-lamour.html\"]}]},{\"@type\":\"ImageObject\",\"inLanguage\":\"fr-FR\",\"@id\":\"https:\\\/\\\/www.elle.be\\\/fr\\\/120754-flex-disque-menstruel-a-porter-pendant-lamour.html#primaryimage\",\"url\":\"https:\\\/\\\/www.elle.be\\\/fr\\\/wp-content\\\/uploads\\\/2016\\\/04\\\/flex.jpg\",\"contentUrl\":\"https:\\\/\\\/www.elle.be\\\/fr\\\/wp-content\\\/uploads\\\/2016\\\/04\\\/flex.jpg\",\"width\":1200,\"height\":628,\"caption\":\"Flex\"},{\"@type\":\"BreadcrumbList\",\"@id\":\"https:\\\/\\\/www.elle.be\\\/fr\\\/120754-flex-disque-menstruel-a-porter-pendant-lamour.html#breadcrumb\",\"itemListElement\":[{\"@type\":\"ListItem\",\"position\":1,\"name\":\"FR\",\"item\":\"https:\\\/\\\/www.elle.be\\\/fr\"},{\"@type\":\"ListItem\",\"position\":2,\"name\":\"Lifestyle\",\"item\":\"https:\\\/\\\/www.elle.be\\\/fr\\\/lifestyle\"},{\"@type\":\"ListItem\",\"position\":3,\"name\":\"Psycho sexo\",\"item\":\"https:\\\/\\\/www.elle.be\\\/fr\\\/lifestyle\\\/sexe\"},{\"@type\":\"ListItem\",\"position\":4,\"name\":\"Flex, le \u00ab\u00a0disque menstruel\u00a0\u00bb \u00e0 porter pendant l&rsquo;amour\"}]},{\"@type\":\"WebSite\",\"@id\":\"https:\\\/\\\/www.elle.be\\\/fr\\\/#website\",\"url\":\"https:\\\/\\\/www.elle.be\\\/fr\\\/\",\"name\":\"ELLE.be\",\"description\":\"Toutes les infos mode, beaut\u00e9 et lifestyle les plus pointues ainsi qu&#039;un contenu 100% belge d\u00e9clin\u00e9 \u00e0 360\u00b0sur le site ELLE.be, nos r\u00e9seaux sociaux et notre cha\u00eene Youtube.\",\"publisher\":{\"@id\":\"https:\\\/\\\/www.elle.be\\\/fr\\\/#organization\"},\"potentialAction\":[{\"@type\":\"SearchAction\",\"target\":{\"@type\":\"EntryPoint\",\"urlTemplate\":\"https:\\\/\\\/www.elle.be\\\/fr\\\/?s={search_term_string}\"},\"query-input\":{\"@type\":\"PropertyValueSpecification\",\"valueRequired\":true,\"valueName\":\"search_term_string\"}}],\"inLanguage\":\"fr-FR\"},{\"@type\":\"Organization\",\"@id\":\"https:\\\/\\\/www.elle.be\\\/fr\\\/#organization\",\"name\":\"ELLE Belgique\",\"url\":\"https:\\\/\\\/www.elle.be\\\/fr\\\/\",\"logo\":{\"@type\":\"ImageObject\",\"inLanguage\":\"fr-FR\",\"@id\":\"https:\\\/\\\/www.elle.be\\\/fr\\\/#\\\/schema\\\/logo\\\/image\\\/\",\"url\":\"https:\\\/\\\/www.elle.be\\\/fr\\\/wp-content\\\/uploads\\\/2017\\\/03\\\/elle-icon-200px.jpeg\",\"contentUrl\":\"https:\\\/\\\/www.elle.be\\\/fr\\\/wp-content\\\/uploads\\\/2017\\\/03\\\/elle-icon-200px.jpeg\",\"width\":200,\"height\":200,\"caption\":\"ELLE Belgique\"},\"image\":{\"@id\":\"https:\\\/\\\/www.elle.be\\\/fr\\\/#\\\/schema\\\/logo\\\/image\\\/\"},\"sameAs\":[\"https:\\\/\\\/www.facebook.com\\\/ELLEbelgium\\\/\",\"https:\\\/\\\/x.com\\\/ELLEBelgique\",\"http:\\\/\\\/instagram.com\\\/ellebelgique\\\/\",\"https:\\\/\\\/www.pinterest.com\\\/ellebelgique\\\/\",\"https:\\\/\\\/www.youtube.com\\\/user\\\/ELLEbelgique1\"]},{\"@type\":\"Person\",\"@id\":\"https:\\\/\\\/www.elle.be\\\/fr\\\/#\\\/schema\\\/person\\\/517177ad0a70e8c475948fa3169deacd\",\"name\":\"Laurence Donis\",\"image\":{\"@type\":\"ImageObject\",\"inLanguage\":\"fr-FR\",\"@id\":\"https:\\\/\\\/www.elle.be\\\/fr\\\/wp-content\\\/uploads\\\/2017\\\/03\\\/moii-96x96.jpg\",\"url\":\"https:\\\/\\\/www.elle.be\\\/fr\\\/wp-content\\\/uploads\\\/2017\\\/03\\\/moii-96x96.jpg\",\"contentUrl\":\"https:\\\/\\\/www.elle.be\\\/fr\\\/wp-content\\\/uploads\\\/2017\\\/03\\\/moii-96x96.jpg\",\"caption\":\"Laurence Donis\"},\"description\":\"Convaincue que le f\u00e9minisme n'est pas un gros mot (ou un combat d\u00e9pass\u00e9) mais que l'on peut aussi en parler d'une mani\u00e8re moderne, fun et d\u00e9cal\u00e9e. Gourmande inv\u00e9t\u00e9r\u00e9e, elle reste aussi \u00e0 l'aff\u00fbt des bons plans food toute l'ann\u00e9e.\",\"sameAs\":[\"https:\\\/\\\/www.instagram.com\\\/laurence.donis\\\/\",\"https:\\\/\\\/x.com\\\/DonisLaurence\"],\"url\":\"https:\\\/\\\/www.elle.be\\\/fr\\\/author\\\/laurenced\"}]}<\/script>\n<!-- \/ Yoast SEO plugin. -->","yoast_head_json":{"title":"Flex, le \"disque menstruel\" \u00e0 porter pendant l'amour - ELLE.be","description":"Le sexe pendant les r\u00e8gles, un sujet toujours tabou ? Une compagnie am\u00e9ricaine a cr\u00e9\u00e9 un \u00ab tampon \u00bb \u00e0 utiliser pendant l'amour afin de ne pas tacher","robots":{"index":"index","follow":"follow","max-snippet":"max-snippet:-1","max-image-preview":"max-image-preview:large","max-video-preview":"max-video-preview:-1"},"canonical":"https:\/\/www.elle.be\/fr\/120754-flex-disque-menstruel-a-porter-pendant-lamour.html","og_locale":"fr_FR","og_type":"article","og_title":"Flex, le \"disque menstruel\" \u00e0 porter pendant l'amour - ELLE.be","og_description":"Le sexe pendant les r\u00e8gles, un sujet toujours tabou ? Une compagnie am\u00e9ricaine a cr\u00e9\u00e9 un \u00ab tampon \u00bb \u00e0 utiliser pendant l'amour afin de ne pas tacher","og_url":"https:\/\/www.elle.be\/fr\/120754-flex-disque-menstruel-a-porter-pendant-lamour.html","og_site_name":"ELLE.be","article_publisher":"https:\/\/www.facebook.com\/ELLEbelgium\/","article_published_time":"2016-04-04T11:53:08+00:00","article_modified_time":"2018-01-26T15:03:50+00:00","og_image":[{"width":1200,"height":628,"url":"https:\/\/www.elle.be\/fr\/wp-content\/uploads\/2016\/04\/flex.jpg","type":"image\/jpeg"}],"author":"Laurence Donis","twitter_card":"summary_large_image","twitter_creator":"@DonisLaurence","twitter_site":"@ELLEBelgique","twitter_misc":{"\u00c9crit par":"Laurence Donis","Dur\u00e9e de lecture estim\u00e9e":"2 minutes"},"schema":{"@context":"https:\/\/schema.org","@graph":[{"@type":"NewsArticle","@id":"https:\/\/www.elle.be\/fr\/120754-flex-disque-menstruel-a-porter-pendant-lamour.html#article","isPartOf":{"@id":"https:\/\/www.elle.be\/fr\/120754-flex-disque-menstruel-a-porter-pendant-lamour.html"},"author":{"name":"Laurence Donis","@id":"https:\/\/www.elle.be\/fr\/#\/schema\/person\/517177ad0a70e8c475948fa3169deacd"},"headline":"Flex, le &#8220;disque menstruel&#8221; \u00e0 porter pendant l&#8217;amour","datePublished":"2016-04-04T11:53:08+00:00","dateModified":"2018-01-26T15:03:50+00:00","mainEntityOfPage":{"@id":"https:\/\/www.elle.be\/fr\/120754-flex-disque-menstruel-a-porter-pendant-lamour.html"},"wordCount":335,"publisher":{"@id":"https:\/\/www.elle.be\/fr\/#organization"},"image":{"@id":"https:\/\/www.elle.be\/fr\/120754-flex-disque-menstruel-a-porter-pendant-lamour.html#primaryimage"},"thumbnailUrl":"https:\/\/www.elle.be\/fr\/wp-content\/uploads\/2016\/04\/flex.jpg","keywords":["sexe"],"articleSection":["Lifestyle","Psycho sexo"],"inLanguage":"fr-FR"},{"@type":"WebPage","@id":"https:\/\/www.elle.be\/fr\/120754-flex-disque-menstruel-a-porter-pendant-lamour.html","url":"https:\/\/www.elle.be\/fr\/120754-flex-disque-menstruel-a-porter-pendant-lamour.html","name":"Flex, le \"disque menstruel\" \u00e0 porter pendant l'amour - ELLE.be","isPartOf":{"@id":"https:\/\/www.elle.be\/fr\/#website"},"primaryImageOfPage":{"@id":"https:\/\/www.elle.be\/fr\/120754-flex-disque-menstruel-a-porter-pendant-lamour.html#primaryimage"},"image":{"@id":"https:\/\/www.elle.be\/fr\/120754-flex-disque-menstruel-a-porter-pendant-lamour.html#primaryimage"},"thumbnailUrl":"https:\/\/www.elle.be\/fr\/wp-content\/uploads\/2016\/04\/flex.jpg","datePublished":"2016-04-04T11:53:08+00:00","dateModified":"2018-01-26T15:03:50+00:00","description":"Le sexe pendant les r\u00e8gles, un sujet toujours tabou ? Une compagnie am\u00e9ricaine a cr\u00e9\u00e9 un \u00ab tampon \u00bb \u00e0 utiliser pendant l'amour afin de ne pas tacher","breadcrumb":{"@id":"https:\/\/www.elle.be\/fr\/120754-flex-disque-menstruel-a-porter-pendant-lamour.html#breadcrumb"},"inLanguage":"fr-FR","potentialAction":[{"@type":"ReadAction","target":["https:\/\/www.elle.be\/fr\/120754-flex-disque-menstruel-a-porter-pendant-lamour.html"]}]},{"@type":"ImageObject","inLanguage":"fr-FR","@id":"https:\/\/www.elle.be\/fr\/120754-flex-disque-menstruel-a-porter-pendant-lamour.html#primaryimage","url":"https:\/\/www.elle.be\/fr\/wp-content\/uploads\/2016\/04\/flex.jpg","contentUrl":"https:\/\/www.elle.be\/fr\/wp-content\/uploads\/2016\/04\/flex.jpg","width":1200,"height":628,"caption":"Flex"},{"@type":"BreadcrumbList","@id":"https:\/\/www.elle.be\/fr\/120754-flex-disque-menstruel-a-porter-pendant-lamour.html#breadcrumb","itemListElement":[{"@type":"ListItem","position":1,"name":"FR","item":"https:\/\/www.elle.be\/fr"},{"@type":"ListItem","position":2,"name":"Lifestyle","item":"https:\/\/www.elle.be\/fr\/lifestyle"},{"@type":"ListItem","position":3,"name":"Psycho sexo","item":"https:\/\/www.elle.be\/fr\/lifestyle\/sexe"},{"@type":"ListItem","position":4,"name":"Flex, le \u00ab\u00a0disque menstruel\u00a0\u00bb \u00e0 porter pendant l&rsquo;amour"}]},{"@type":"WebSite","@id":"https:\/\/www.elle.be\/fr\/#website","url":"https:\/\/www.elle.be\/fr\/","name":"ELLE.be","description":"Toutes les infos mode, beaut\u00e9 et lifestyle les plus pointues ainsi qu&#039;un contenu 100% belge d\u00e9clin\u00e9 \u00e0 360\u00b0sur le site ELLE.be, nos r\u00e9seaux sociaux et notre cha\u00eene Youtube.","publisher":{"@id":"https:\/\/www.elle.be\/fr\/#organization"},"potentialAction":[{"@type":"SearchAction","target":{"@type":"EntryPoint","urlTemplate":"https:\/\/www.elle.be\/fr\/?s={search_term_string}"},"query-input":{"@type":"PropertyValueSpecification","valueRequired":true,"valueName":"search_term_string"}}],"inLanguage":"fr-FR"},{"@type":"Organization","@id":"https:\/\/www.elle.be\/fr\/#organization","name":"ELLE Belgique","url":"https:\/\/www.elle.be\/fr\/","logo":{"@type":"ImageObject","inLanguage":"fr-FR","@id":"https:\/\/www.elle.be\/fr\/#\/schema\/logo\/image\/","url":"https:\/\/www.elle.be\/fr\/wp-content\/uploads\/2017\/03\/elle-icon-200px.jpeg","contentUrl":"https:\/\/www.elle.be\/fr\/wp-content\/uploads\/2017\/03\/elle-icon-200px.jpeg","width":200,"height":200,"caption":"ELLE Belgique"},"image":{"@id":"https:\/\/www.elle.be\/fr\/#\/schema\/logo\/image\/"},"sameAs":["https:\/\/www.facebook.com\/ELLEbelgium\/","https:\/\/x.com\/ELLEBelgique","http:\/\/instagram.com\/ellebelgique\/","https:\/\/www.pinterest.com\/ellebelgique\/","https:\/\/www.youtube.com\/user\/ELLEbelgique1"]},{"@type":"Person","@id":"https:\/\/www.elle.be\/fr\/#\/schema\/person\/517177ad0a70e8c475948fa3169deacd","name":"Laurence Donis","image":{"@type":"ImageObject","inLanguage":"fr-FR","@id":"https:\/\/www.elle.be\/fr\/wp-content\/uploads\/2017\/03\/moii-96x96.jpg","url":"https:\/\/www.elle.be\/fr\/wp-content\/uploads\/2017\/03\/moii-96x96.jpg","contentUrl":"https:\/\/www.elle.be\/fr\/wp-content\/uploads\/2017\/03\/moii-96x96.jpg","caption":"Laurence Donis"},"description":"Convaincue que le f\u00e9minisme n'est pas un gros mot (ou un combat d\u00e9pass\u00e9) mais que l'on peut aussi en parler d'une mani\u00e8re moderne, fun et d\u00e9cal\u00e9e. Gourmande inv\u00e9t\u00e9r\u00e9e, elle reste aussi \u00e0 l'aff\u00fbt des bons plans food toute l'ann\u00e9e.","sameAs":["https:\/\/www.instagram.com\/laurence.donis\/","https:\/\/x.com\/DonisLaurence"],"url":"https:\/\/www.elle.be\/fr\/author\/laurenced"}]}},"_links":{"self":[{"href":"https:\/\/www.elle.be\/fr\/wp-json\/wp\/v2\/posts\/120754","targetHints":{"allow":["GET"]}}],"collection":[{"href":"https:\/\/www.elle.be\/fr\/wp-json\/wp\/v2\/posts"}],"about":[{"href":"https:\/\/www.elle.be\/fr\/wp-json\/wp\/v2\/types\/post"}],"author":[{"embeddable":true,"href":"https:\/\/www.elle.be\/fr\/wp-json\/wp\/v2\/users\/46"}],"replies":[{"embeddable":true,"href":"https:\/\/www.elle.be\/fr\/wp-json\/wp\/v2\/comments?post=120754"}],"version-history":[{"count":12,"href":"https:\/\/www.elle.be\/fr\/wp-json\/wp\/v2\/posts\/120754\/revisions"}],"predecessor-version":[{"id":120851,"href":"https:\/\/www.elle.be\/fr\/wp-json\/wp\/v2\/posts\/120754\/revisions\/120851"}],"wp:featuredmedia":[{"embeddable":true,"href":"https:\/\/www.elle.be\/fr\/wp-json\/wp\/v2\/media\/120839"}],"wp:attachment":[{"href":"https:\/\/www.elle.be\/fr\/wp-json\/wp\/v2\/media?parent=120754"}],"wp:term":[{"taxonomy":"category","embeddable":true,"href":"https:\/\/www.elle.be\/fr\/wp-json\/wp\/v2\/categories?post=120754"},{"taxonomy":"post_tag","embeddable":true,"href":"https:\/\/www.elle.be\/fr\/wp-json\/wp\/v2\/tags?post=120754"}],"curies":[{"name":"wp","href":"https:\/\/api.w.org\/{rel}","templated":true}]}}