{"id":2916,"count":627,"description":"<p style=\"text-align: left\">Envie de savoir tout ce qui se passe sur la plan\u00e8te food\u00a0? Les nouveaux produits \u00e0 d\u00e9couvrir et \u00e0 tester au plus vite, l\u2019actualit\u00e9 et les derni\u00e8res cr\u00e9ations de nos chefs belges, les nouvelles tendances rep\u00e9r\u00e9es sur les r\u00e9seaux sociaux et bien d\u2019autres actualit\u00e9s\u2026<\/p>","link":"https:\/\/www.elle.be\/fr\/elle-a-table\/news-food","name":"News Food","slug":"news-food","taxonomy":"category","parent":1451,"meta":[],"acf":[],"yoast_head":"<!-- This site is optimized with the Yoast SEO plugin v27.4 - https:\/\/yoast.com\/product\/yoast-seo-wordpress\/ -->\n<title>ACTU : nouveaut\u00e9s culinaires et chefs belges \u00e0 suivre<\/title>\n<meta name=\"description\" content=\"Envie de savoir tout ce qui se passe sur la plan\u00e8te food\u00a0? Les nouveaux produits \u00e0 d\u00e9couvrir et \u00e0 tester au plus vite, l\u2019actualit\u00e9 et les derni\u00e8res cr\u00e9ations de nos chefs belges, les nouvelles tendances rep\u00e9r\u00e9es sur les r\u00e9seaux sociaux et bien d\u2019autres actualit\u00e9s\u2026\" \/>\n<meta name=\"robots\" content=\"index, follow, max-snippet:-1, max-image-preview:large, max-video-preview:-1\" \/>\n<link rel=\"canonical\" href=\"https:\/\/www.elle.be\/fr\/elle-a-table\/news-food\" \/>\n<meta property=\"og:locale\" content=\"fr_FR\" \/>\n<meta property=\"og:type\" content=\"article\" \/>\n<meta property=\"og:title\" content=\"ACTU : nouveaut\u00e9s culinaires et chefs belges \u00e0 suivre\" \/>\n<meta property=\"og:description\" content=\"Envie de savoir tout ce qui se passe sur la plan\u00e8te food\u00a0? Les nouveaux produits \u00e0 d\u00e9couvrir et \u00e0 tester au plus vite, l\u2019actualit\u00e9 et les derni\u00e8res cr\u00e9ations de nos chefs belges, les nouvelles tendances rep\u00e9r\u00e9es sur les r\u00e9seaux sociaux et bien d\u2019autres actualit\u00e9s\u2026\" \/>\n<meta property=\"og:url\" content=\"https:\/\/www.elle.be\/fr\/elle-a-table\/news-food\" \/>\n<meta property=\"og:site_name\" content=\"ELLE.be\" \/>\n<meta property=\"og:image\" content=\"https:\/\/www.elle.be\/fr\/wp-content\/uploads\/2024\/12\/banner-elle-1.png\" \/>\n\t<meta property=\"og:image:width\" content=\"1200\" \/>\n\t<meta property=\"og:image:height\" content=\"675\" \/>\n\t<meta property=\"og:image:type\" content=\"image\/png\" \/>\n<meta name=\"twitter:card\" content=\"summary_large_image\" \/>\n<meta name=\"twitter:site\" content=\"@ELLEBelgique\" \/>\n<script type=\"application\/ld+json\" class=\"yoast-schema-graph\">{\"@context\":\"https:\\\/\\\/schema.org\",\"@graph\":[{\"@type\":\"CollectionPage\",\"@id\":\"https:\\\/\\\/www.elle.be\\\/fr\\\/elle-a-table\\\/news-food\",\"url\":\"https:\\\/\\\/www.elle.be\\\/fr\\\/elle-a-table\\\/news-food\",\"name\":\"ACTU : nouveaut\u00e9s culinaires et chefs belges \u00e0 suivre\",\"isPartOf\":{\"@id\":\"https:\\\/\\\/www.elle.be\\\/fr\\\/#website\"},\"description\":\"Envie de savoir tout ce qui se passe sur la plan\u00e8te food\u00a0? Les nouveaux produits \u00e0 d\u00e9couvrir et \u00e0 tester au plus vite, l\u2019actualit\u00e9 et les derni\u00e8res cr\u00e9ations de nos chefs belges, les nouvelles tendances rep\u00e9r\u00e9es sur les r\u00e9seaux sociaux et bien d\u2019autres actualit\u00e9s\u2026\",\"breadcrumb\":{\"@id\":\"https:\\\/\\\/www.elle.be\\\/fr\\\/elle-a-table\\\/news-food#breadcrumb\"},\"inLanguage\":\"fr-FR\"},{\"@type\":\"BreadcrumbList\",\"@id\":\"https:\\\/\\\/www.elle.be\\\/fr\\\/elle-a-table\\\/news-food#breadcrumb\",\"itemListElement\":[{\"@type\":\"ListItem\",\"position\":1,\"name\":\"FR\",\"item\":\"https:\\\/\\\/www.elle.be\\\/fr\"},{\"@type\":\"ListItem\",\"position\":2,\"name\":\"ELLE \u00e0 Table\",\"item\":\"https:\\\/\\\/www.elle.be\\\/fr\\\/elle-a-table\"},{\"@type\":\"ListItem\",\"position\":3,\"name\":\"News Food\"}]},{\"@type\":\"WebSite\",\"@id\":\"https:\\\/\\\/www.elle.be\\\/fr\\\/#website\",\"url\":\"https:\\\/\\\/www.elle.be\\\/fr\\\/\",\"name\":\"ELLE.be\",\"description\":\"Toutes les infos mode, beaut\u00e9 et lifestyle les plus pointues ainsi qu&#039;un contenu 100% belge d\u00e9clin\u00e9 \u00e0 360\u00b0sur le site ELLE.be, nos r\u00e9seaux sociaux et notre cha\u00eene Youtube.\",\"publisher\":{\"@id\":\"https:\\\/\\\/www.elle.be\\\/fr\\\/#organization\"},\"potentialAction\":[{\"@type\":\"SearchAction\",\"target\":{\"@type\":\"EntryPoint\",\"urlTemplate\":\"https:\\\/\\\/www.elle.be\\\/fr\\\/?s={search_term_string}\"},\"query-input\":{\"@type\":\"PropertyValueSpecification\",\"valueRequired\":true,\"valueName\":\"search_term_string\"}}],\"inLanguage\":\"fr-FR\"},{\"@type\":\"Organization\",\"@id\":\"https:\\\/\\\/www.elle.be\\\/fr\\\/#organization\",\"name\":\"ELLE Belgique\",\"url\":\"https:\\\/\\\/www.elle.be\\\/fr\\\/\",\"logo\":{\"@type\":\"ImageObject\",\"inLanguage\":\"fr-FR\",\"@id\":\"https:\\\/\\\/www.elle.be\\\/fr\\\/#\\\/schema\\\/logo\\\/image\\\/\",\"url\":\"https:\\\/\\\/www.elle.be\\\/fr\\\/wp-content\\\/uploads\\\/2017\\\/03\\\/elle-icon-200px.jpeg\",\"contentUrl\":\"https:\\\/\\\/www.elle.be\\\/fr\\\/wp-content\\\/uploads\\\/2017\\\/03\\\/elle-icon-200px.jpeg\",\"width\":200,\"height\":200,\"caption\":\"ELLE Belgique\"},\"image\":{\"@id\":\"https:\\\/\\\/www.elle.be\\\/fr\\\/#\\\/schema\\\/logo\\\/image\\\/\"},\"sameAs\":[\"https:\\\/\\\/www.facebook.com\\\/ELLEbelgium\\\/\",\"https:\\\/\\\/x.com\\\/ELLEBelgique\",\"http:\\\/\\\/instagram.com\\\/ellebelgique\\\/\",\"https:\\\/\\\/www.pinterest.com\\\/ellebelgique\\\/\",\"https:\\\/\\\/www.youtube.com\\\/user\\\/ELLEbelgique1\"]}]}<\/script>\n<!-- \/ Yoast SEO plugin. -->","yoast_head_json":{"title":"ACTU : nouveaut\u00e9s culinaires et chefs belges \u00e0 suivre","description":"Envie de savoir tout ce qui se passe sur la plan\u00e8te food\u00a0? Les nouveaux produits \u00e0 d\u00e9couvrir et \u00e0 tester au plus vite, l\u2019actualit\u00e9 et les derni\u00e8res cr\u00e9ations de nos chefs belges, les nouvelles tendances rep\u00e9r\u00e9es sur les r\u00e9seaux sociaux et bien d\u2019autres actualit\u00e9s\u2026","robots":{"index":"index","follow":"follow","max-snippet":"max-snippet:-1","max-image-preview":"max-image-preview:large","max-video-preview":"max-video-preview:-1"},"canonical":"https:\/\/www.elle.be\/fr\/elle-a-table\/news-food","og_locale":"fr_FR","og_type":"article","og_title":"ACTU : nouveaut\u00e9s culinaires et chefs belges \u00e0 suivre","og_description":"Envie de savoir tout ce qui se passe sur la plan\u00e8te food\u00a0? Les nouveaux produits \u00e0 d\u00e9couvrir et \u00e0 tester au plus vite, l\u2019actualit\u00e9 et les derni\u00e8res cr\u00e9ations de nos chefs belges, les nouvelles tendances rep\u00e9r\u00e9es sur les r\u00e9seaux sociaux et bien d\u2019autres actualit\u00e9s\u2026","og_url":"https:\/\/www.elle.be\/fr\/elle-a-table\/news-food","og_site_name":"ELLE.be","og_image":[{"width":1200,"height":675,"url":"https:\/\/www.elle.be\/fr\/wp-content\/uploads\/2024\/12\/banner-elle-1.png","type":"image\/png"}],"twitter_card":"summary_large_image","twitter_site":"@ELLEBelgique","schema":{"@context":"https:\/\/schema.org","@graph":[{"@type":"CollectionPage","@id":"https:\/\/www.elle.be\/fr\/elle-a-table\/news-food","url":"https:\/\/www.elle.be\/fr\/elle-a-table\/news-food","name":"ACTU : nouveaut\u00e9s culinaires et chefs belges \u00e0 suivre","isPartOf":{"@id":"https:\/\/www.elle.be\/fr\/#website"},"description":"Envie de savoir tout ce qui se passe sur la plan\u00e8te food\u00a0? Les nouveaux produits \u00e0 d\u00e9couvrir et \u00e0 tester au plus vite, l\u2019actualit\u00e9 et les derni\u00e8res cr\u00e9ations de nos chefs belges, les nouvelles tendances rep\u00e9r\u00e9es sur les r\u00e9seaux sociaux et bien d\u2019autres actualit\u00e9s\u2026","breadcrumb":{"@id":"https:\/\/www.elle.be\/fr\/elle-a-table\/news-food#breadcrumb"},"inLanguage":"fr-FR"},{"@type":"BreadcrumbList","@id":"https:\/\/www.elle.be\/fr\/elle-a-table\/news-food#breadcrumb","itemListElement":[{"@type":"ListItem","position":1,"name":"FR","item":"https:\/\/www.elle.be\/fr"},{"@type":"ListItem","position":2,"name":"ELLE \u00e0 Table","item":"https:\/\/www.elle.be\/fr\/elle-a-table"},{"@type":"ListItem","position":3,"name":"News Food"}]},{"@type":"WebSite","@id":"https:\/\/www.elle.be\/fr\/#website","url":"https:\/\/www.elle.be\/fr\/","name":"ELLE.be","description":"Toutes les infos mode, beaut\u00e9 et lifestyle les plus pointues ainsi qu&#039;un contenu 100% belge d\u00e9clin\u00e9 \u00e0 360\u00b0sur le site ELLE.be, nos r\u00e9seaux sociaux et notre cha\u00eene Youtube.","publisher":{"@id":"https:\/\/www.elle.be\/fr\/#organization"},"potentialAction":[{"@type":"SearchAction","target":{"@type":"EntryPoint","urlTemplate":"https:\/\/www.elle.be\/fr\/?s={search_term_string}"},"query-input":{"@type":"PropertyValueSpecification","valueRequired":true,"valueName":"search_term_string"}}],"inLanguage":"fr-FR"},{"@type":"Organization","@id":"https:\/\/www.elle.be\/fr\/#organization","name":"ELLE Belgique","url":"https:\/\/www.elle.be\/fr\/","logo":{"@type":"ImageObject","inLanguage":"fr-FR","@id":"https:\/\/www.elle.be\/fr\/#\/schema\/logo\/image\/","url":"https:\/\/www.elle.be\/fr\/wp-content\/uploads\/2017\/03\/elle-icon-200px.jpeg","contentUrl":"https:\/\/www.elle.be\/fr\/wp-content\/uploads\/2017\/03\/elle-icon-200px.jpeg","width":200,"height":200,"caption":"ELLE Belgique"},"image":{"@id":"https:\/\/www.elle.be\/fr\/#\/schema\/logo\/image\/"},"sameAs":["https:\/\/www.facebook.com\/ELLEbelgium\/","https:\/\/x.com\/ELLEBelgique","http:\/\/instagram.com\/ellebelgique\/","https:\/\/www.pinterest.com\/ellebelgique\/","https:\/\/www.youtube.com\/user\/ELLEbelgique1"]}]}},"_links":{"self":[{"href":"https:\/\/www.elle.be\/fr\/wp-json\/wp\/v2\/categories\/2916","targetHints":{"allow":["GET"]}}],"collection":[{"href":"https:\/\/www.elle.be\/fr\/wp-json\/wp\/v2\/categories"}],"about":[{"href":"https:\/\/www.elle.be\/fr\/wp-json\/wp\/v2\/taxonomies\/category"}],"up":[{"embeddable":true,"href":"https:\/\/www.elle.be\/fr\/wp-json\/wp\/v2\/categories\/1451"}],"wp:post_type":[{"href":"https:\/\/www.elle.be\/fr\/wp-json\/wp\/v2\/posts?categories=2916"}],"curies":[{"name":"wp","href":"https:\/\/api.w.org\/{rel}","templated":true}]}}